{"id":128871,"date":"2026-09-06T02:34:40","date_gmt":"2026-09-06T05:34:40","guid":{"rendered":"https:\/\/laurbedigital.com.ar\/noticias\/?p=128871"},"modified":"2026-09-06T02:34:40","modified_gmt":"2026-09-06T05:34:40","slug":"entregaron-certificados-de-cursos-y-talleres-de-la-granja-educativa-municipal-de-alte-brown","status":"publish","type":"post","link":"https:\/\/laurbedigital.com.ar\/noticias\/2026\/09\/06\/entregaron-certificados-de-cursos-y-talleres-de-la-granja-educativa-municipal-de-alte-brown\/","title":{"rendered":"Entregaron certificados de cursos y talleres de la Granja Educativa Municipal de Alte Brown"},"content":{"rendered":"<p>Los trayectos formativos se desarrollaron entre el 7 de marzo y el 4 de julio, en el marco de la propuesta impulsada por el \u00c1rea de Formaci\u00f3n de la Granja Educativa Municipal. Durante el encuentro se reconoci\u00f3 a quienes completaron las distintas instancias de capacitaci\u00f3n, destacando su compromiso y participaci\u00f3n.<\/p>\n<p>En esta primera etapa se dictaron siete propuestas formativas: Huerta Agroecol\u00f3gica Urbana, que cont\u00f3 con 14 egresados y egresadas; Jardines Aut\u00f3ctonos para Mariposas, con 13; Introducci\u00f3n a la Flora Aut\u00f3ctona, con 13; Usos y Aplicaciones de las Especies Aut\u00f3ctonas al Dise\u00f1o de Biorestauraci\u00f3n, con 5; Producci\u00f3n de Biofertilizantes, con 12; Manejo y Gesti\u00f3n de \u00c1reas Naturales Pristinas, con 15; y Alimentaci\u00f3n Con(s)ciencia: Elaboraci\u00f3n y Producci\u00f3n, con 30 egresados y egresadas.<\/p>\n<p>La jornada tambi\u00e9n permiti\u00f3 presentar el segundo per\u00edodo formativo de 2026, dando continuidad a la propuesta de capacitaci\u00f3n gratuita que se desarrolla en la Granja. En este marco, actualmente son 168 las personas preinscriptas a los nuevos trayectos formativos.<\/p>\n<p>Durante el encuentro inicial se brind\u00f3 informaci\u00f3n sobre las modalidades y din\u00e1micas de cursada, los contenidos generales de las propuestas, las instancias pr\u00e1cticas previstas y la organizaci\u00f3n de los encuentros. Los cursos que se desarrollar\u00e1n son\u00a0\u00a0Huerta Agroecol\u00f3gica Urbana, Jardines Aut\u00f3ctonos para Mariposas, Producci\u00f3n de Biofertilizantes e Introducci\u00f3n a la Apicultura Periurbana.<\/p>\n<p><img loading=\"lazy\" decoding=\"async\" class=\"alignnone size-full wp-image-128872\" src=\"https:\/\/laurbedigital.com.ar\/noticias\/wp-content\/uploads\/2026\/09\/20260906-granja-edecutiva.png\" alt=\"\" width=\"768\" height=\"428\" title=\"\" srcset=\"https:\/\/laurbedigital.com.ar\/noticias\/wp-content\/uploads\/2026\/09\/20260906-granja-edecutiva.png 768w, https:\/\/laurbedigital.com.ar\/noticias\/wp-content\/uploads\/2026\/09\/20260906-granja-edecutiva-300x167.png 300w\" sizes=\"auto, (max-width: 768px) 100vw, 768px\" \/><\/p>\n<p>Cabe destacar que la Granja de Ministro Rivadavia ofrece una variada agenda de cursos y talleres presenciales, te\u00f3rico-pr\u00e1cticos y gratuitos, que se desarrollan en el propio predio y abordan principalmente tem\u00e1ticas vinculadas con la sustentabilidad, la soberan\u00eda alimentaria, la producci\u00f3n y la biodiversidad.<\/p>\n<p>\u00abLas propuestas buscan promover el acceso a espacios de formaci\u00f3n y aprendizaje para vecinos de Almirante Brown, fortaleciendo conocimientos y herramientas vinculadas con el ambiente, la producci\u00f3n sustentable y el cuidado de la biodiversidad\u00bb, indic\u00f3 Mariano Cascallares.<\/p>\n<p>Desde la Comuna indicaron que las preinscripciones se habilitan al inicio de cada ciclo formativo mediante un formulario digital difundido a trav\u00e9s de los canales oficiales. Posteriormente, el proceso se valida mediante una charla introductoria obligatoria en las instalaciones de la Granja, donde los participantes completan la documentaci\u00f3n requerida.<\/p>\n","protected":false},"excerpt":{"rendered":"<p>Los trayectos formativos se desarrollaron entre el 7 de marzo y el 4 de julio, en el marco de la<\/p>\n","protected":false},"author":1,"featured_media":128873,"comment_status":"closed","ping_status":"closed","sticky":false,"template":"","format":"standard","meta":{"kia_subtitle":"El Municipio de Almirante Brown entreg\u00f3 102 certificados a vecinos que finalizaron los cursos y talleres correspondientes al primer per\u00edodo formativo de 2026 de la Granja Educativa Municipal, en una jornada que fue encabezada por el intendente interino Juan Fabiani y la jefa de Gabinete Municipal Paula Eichel.","footnotes":"","jetpack_publicize_message":"","jetpack_publicize_feature_enabled":true,"jetpack_social_post_already_shared":true,"jetpack_social_options":{"image_generator_settings":{"template":"highway","default_image_id":0,"font":"","enabled":false},"version":2},"jetpack_post_was_ever_published":false},"categories":[2,33,250],"tags":[],"class_list":["post-128871","post","type-post","status-publish","format-standard","has-post-thumbnail","hentry","category-alte-brown","category-alte-brown-alte-brown","category-ministro-rivadavia"],"jetpack_publicize_connections":[],"jetpack_featured_media_url":"https:\/\/laurbedigital.com.ar\/noticias\/wp-content\/uploads\/2026\/09\/20260906-granja-edecutiva-certificados.png","_links":{"self":[{"href":"https:\/\/laurbedigital.com.ar\/noticias\/wp-json\/wp\/v2\/posts\/128871","targetHints":{"allow":["GET"]}}],"collection":[{"href":"https:\/\/laurbedigital.com.ar\/noticias\/wp-json\/wp\/v2\/posts"}],"about":[{"href":"https:\/\/laurbedigital.com.ar\/noticias\/wp-json\/wp\/v2\/types\/post"}],"author":[{"embeddable":true,"href":"https:\/\/laurbedigital.com.ar\/noticias\/wp-json\/wp\/v2\/users\/1"}],"replies":[{"embeddable":true,"href":"https:\/\/laurbedigital.com.ar\/noticias\/wp-json\/wp\/v2\/comments?post=128871"}],"version-history":[{"count":2,"href":"https:\/\/laurbedigital.com.ar\/noticias\/wp-json\/wp\/v2\/posts\/128871\/revisions"}],"predecessor-version":[{"id":128875,"href":"https:\/\/laurbedigital.com.ar\/noticias\/wp-json\/wp\/v2\/posts\/128871\/revisions\/128875"}],"wp:featuredmedia":[{"embeddable":true,"href":"https:\/\/laurbedigital.com.ar\/noticias\/wp-json\/wp\/v2\/media\/128873"}],"wp:attachment":[{"href":"https:\/\/laurbedigital.com.ar\/noticias\/wp-json\/wp\/v2\/media?parent=128871"}],"wp:term":[{"taxonomy":"category","embeddable":true,"href":"https:\/\/laurbedigital.com.ar\/noticias\/wp-json\/wp\/v2\/categories?post=128871"},{"taxonomy":"post_tag","embeddable":true,"href":"https:\/\/laurbedigital.com.ar\/noticias\/wp-json\/wp\/v2\/tags?post=128871"}],"curies":[{"name":"wp","href":"https:\/\/api.w.org\/{rel}","templated":true}]}}