{"id":128867,"date":"2026-09-04T13:40:17","date_gmt":"2026-09-04T16:40:17","guid":{"rendered":"https:\/\/laurbedigital.com.ar\/noticias\/?p=128867"},"modified":"2026-09-04T13:40:17","modified_gmt":"2026-09-04T16:40:17","slug":"el-circuito-de-ahorro-brown-vuelve-a-los-barrios-de-alte-brown-durante-septiembre","status":"publish","type":"post","link":"https:\/\/laurbedigital.com.ar\/noticias\/2026\/09\/04\/el-circuito-de-ahorro-brown-vuelve-a-los-barrios-de-alte-brown-durante-septiembre\/","title":{"rendered":"El \u201cCircuito de Ahorro Brown\u201d vuelve a los barrios de Alte Brown durante septiembre"},"content":{"rendered":"<div>\n<p>En este marco, durante todo el mes los vecinos y vecinas podr\u00e1n acceder a frutas, verduras, productos de almac\u00e9n, pescader\u00eda, productos agroecol\u00f3gicos, alimentos elaborados por productores locales y otras opciones de consumo, a trav\u00e9s de los distintos mercados y ferias que recorren las localidades del distrito.<\/p>\n<p><strong><em>\u00abEn Almirante Brown seguimos generando alternativas para acompa\u00f1ar a las familias y cuidar el bolsillo de nuestros vecinos, al mismo tiempo que fortalecemos a nuestros productores y emprendedores locales. El Circuito de Ahorro es una herramienta que permite acercar productos de calidad a precios accesibles y que queremos seguir llevando a cada vez m\u00e1s barrios\u00bb, expres\u00f3 Mariano Cascallares.<\/em><\/strong><\/p>\n<p>En este marco, el Mercado de Cercan\u00eda es una de las opciones en las que durante septiembre se podr\u00e1n adquirir frutas, verduras, productos de almac\u00e9n, pescader\u00eda y otros alimentos, de 9 a 14 horas.<\/p>\n<p><img loading=\"lazy\" decoding=\"async\" class=\"alignnone size-full wp-image-128869\" src=\"https:\/\/laurbedigital.com.ar\/noticias\/wp-content\/uploads\/2026\/09\/20260904-Feria-circuito-productores1.png\" alt=\"\" width=\"768\" height=\"428\" title=\"\" srcset=\"https:\/\/laurbedigital.com.ar\/noticias\/wp-content\/uploads\/2026\/09\/20260904-Feria-circuito-productores1.png 768w, https:\/\/laurbedigital.com.ar\/noticias\/wp-content\/uploads\/2026\/09\/20260904-Feria-circuito-productores1-300x167.png 300w\" sizes=\"auto, (max-width: 768px) 100vw, 768px\" \/><\/p>\n<p>En la Estaci\u00f3n Burzaco, ubicada en Ricardo Rojas y Pellegrini, funcionar\u00e1 los martes 1, 8, 15, 22 y 29 de septiembre. En tanto, en la Estaci\u00f3n Claypole, en avenida 17 de Octubre y Nazca, estar\u00e1 disponible los mi\u00e9rcoles 2, 9, 16, 23 y 30, y los viernes 4, 11, 18 y 25 de septiembre.<\/p>\n<p>Por su parte, el Mercado Multiplicar funcionar\u00e1 los viernes 4, 11, 18 y 25 de septiembre, de 9 a 14 horas, en el Instituto Municipal de Econom\u00eda Social (IMES), ubicado en Cruz del Sur 1271, esquina Uruguay, Burzaco. All\u00ed se ofrecer\u00e1n verduras agroecol\u00f3gicas, frutas de estaci\u00f3n, productos de vivero y productos de productores de Glew. Adem\u00e1s, los vecinos podr\u00e1n acceder a un 40 por ciento de ahorro con Cuenta DNI en las compras que correspondan.<\/p>\n<p><img loading=\"lazy\" decoding=\"async\" class=\"alignnone size-full wp-image-124980\" src=\"https:\/\/laurbedigital.com.ar\/noticias\/wp-content\/uploads\/2026\/03\/20220305-CIRCUITO.png\" alt=\"Circuito de Ahorro Brown\" width=\"768\" height=\"428\" title=\"\" srcset=\"https:\/\/laurbedigital.com.ar\/noticias\/wp-content\/uploads\/2026\/03\/20220305-CIRCUITO.png 768w, https:\/\/laurbedigital.com.ar\/noticias\/wp-content\/uploads\/2026\/03\/20220305-CIRCUITO-300x167.png 300w\" sizes=\"auto, (max-width: 768px) 100vw, 768px\" \/><\/p>\n<p>Asimismo, la Feria de Productores Rurales estar\u00e1 disponible todos los viernes, de 10 a 14 horas, en Plaza Cerretti, con una amplia variedad de frutas, verduras, huevos de campo, quesos, embutidos, dulces y conservas, productos de panader\u00eda y otras elaboraciones.<\/p>\n<p>La propuesta tambi\u00e9n se desarrollar\u00e1 todos los s\u00e1bados, de 10 a 16 horas, en la Granja Educativa Municipal, donde los vecinos podr\u00e1n acercarse a conocer y adquirir productos elaborados y comercializados por productores rurales y emprendedores locales.<\/p>\n<p>Finalmente, los Mercados Bonaerenses estar\u00e1n presentes durante septiembre en la Estaci\u00f3n Longchamps, lado Este, todos los martes y viernes, de 9 a 14 horas. La propuesta incluye productos de campo, panader\u00eda, pescader\u00eda, frutas y verduras, miel, frutos secos, productos de almac\u00e9n y otras alternativas.<\/p>\n<\/div>\n","protected":false},"excerpt":{"rendered":"<p>En este marco, durante todo el mes los vecinos y vecinas podr\u00e1n acceder a frutas, verduras, productos de almac\u00e9n, pescader\u00eda,<\/p>\n","protected":false},"author":1,"featured_media":128868,"comment_status":"closed","ping_status":"closed","sticky":false,"template":"","format":"standard","meta":{"kia_subtitle":"El Municipio de Almirante Brown contin\u00faa impulsando durante septiembre el \"Circuito de Ahorro Brown\", una iniciativa que tiene como objetivo fortalecer la econom\u00eda popular y acompa\u00f1ar a las familias brownianas con distintas alternativas de productos de calidad a precios accesibles.","footnotes":"","jetpack_publicize_message":"","jetpack_publicize_feature_enabled":true,"jetpack_social_post_already_shared":true,"jetpack_social_options":{"image_generator_settings":{"template":"highway","default_image_id":0,"font":"","enabled":false},"version":2},"jetpack_post_was_ever_published":false},"categories":[2,33],"tags":[],"class_list":["post-128867","post","type-post","status-publish","format-standard","has-post-thumbnail","hentry","category-alte-brown","category-alte-brown-alte-brown"],"jetpack_publicize_connections":[],"jetpack_featured_media_url":"https:\/\/laurbedigital.com.ar\/noticias\/wp-content\/uploads\/2026\/09\/20260904-Feria-circuito-productores.png","_links":{"self":[{"href":"https:\/\/laurbedigital.com.ar\/noticias\/wp-json\/wp\/v2\/posts\/128867","targetHints":{"allow":["GET"]}}],"collection":[{"href":"https:\/\/laurbedigital.com.ar\/noticias\/wp-json\/wp\/v2\/posts"}],"about":[{"href":"https:\/\/laurbedigital.com.ar\/noticias\/wp-json\/wp\/v2\/types\/post"}],"author":[{"embeddable":true,"href":"https:\/\/laurbedigital.com.ar\/noticias\/wp-json\/wp\/v2\/users\/1"}],"replies":[{"embeddable":true,"href":"https:\/\/laurbedigital.com.ar\/noticias\/wp-json\/wp\/v2\/comments?post=128867"}],"version-history":[{"count":1,"href":"https:\/\/laurbedigital.com.ar\/noticias\/wp-json\/wp\/v2\/posts\/128867\/revisions"}],"predecessor-version":[{"id":128870,"href":"https:\/\/laurbedigital.com.ar\/noticias\/wp-json\/wp\/v2\/posts\/128867\/revisions\/128870"}],"wp:featuredmedia":[{"embeddable":true,"href":"https:\/\/laurbedigital.com.ar\/noticias\/wp-json\/wp\/v2\/media\/128868"}],"wp:attachment":[{"href":"https:\/\/laurbedigital.com.ar\/noticias\/wp-json\/wp\/v2\/media?parent=128867"}],"wp:term":[{"taxonomy":"category","embeddable":true,"href":"https:\/\/laurbedigital.com.ar\/noticias\/wp-json\/wp\/v2\/categories?post=128867"},{"taxonomy":"post_tag","embeddable":true,"href":"https:\/\/laurbedigital.com.ar\/noticias\/wp-json\/wp\/v2\/tags?post=128867"}],"curies":[{"name":"wp","href":"https:\/\/api.w.org\/{rel}","templated":true}]}}