{"id":128863,"date":"2026-09-04T13:29:45","date_gmt":"2026-09-04T16:29:45","guid":{"rendered":"https:\/\/laurbedigital.com.ar\/noticias\/?p=128863"},"modified":"2026-09-04T13:29:45","modified_gmt":"2026-09-04T16:29:45","slug":"el-municipio-construye-nuevas-veredas-y-accesos-en-el-hospital-provincial-lucio-melendez","status":"publish","type":"post","link":"https:\/\/laurbedigital.com.ar\/noticias\/2026\/09\/04\/el-municipio-construye-nuevas-veredas-y-accesos-en-el-hospital-provincial-lucio-melendez\/","title":{"rendered":"El Municipio construye nuevas veredas y accesos en el Hospital Provincial Lucio Mel\u00e9ndez"},"content":{"rendered":"<div>\n<p>Los trabajos contemplan la construcci\u00f3n de 77 metros lineales de vereda, con un ancho de dos metros, en el sector del estacionamiento, generando una conexi\u00f3n segura y accesible entre el \u00e1rea donde estacionan los veh\u00edculos y el ingreso a la Guardia.<\/p>\n<p>La intervenci\u00f3n incluye adem\u00e1s la ejecuci\u00f3n de rampas de acceso, favoreciendo la circulaci\u00f3n de personas con movilidad reducida y mejorando las condiciones de accesibilidad dentro del predio hospitalario.<\/p>\n<p>De este modo, la nueva infraestructura permitir\u00e1 contar con un recorrido peatonal consolidado, especialmente importante durante los d\u00edas de lluvia, evitando que quienes concurren al hospital deban transitar por sectores de tierra o barro para llegar a la Guardia.<\/p>\n<p><img loading=\"lazy\" decoding=\"async\" class=\"alignnone size-full wp-image-128864\" src=\"https:\/\/laurbedigital.com.ar\/noticias\/wp-content\/uploads\/2026\/09\/20260904-lucio-melendez.png\" alt=\"\" width=\"768\" height=\"428\" title=\"\" srcset=\"https:\/\/laurbedigital.com.ar\/noticias\/wp-content\/uploads\/2026\/09\/20260904-lucio-melendez.png 768w, https:\/\/laurbedigital.com.ar\/noticias\/wp-content\/uploads\/2026\/09\/20260904-lucio-melendez-300x167.png 300w\" sizes=\"auto, (max-width: 768px) 100vw, 768px\" \/><\/p>\n<p><strong><em>\u00abSeguimos acompa\u00f1ando al Hospital Lucio Mel\u00e9ndez con obras concretas que permiten mejorar sus espacios y, fundamentalmente, las condiciones en las que miles de vecinos acceden diariamente a la atenci\u00f3n de salud\u00bb, expres\u00f3 Mariano Cascallares.<\/em><\/strong><\/p>\n<p>Esta intervenci\u00f3n se suma a una serie de trabajos de puesta en valor que el Municipio viene impulsando en el hospital provincial, como la puesta en valor de accesos, caminos y calles internas, trabajos de pintura en todo el predio, arreglos generales en la sala de Pediatr\u00eda y la renovaci\u00f3n integral del sector de internaci\u00f3n de cuidados intermedios.<\/p>\n<\/div>\n","protected":false},"excerpt":{"rendered":"<p>Los trabajos contemplan la construcci\u00f3n de 77 metros lineales de vereda, con un ancho de dos metros, en el sector<\/p>\n","protected":false},"author":1,"featured_media":128865,"comment_status":"closed","ping_status":"closed","sticky":false,"template":"","format":"standard","meta":{"kia_subtitle":"El Municipio de Almirante Brown inform\u00f3 que avanza con la construcci\u00f3n de nuevas veredas y accesos en el Hospital Provincial Lucio Mel\u00e9ndez, con el objetivo de mejorar integralmente la transitabilidad en el establecimiento y facilitar el desplazamiento de pacientes, familiares y trabajadores.","footnotes":"","jetpack_publicize_message":"","jetpack_publicize_feature_enabled":true,"jetpack_social_post_already_shared":true,"jetpack_social_options":{"image_generator_settings":{"template":"highway","default_image_id":0,"font":"","enabled":false},"version":2},"jetpack_post_was_ever_published":false},"categories":[2,33],"tags":[],"class_list":["post-128863","post","type-post","status-publish","format-standard","has-post-thumbnail","hentry","category-alte-brown","category-alte-brown-alte-brown"],"jetpack_publicize_connections":[],"jetpack_featured_media_url":"https:\/\/laurbedigital.com.ar\/noticias\/wp-content\/uploads\/2026\/09\/20260904-lucio-melendez-1.png","_links":{"self":[{"href":"https:\/\/laurbedigital.com.ar\/noticias\/wp-json\/wp\/v2\/posts\/128863","targetHints":{"allow":["GET"]}}],"collection":[{"href":"https:\/\/laurbedigital.com.ar\/noticias\/wp-json\/wp\/v2\/posts"}],"about":[{"href":"https:\/\/laurbedigital.com.ar\/noticias\/wp-json\/wp\/v2\/types\/post"}],"author":[{"embeddable":true,"href":"https:\/\/laurbedigital.com.ar\/noticias\/wp-json\/wp\/v2\/users\/1"}],"replies":[{"embeddable":true,"href":"https:\/\/laurbedigital.com.ar\/noticias\/wp-json\/wp\/v2\/comments?post=128863"}],"version-history":[{"count":1,"href":"https:\/\/laurbedigital.com.ar\/noticias\/wp-json\/wp\/v2\/posts\/128863\/revisions"}],"predecessor-version":[{"id":128866,"href":"https:\/\/laurbedigital.com.ar\/noticias\/wp-json\/wp\/v2\/posts\/128863\/revisions\/128866"}],"wp:featuredmedia":[{"embeddable":true,"href":"https:\/\/laurbedigital.com.ar\/noticias\/wp-json\/wp\/v2\/media\/128865"}],"wp:attachment":[{"href":"https:\/\/laurbedigital.com.ar\/noticias\/wp-json\/wp\/v2\/media?parent=128863"}],"wp:term":[{"taxonomy":"category","embeddable":true,"href":"https:\/\/laurbedigital.com.ar\/noticias\/wp-json\/wp\/v2\/categories?post=128863"},{"taxonomy":"post_tag","embeddable":true,"href":"https:\/\/laurbedigital.com.ar\/noticias\/wp-json\/wp\/v2\/tags?post=128863"}],"curies":[{"name":"wp","href":"https:\/\/api.w.org\/{rel}","templated":true}]}}