{"id":128858,"date":"2026-09-04T04:43:55","date_gmt":"2026-09-04T07:43:55","guid":{"rendered":"https:\/\/laurbedigital.com.ar\/noticias\/?p=128858"},"modified":"2026-09-04T04:43:55","modified_gmt":"2026-09-04T07:43:55","slug":"ventas-de-lacteos-cayeron-10-y-mastellone-perdio-4-791-millones","status":"publish","type":"post","link":"https:\/\/laurbedigital.com.ar\/noticias\/2026\/09\/04\/ventas-de-lacteos-cayeron-10-y-mastellone-perdio-4-791-millones\/","title":{"rendered":"Ventas de l\u00e1cteos cayeron 10% y Mastellone perdi\u00f3 $4.791 millones"},"content":{"rendered":"<p data-path-to-node=\"4\">Las ventas de l\u00e1cteos registraron una contracci\u00f3n del 10,3% en el mercado interno durante la primera mitad del a\u00f1o, seg\u00fan se desprende del balance contable remitido por Mastellone Hermanos a la Comisi\u00f3n Nacional de Valores y a la Bolsa de Comercio de Buenos Aires. La principal firma lechera de Argentina cerr\u00f3 el primer semestre de 2026 con una p\u00e9rdida neta consolidada de $4.791 millones y un retroceso real del 6,7% en su facturaci\u00f3n total, un resultado que pone en evidencia la persistente debilidad de la demanda en el segmento de alimentos b\u00e1sicos frente a la ca\u00edda del poder adquisitivo de los hogares.<\/p>\n<h4 data-path-to-node=\"5\">La recesi\u00f3n dom\u00e9stica impacta en el consumo masivo<\/h4>\n<p data-path-to-node=\"6\">La presentaci\u00f3n remitida a las autoridades burs\u00e1tiles funciona como un term\u00f3metro fidedigno del clima econ\u00f3mico que atraviesa la industria manufacturera local. El deterioro de las cuentas de la compa\u00f1\u00eda tuvo su ra\u00edz excluyente en el comportamiento de la plaza argentina, donde el desplome de los vol\u00famenes comercializados no pudo ser neutralizado por las listas de precios.<\/p>\n<p data-path-to-node=\"7\">En t\u00e9rminos reales, los ingresos generados por la distribuci\u00f3n en el territorio nacional pasaron de $807.199 millones en los primeros seis meses de 2025 a $723.996 millones en id\u00e9ntico per\u00edodo de 2026, ambos valores medidos en moneda homog\u00e9nea al cierre del ejercicio. Este derrumbe superior a los diez puntos porcentuales confirma que los art\u00edculos esenciales de la canasta familiar contin\u00faan sufriendo el recorte presupuestario de las familias, que optan por segundas marcas o suprimen derivados de mayor valor agregado en las g\u00f3ndolas minoristas.<\/p>\n<h4 data-path-to-node=\"8\">Los n\u00fameros consolidados del primer semestre<\/h4>\n<p data-path-to-node=\"9\">Al considerar la totalidad de sus unidades operativas, los ingresos netos totales de la empresa sumaron $908.674 millones entre enero y junio. Esta cifra expone un retroceso interanual del 6,7% en comparaci\u00f3n con los $973.850 millones acumulados en el primer semestre del ejercicio anterior.<\/p>\n<p data-path-to-node=\"10\">A pesar de que el balance arroj\u00f3 un resultado negativo de $4.791 millones, la administraci\u00f3n de la firma logr\u00f3 sostener la operatividad diaria mediante una estricta disciplina financiera:<\/p>\n<ul data-path-to-node=\"11\">\n<li>\n<p data-path-to-node=\"11,0,0\">Consigui\u00f3 preservar una generaci\u00f3n de caja operativa positiva frente a los requerimientos de capital de trabajo.<\/p>\n<\/li>\n<li>\n<p data-path-to-node=\"11,1,0\">Concret\u00f3 una reducci\u00f3n paulatina de sus pasivos bancarios y financieros mediante la reestructuraci\u00f3n de vencimientos en moneda dura.<\/p>\n<\/li>\n<li>\n<p data-path-to-node=\"11,2,0\">Absorbi\u00f3 alzas en la estructura de costos log\u00edsticos y de acopio primario sin desabastecer su cadena de distribuci\u00f3n.<\/p>\n<\/li>\n<li>\n<p data-path-to-node=\"11,3,0\">Soport\u00f3 la migraci\u00f3n de la demanda hacia presentaciones de menor margen unitario.<\/p>\n<\/li>\n<\/ul>\n<h4 data-path-to-node=\"12\">La exportaci\u00f3n como v\u00e1lvula de desahogo<\/h4>\n<p data-path-to-node=\"13\">En un sentido inverso a la par\u00e1lisis del circuito comercial local, las operaciones en el frente internacional aportaron dinamismo a la empresa. Los despachos de productos hacia mercados externos generaron ingresos por $172.242 millones, marcando un incremento real del 10,5% en contraste con los registros del a\u00f1o previo.<\/p>\n<p data-path-to-node=\"14\">Este comportamiento dispar modific\u00f3 de manera sustancial la estructura de ingresos de la principal procesadora l\u00e1ctea del pa\u00eds. En el primer semestre de 2025, el canal exterior aportaba aproximadamente el 16% del total de las ventas brutas, mientras que en la actualidad trep\u00f3 al 19%. No obstante, la magnitud de la econom\u00eda interna sigue siendo el n\u00facleo que sostiene la rentabilidad del sector fabril: el repunte exportador amortigu\u00f3 las p\u00e9rdidas, pero estuvo lejos de compensar la brusca ca\u00edda en el despacho de leche fluida, mantecas y quesos dentro del pa\u00eds.<\/p>\n<h4 data-path-to-node=\"15\">Un escenario de costos r\u00edgidos y demanda debilitada<\/h4>\n<p data-path-to-node=\"16\">El retroceso financiero de la compa\u00f1\u00eda refleja las contradicciones de la actual coyuntura macroecon\u00f3mica argentina. La estrategia gubernamental orientada a reducir la inflaci\u00f3n mediante la contracci\u00f3n monetaria y la limitaci\u00f3n de la liquidez ha tenido como correlato directo una merma sustancial en la capacidad de absorci\u00f3n del mercado interno, obligando a las empresas l\u00edderes a resignar rentabilidad operativa para defender su cuota de mercado.<\/p>\n<p data-path-to-node=\"17\">En este contexto, las industrias del rubro se encuentran ante una encrucijada operativa: enfrentan tarifas de energ\u00eda y fletes en alza junto con costos de materia prima dolarizados, mientras el consumo interno permanece en niveles m\u00ednimos. El desempe\u00f1o de la firma durante la segunda mitad del a\u00f1o depender\u00e1 de una eventual recomposici\u00f3n del salario real en los sectores medios y populares, el \u00fanico factor capaz de reactivar la comercializaci\u00f3n de bienes indispensables en la mesa diaria.<\/p>\n","protected":false},"excerpt":{"rendered":"<p>Las ventas de l\u00e1cteos registraron una contracci\u00f3n del 10,3% en el mercado interno durante la primera mitad del a\u00f1o, seg\u00fan<\/p>\n","protected":false},"author":1,"featured_media":128859,"comment_status":"closed","ping_status":"closed","sticky":false,"template":"","format":"standard","meta":{"kia_subtitle":"Las ventas de l\u00e1cteos en el mercado interno se desplomaron 10,3% semestral, arrastrando a Mastellone a un rojo de $4.791 millones pese al repunte del negocio exportador.","footnotes":"","jetpack_publicize_message":"","jetpack_publicize_feature_enabled":true,"jetpack_social_post_already_shared":true,"jetpack_social_options":{"image_generator_settings":{"template":"highway","default_image_id":0,"font":"","enabled":false},"version":2},"jetpack_post_was_ever_published":false},"categories":[3,41],"tags":[],"class_list":["post-128858","post","type-post","status-publish","format-standard","has-post-thumbnail","hentry","category-actualidad","category-nacionales"],"jetpack_publicize_connections":[],"jetpack_featured_media_url":"https:\/\/laurbedigital.com.ar\/noticias\/wp-content\/uploads\/2026\/09\/20260904-LA-SERENISIMA-LACTEOS.png","_links":{"self":[{"href":"https:\/\/laurbedigital.com.ar\/noticias\/wp-json\/wp\/v2\/posts\/128858","targetHints":{"allow":["GET"]}}],"collection":[{"href":"https:\/\/laurbedigital.com.ar\/noticias\/wp-json\/wp\/v2\/posts"}],"about":[{"href":"https:\/\/laurbedigital.com.ar\/noticias\/wp-json\/wp\/v2\/types\/post"}],"author":[{"embeddable":true,"href":"https:\/\/laurbedigital.com.ar\/noticias\/wp-json\/wp\/v2\/users\/1"}],"replies":[{"embeddable":true,"href":"https:\/\/laurbedigital.com.ar\/noticias\/wp-json\/wp\/v2\/comments?post=128858"}],"version-history":[{"count":1,"href":"https:\/\/laurbedigital.com.ar\/noticias\/wp-json\/wp\/v2\/posts\/128858\/revisions"}],"predecessor-version":[{"id":128860,"href":"https:\/\/laurbedigital.com.ar\/noticias\/wp-json\/wp\/v2\/posts\/128858\/revisions\/128860"}],"wp:featuredmedia":[{"embeddable":true,"href":"https:\/\/laurbedigital.com.ar\/noticias\/wp-json\/wp\/v2\/media\/128859"}],"wp:attachment":[{"href":"https:\/\/laurbedigital.com.ar\/noticias\/wp-json\/wp\/v2\/media?parent=128858"}],"wp:term":[{"taxonomy":"category","embeddable":true,"href":"https:\/\/laurbedigital.com.ar\/noticias\/wp-json\/wp\/v2\/categories?post=128858"},{"taxonomy":"post_tag","embeddable":true,"href":"https:\/\/laurbedigital.com.ar\/noticias\/wp-json\/wp\/v2\/tags?post=128858"}],"curies":[{"name":"wp","href":"https:\/\/api.w.org\/{rel}","templated":true}]}}