{"id":128855,"date":"2026-09-04T04:38:31","date_gmt":"2026-09-04T07:38:31","guid":{"rendered":"https:\/\/laurbedigital.com.ar\/noticias\/?p=128855"},"modified":"2026-09-04T04:38:31","modified_gmt":"2026-09-04T07:38:31","slug":"el-nino-alcanzara-fuerza-historica-y-amenaza-a-sudamerica","status":"publish","type":"post","link":"https:\/\/laurbedigital.com.ar\/noticias\/2026\/09\/04\/el-nino-alcanzara-fuerza-historica-y-amenaza-a-sudamerica\/","title":{"rendered":"El Ni\u00f1o alcanzar\u00e1 fuerza hist\u00f3rica y amenaza a Sudam\u00e9rica"},"content":{"rendered":"<p data-path-to-node=\"4\">El Ni\u00f1o alcanzar\u00e1 una magnitud extraordinaria durante los pr\u00f3ximos meses y encendi\u00f3 las m\u00e1ximas alertas de la Organizaci\u00f3n Meteorol\u00f3gica Mundial (OMM). El organismo especializado de las Naciones Unidas confirm\u00f3 que el evento clim\u00e1tico se encuentra en plena fase de desarrollo y evoluci\u00f3n acelerada, con una probabilidad cercana al 100% de sostener su vigencia durante el trimestre comprendido entre diciembre de 2026 y febrero de 2027. La advertencia internacional pone el foco sobre el territorio sudamericano, una de las zonas m\u00e1s expuestas a sufrir alteraciones hidrol\u00f3gicas severas, da\u00f1os productivos de envergadura e impactos directos en su infraestructura energ\u00e9tica a ra\u00edz de este ciclo de calentamiento an\u00f3malo en las aguas del oc\u00e9ano Pac\u00edfico.<\/p>\n<h4 data-path-to-node=\"5\">Una dimensi\u00f3n gigantesca en el oc\u00e9ano Pac\u00edfico<\/h4>\n<p data-path-to-node=\"6\">La magnitud proyectada para el evento actual oblig\u00f3 a los expertos a revisar sus modelos de previsi\u00f3n estacional. Celeste Saulo, directora general de la OMM, defini\u00f3 la situaci\u00f3n con una precisi\u00f3n categ\u00f3rica al se\u00f1alar que el fen\u00f3meno \u00abse est\u00e1 volviendo gigantesco ante nuestros ojos\u00bb. Esta caracterizaci\u00f3n responde al calentamiento persistente y desmedido de la superficie marina en la franja tropical del Pac\u00edfico, un comportamiento t\u00e9rmico que ya escapa a los registros regulares de los ciclos precedentes.<\/p>\n<p data-path-to-node=\"7\">Lejos de tratarse de una simple alteraci\u00f3n localizada, este sobrecalentamiento mar\u00edtimo modifica de ra\u00edz los patrones de circulaci\u00f3n del viento y la din\u00e1mica de las masas de aire en toda la troposfera. Como consecuencia directa, los flujos atmosf\u00e9ricos globales sufren desv\u00edos sustanciales que redistribuyen de forma ca\u00f3tica las precipitaciones y las temperaturas en m\u00faltiples continentes, situando a la regi\u00f3n sur del continente americano en el centro de las mayores perturbaciones.<\/p>\n<h4 data-path-to-node=\"8\">La convergencia con la crisis clim\u00e1tica global<\/h4>\n<p data-path-to-node=\"9\">Aunque este proceso de oscilaci\u00f3n oce\u00e1nica constituye un evento natural recurrente con una periodicidad habitual de entre dos y siete a\u00f1os, las condiciones de fondo en las que opera hoy son sustancialmente distintas. La acumulaci\u00f3n sostenida de gases de efecto invernadero y el alza ininterrumpida de las temperaturas en la superficie de los mares potencian de manera in\u00e9dita la virulencia de cualquier anomal\u00eda natural.<\/p>\n<p data-path-to-node=\"10\">En este marco, el secretario general de la Organizaci\u00f3n de las Naciones Unidas, Ant\u00f3nio Guterres, subray\u00f3 que el planeta ha ingresado formalmente en una \u00abzona de peligro\u00bb clim\u00e1tico. Cuando un evento natural de esta envergadura coincide temporalmente con marcas t\u00e9rmicas r\u00e9cord en los oc\u00e9anos, el margen para la estabilidad atmosf\u00e9rica se reduce dr\u00e1sticamente. Esta interacci\u00f3n simult\u00e1nea agrava las amenazas convencionales, multiplicando el riesgo de registrar episodios simult\u00e1neos de olas de calor agobiantes, lluvias torrenciales concentradas en lapsos muy breves y sequ\u00edas estructuralmente m\u00e1s profundas y prolongadas.<\/p>\n<h4 data-path-to-node=\"11\">Consecuencias cr\u00edticas para los sectores productivos<\/h4>\n<p data-path-to-node=\"12\">El comportamiento territorial de las perturbaciones clim\u00e1ticas mostrar\u00e1 una marcada asimetr\u00eda en el mapa sudamericano. La dispersi\u00f3n geogr\u00e1fica del fen\u00f3meno implica que ciertas cuencas h\u00eddricas experimentar\u00e1n vol\u00famenes de precipitaciones muy por encima de los promedios hist\u00f3ricos, mientras que otras regiones colindantes enfrentar\u00e1n una rigurosa falta de humedad.<\/p>\n<p data-path-to-node=\"13\">Esta dualidad meteorol\u00f3gica sit\u00faa en un plano de m\u00e1xima vulnerabilidad a varios pilares clave de la econom\u00eda regional:<\/p>\n<ul data-path-to-node=\"14\">\n<li>\n<p data-path-to-node=\"14,0,0\"><b data-path-to-node=\"14,0,0\" data-index-in-node=\"0\">Sector agropecuario:<\/b> La alternancia entre anegamientos de campos de cultivo y sequ\u00edas repentinas amenaza con mermar los rendimientos de granos b\u00e1sicos y desestabilizar la ganader\u00eda extensiva.<\/p>\n<\/li>\n<li>\n<p data-path-to-node=\"14,1,0\"><b data-path-to-node=\"14,1,0\" data-index-in-node=\"0\">Recursos h\u00eddricos:<\/b> El manejo de cuencas compartidas se tornar\u00e1 cr\u00edtico tanto para garantizar el suministro de agua potable como para contener crecidas fluviales repentinas.<\/p>\n<\/li>\n<li>\n<p data-path-to-node=\"14,2,0\"><b data-path-to-node=\"14,2,0\" data-index-in-node=\"0\">Matriz energ\u00e9tica:<\/b> Los complejos hidroel\u00e9ctricos depender\u00e1n de reg\u00edmenes de caudal profundamente distorsionados, lo que podr\u00eda condicionar la generaci\u00f3n de electricidad en temporadas de alta demanda.<\/p>\n<\/li>\n<li>\n<p data-path-to-node=\"14,3,0\"><b data-path-to-node=\"14,3,0\" data-index-in-node=\"0\">Ecosistemas fluviales y costeros:<\/b> La suba t\u00e9rmica del agua y la alteraci\u00f3n de nutrientes afectar\u00e1n la biodiversidad y la actividad pesquera artesanal e industrial.<\/p>\n<\/li>\n<\/ul>\n<h4 data-path-to-node=\"15\">La prevenci\u00f3n estrat\u00e9gica como \u00fanica defensa<\/h4>\n<p data-path-to-node=\"16\">Frente a un escenario donde la incertidumbre cient\u00edfica sobre los impactos puntuales a\u00fan persiste, la conducci\u00f3n de la OMM remarc\u00f3 que la \u00fanica variable bajo control de las administraciones p\u00fablicas y de las empresas privadas es la capacidad de anticipaci\u00f3n y mitigaci\u00f3n temprana. La disponibilidad de pron\u00f3sticos de alta precisi\u00f3n estacional brinda una ventana de oportunidad indispensable para activar protocolos de contingencia antes de que el evento alcance su \u00e1pice estad\u00edstico.<\/p>\n<p data-path-to-node=\"17\">Las autoridades meteorol\u00f3gicas insisten en que los gobiernos deben destinar recursos inmediatos al mantenimiento de defensas h\u00eddricas urbanas, a la provisi\u00f3n de seguros agr\u00edcolas espec\u00edficos y al dise\u00f1o de planes de contingencia para el sistema de salud ante posibles brotes de enfermedades vinculadas al agua y al calor. Los meses venideros representar\u00e1n una prueba de resistencia institucional frente a un episodio clim\u00e1tico de fuerza excepcional que moldear\u00e1 de forma decisiva las condiciones ambientales de la regi\u00f3n hasta bien entrado 2027.<\/p>\n","protected":false},"excerpt":{"rendered":"<p>El Ni\u00f1o alcanzar\u00e1 una magnitud extraordinaria durante los pr\u00f3ximos meses y encendi\u00f3 las m\u00e1ximas alertas de la Organizaci\u00f3n Meteorol\u00f3gica Mundial<\/p>\n","protected":false},"author":1,"featured_media":128856,"comment_status":"closed","ping_status":"closed","sticky":false,"template":"","format":"standard","meta":{"kia_subtitle":"El Ni\u00f1o alcanzar\u00e1 una intensidad excepcional hacia fin de a\u00f1o y extender\u00e1 sus efectos clim\u00e1ticos extremos sobre Sudam\u00e9rica al menos hasta febrero de 2027, seg\u00fan advirti\u00f3 la OMM.","footnotes":"","jetpack_publicize_message":"","jetpack_publicize_feature_enabled":true,"jetpack_social_post_already_shared":true,"jetpack_social_options":{"image_generator_settings":{"template":"highway","default_image_id":0,"font":"","enabled":false},"version":2},"jetpack_post_was_ever_published":false},"categories":[3,15],"tags":[],"class_list":["post-128855","post","type-post","status-publish","format-standard","has-post-thumbnail","hentry","category-actualidad","category-tendencias"],"jetpack_publicize_connections":[],"jetpack_featured_media_url":"https:\/\/laurbedigital.com.ar\/noticias\/wp-content\/uploads\/2026\/09\/20260904-EL-NINO-TORMENTA.png","_links":{"self":[{"href":"https:\/\/laurbedigital.com.ar\/noticias\/wp-json\/wp\/v2\/posts\/128855","targetHints":{"allow":["GET"]}}],"collection":[{"href":"https:\/\/laurbedigital.com.ar\/noticias\/wp-json\/wp\/v2\/posts"}],"about":[{"href":"https:\/\/laurbedigital.com.ar\/noticias\/wp-json\/wp\/v2\/types\/post"}],"author":[{"embeddable":true,"href":"https:\/\/laurbedigital.com.ar\/noticias\/wp-json\/wp\/v2\/users\/1"}],"replies":[{"embeddable":true,"href":"https:\/\/laurbedigital.com.ar\/noticias\/wp-json\/wp\/v2\/comments?post=128855"}],"version-history":[{"count":1,"href":"https:\/\/laurbedigital.com.ar\/noticias\/wp-json\/wp\/v2\/posts\/128855\/revisions"}],"predecessor-version":[{"id":128857,"href":"https:\/\/laurbedigital.com.ar\/noticias\/wp-json\/wp\/v2\/posts\/128855\/revisions\/128857"}],"wp:featuredmedia":[{"embeddable":true,"href":"https:\/\/laurbedigital.com.ar\/noticias\/wp-json\/wp\/v2\/media\/128856"}],"wp:attachment":[{"href":"https:\/\/laurbedigital.com.ar\/noticias\/wp-json\/wp\/v2\/media?parent=128855"}],"wp:term":[{"taxonomy":"category","embeddable":true,"href":"https:\/\/laurbedigital.com.ar\/noticias\/wp-json\/wp\/v2\/categories?post=128855"},{"taxonomy":"post_tag","embeddable":true,"href":"https:\/\/laurbedigital.com.ar\/noticias\/wp-json\/wp\/v2\/tags?post=128855"}],"curies":[{"name":"wp","href":"https:\/\/api.w.org\/{rel}","templated":true}]}}