{"id":128844,"date":"2026-09-03T11:36:21","date_gmt":"2026-09-03T14:36:21","guid":{"rendered":"https:\/\/laurbedigital.com.ar\/noticias\/?p=128844"},"modified":"2026-09-03T11:36:21","modified_gmt":"2026-09-03T14:36:21","slug":"alte-brown-y-lomas-de-zamora-proyectan-obras-y-mejoras-en-la-arteria-que-conecta-ambos-distritos","status":"publish","type":"post","link":"https:\/\/laurbedigital.com.ar\/noticias\/2026\/09\/03\/alte-brown-y-lomas-de-zamora-proyectan-obras-y-mejoras-en-la-arteria-que-conecta-ambos-distritos\/","title":{"rendered":"Alte Brown y Lomas de Zamora proyectan obras y mejoras en la arteria que conecta ambos distritos"},"content":{"rendered":"<p>En este marco, la jefa de Gabinete de Almirante Brown, Paula Eichel, mantuvo una reuni\u00f3n y recorrida de trabajo con su par de Lomas de Zamora, Sol Tischik, para analizar distintas intervenciones que permitan optimizar las condiciones de circulaci\u00f3n y el entorno urbano a lo largo de esta importante traza que conecta a Lomas con Brown.<\/p>\n<p>Durante el encuentro tambi\u00e9n participaron integrantes de los equipos de Obras P\u00fablicas de ambos municipios, quienes intercambiaron propuestas y analizaron las necesidades de infraestructura existentes en el sector, con el prop\u00f3sito de avanzar en una planificaci\u00f3n articulada.<\/p>\n<p><img loading=\"lazy\" decoding=\"async\" class=\"alignnone size-full wp-image-128846\" src=\"https:\/\/laurbedigital.com.ar\/noticias\/wp-content\/uploads\/2026\/09\/20260903-brown-30-de-septiembre-1.png\" alt=\"\" width=\"768\" height=\"428\" title=\"\" srcset=\"https:\/\/laurbedigital.com.ar\/noticias\/wp-content\/uploads\/2026\/09\/20260903-brown-30-de-septiembre-1.png 768w, https:\/\/laurbedigital.com.ar\/noticias\/wp-content\/uploads\/2026\/09\/20260903-brown-30-de-septiembre-1-300x167.png 300w\" sizes=\"auto, (max-width: 768px) 100vw, 768px\" \/><\/p>\n<p>Entre los principales temas abordados se destac\u00f3 la posibilidad de impulsar nuevas obras viales para mejorar la traza, como bacheos; tambi\u00e9n crear un paseo tem\u00e1tico y mejoras de iluminaci\u00f3n, todo destinado a mejorar la transitabilidad, la identidad de esta calle que conecta ambos distritos, fortalecer la seguridad y acompa\u00f1ar el crecimiento urbano de la zona.<\/p>\n<p><strong><em>\u201cSeguimos trabajando articulando con el Municipio de Lomas de Zamora para proyectar y articular obras que beneficien a los vecinos. En este caso, sobre la calle 30 de Septiembre, con el foco puesto en generar mejor accesibilidad y conectividad\u201d, sostuvo al respecto Mariano Cascallares.<\/em><\/strong><\/p>\n","protected":false},"excerpt":{"rendered":"<p>En este marco, la jefa de Gabinete de Almirante Brown, Paula Eichel, mantuvo una reuni\u00f3n y recorrida de trabajo con<\/p>\n","protected":false},"author":1,"featured_media":128845,"comment_status":"closed","ping_status":"closed","sticky":false,"template":"","format":"standard","meta":{"kia_subtitle":"Los Municipios de Almirante Brown y de Lomas de Zamora avanzan en una agenda de trabajo conjunto para proyectar nuevas obras y mejoras en la calle 30 de Septiembre, tambi\u00e9n conocida como Divisoria, con el objetivo de fortalecer la infraestructura y mejorar la calidad de vida de las vecinas y vecinos de la zona justo en el l\u00edmite entre ambos distritos.","footnotes":"","jetpack_publicize_message":"","jetpack_publicize_feature_enabled":true,"jetpack_social_post_already_shared":true,"jetpack_social_options":{"image_generator_settings":{"template":"highway","default_image_id":0,"font":"","enabled":false},"version":2},"jetpack_post_was_ever_published":false},"categories":[2,33],"tags":[],"class_list":["post-128844","post","type-post","status-publish","format-standard","has-post-thumbnail","hentry","category-alte-brown","category-alte-brown-alte-brown"],"jetpack_publicize_connections":[],"jetpack_featured_media_url":"https:\/\/laurbedigital.com.ar\/noticias\/wp-content\/uploads\/2026\/09\/20260903-brown-30-de-septiembre.png","_links":{"self":[{"href":"https:\/\/laurbedigital.com.ar\/noticias\/wp-json\/wp\/v2\/posts\/128844","targetHints":{"allow":["GET"]}}],"collection":[{"href":"https:\/\/laurbedigital.com.ar\/noticias\/wp-json\/wp\/v2\/posts"}],"about":[{"href":"https:\/\/laurbedigital.com.ar\/noticias\/wp-json\/wp\/v2\/types\/post"}],"author":[{"embeddable":true,"href":"https:\/\/laurbedigital.com.ar\/noticias\/wp-json\/wp\/v2\/users\/1"}],"replies":[{"embeddable":true,"href":"https:\/\/laurbedigital.com.ar\/noticias\/wp-json\/wp\/v2\/comments?post=128844"}],"version-history":[{"count":2,"href":"https:\/\/laurbedigital.com.ar\/noticias\/wp-json\/wp\/v2\/posts\/128844\/revisions"}],"predecessor-version":[{"id":128848,"href":"https:\/\/laurbedigital.com.ar\/noticias\/wp-json\/wp\/v2\/posts\/128844\/revisions\/128848"}],"wp:featuredmedia":[{"embeddable":true,"href":"https:\/\/laurbedigital.com.ar\/noticias\/wp-json\/wp\/v2\/media\/128845"}],"wp:attachment":[{"href":"https:\/\/laurbedigital.com.ar\/noticias\/wp-json\/wp\/v2\/media?parent=128844"}],"wp:term":[{"taxonomy":"category","embeddable":true,"href":"https:\/\/laurbedigital.com.ar\/noticias\/wp-json\/wp\/v2\/categories?post=128844"},{"taxonomy":"post_tag","embeddable":true,"href":"https:\/\/laurbedigital.com.ar\/noticias\/wp-json\/wp\/v2\/tags?post=128844"}],"curies":[{"name":"wp","href":"https:\/\/api.w.org\/{rel}","templated":true}]}}