{"id":128839,"date":"2026-09-02T19:08:38","date_gmt":"2026-09-02T22:08:38","guid":{"rendered":"https:\/\/laurbedigital.com.ar\/noticias\/?p=128839"},"modified":"2026-09-02T19:08:38","modified_gmt":"2026-09-02T22:08:38","slug":"kicillof-y-el-embajador-de-canada-analizaron-inversiones-conjuntas","status":"publish","type":"post","link":"https:\/\/laurbedigital.com.ar\/noticias\/2026\/09\/02\/kicillof-y-el-embajador-de-canada-analizaron-inversiones-conjuntas\/","title":{"rendered":"Kicillof y el embajador de Canad\u00e1 analizaron inversiones conjuntas"},"content":{"rendered":"<p data-path-to-node=\"3\">El gobernador Axel <b data-path-to-node=\"3\" data-index-in-node=\"19\">Kicillof y el embajador de Canad\u00e1<\/b>, Stewart Wheeler, mantuvieron una reuni\u00f3n de trabajo este mi\u00e9rcoles en la Casa de Gobierno en La Plata para repasar los desaf\u00edos de la coyuntura internacional y profundizar la agenda bilateral en materia de desarrollo productivo, intercambio comercial e innovaci\u00f3n cient\u00edfica aplicada a recursos estrat\u00e9gicos provinciales. La cumbre oficial se concentr\u00f3 en identificar nichos de complementariedad econ\u00f3mica entre la administraci\u00f3n bonaerense y el pa\u00eds norteamericano, en un contexto global signado por la reorganizaci\u00f3n de las cadenas de valor, la transici\u00f3n energ\u00e9tica y la creciente demanda de alimentos y minerales.<\/p>\n<h4 data-path-to-node=\"5\">Una agenda centrada en la cooperaci\u00f3n comercial y cient\u00edfica<\/h4>\n<p data-path-to-node=\"6\">Durante la audiencia protocolar, las autoridades pasaron revista a los principales sectores donde el territorio provincial presenta ventajas comparativas para la atracci\u00f3n de capitales for\u00e1neos. Buenos Aires concentra cerca del cincuenta por ciento del producto bruto industrial del pa\u00eds, adem\u00e1s de albergar una red de puertos fluviales y mar\u00edtimos que canalizan buena parte de las exportaciones agropecuarias y manufacturadas hacia el exterior.<\/p>\n<p data-path-to-node=\"7\">En ese marco, la delegaci\u00f3n encabezada por Wheeler manifest\u00f3 el inter\u00e9s canadiense en explorar acuerdos de transferencia de conocimiento, financiamiento sustentable y proyectos de investigaci\u00f3n que permitan vincular a empresas de base tecnol\u00f3gica de su naci\u00f3n con las universidades e institutos de investigaci\u00f3n radicados en territorio bonaerense.<\/p>\n<p data-path-to-node=\"8\">El encuentro sirvi\u00f3 asimismo para evaluar el escenario geopol\u00edtico contempor\u00e1neo y sus derivaciones sobre el comercio exterior, coincidiendo en la necesidad de tender puentes directos entre los estados subnacionales y las econom\u00edas desarrolladas para consolidar proyectos de mediano y largo plazo.<\/p>\n<h4 data-path-to-node=\"10\">Tecnolog\u00eda h\u00eddrica de vanguardia en Bah\u00eda Blanca<\/h4>\n<p data-path-to-node=\"11\">Uno de los ejes centrales de la reuni\u00f3n fue la evaluaci\u00f3n del proyecto de remediaci\u00f3n ambiental que la Provincia lleva adelante en el sudoeste bonaerense con desarrollo tecnol\u00f3gico canadiense. A trav\u00e9s de la empresa estatal Aguas Bonaerenses S.A. (ABSA), el gobierno provincial instal\u00f3 un sistema integral de boyas electr\u00f3nicas dise\u00f1ado por la firma norteamericana E M Fluids en el embalse del dique Paso de las Piedras, principal fuente de abastecimiento de agua dulce para las ciudades de Bah\u00eda Blanca y Punta Alta.<\/p>\n<p data-path-to-node=\"12\">Este dispositivo opera mediante la emisi\u00f3n de pulsos electromagn\u00e9ticos de baja frecuencia que alteran la carga superficial del medio acu\u00e1tico, desestabilizando las colonias de microorganismos sin necesidad de aplicar agentes qu\u00edmicos nocivos. Su objetivo prioritario radica en:<\/p>\n<ul data-path-to-node=\"13\">\n<li>\n<p data-path-to-node=\"13,0,0\">Frenar la proliferaci\u00f3n estacional de cianobacterias que comprometen la salubridad del suministro.<\/p>\n<\/li>\n<li>\n<p data-path-to-node=\"13,1,0\">Mitigar el crecimiento excesivo de biomasa algal en los distintos estratos de la columna de agua.<\/p>\n<\/li>\n<li>\n<p data-path-to-node=\"13,2,0\">Mejorar los est\u00e1ndares f\u00edsicos y bacteriol\u00f3gicos del recurso antes de su ingreso a las plantas potabilizadoras Patagonia y Gr\u00fcnbein.<\/p>\n<\/li>\n<li>\n<p data-path-to-node=\"13,3,0\">Reducir los costos operativos derivados del uso intensivo de carb\u00f3n activado y sulfato de aluminio en los tratamientos convencionales.<\/p>\n<\/li>\n<\/ul>\n<p data-path-to-node=\"14\">La iniciativa no opera de forma aislada, sino que se articula bajo la supervisi\u00f3n t\u00e9cnica de la Autoridad del Agua (ADA) y un equipo de investigadores y docentes de la Universidad Nacional del Sur (UNS). Esta alianza p\u00fablico-acad\u00e9mica monitorea peri\u00f3dicamente los par\u00e1metros f\u00edsico-qu\u00edmicos del lago para medir la eficiencia del sistema y generar datos cient\u00edficos locales aplicables a otros cuerpos lagunares del interior bonaerense.<\/p>\n<h4 data-path-to-node=\"16\">Los canales diplom\u00e1ticos y los equipos t\u00e9cnicos presentes<\/h4>\n<p data-path-to-node=\"17\">La mesa de deliberaciones cont\u00f3 con la participaci\u00f3n de funcionarios de las \u00e1reas estrat\u00e9gicas de la administraci\u00f3n provincial y del cuerpo diplom\u00e1tico extranjero. Por el lado bonaerense, acompa\u00f1aron al gobernador el ministro de Gobierno, Carlos Bianco, y el subsecretario de Relaciones Internacionales e Interjurisdiccionales, Juan Manuel Pad\u00edn, quienes gestionan de modo directo los v\u00ednculos con organismos multilaterales y representaciones for\u00e1neas.<\/p>\n<p data-path-to-node=\"18\">Por la delegaci\u00f3n internacional asisti\u00f3, junto al embajador Wheeler, el oficial de Pol\u00edtica y Econom\u00eda de la sede diplom\u00e1tica en Buenos Aires, Santiago Baruh. La presencia de los equipos t\u00e9cnicos permiti\u00f3 acordar un esquema de seguimiento para que las \u00e1reas de producci\u00f3n y ciencia bonaerenses mantengan rondas de trabajo con c\u00e1maras comerciales canadienses en los pr\u00f3ximos meses, con foco en miner\u00eda no metal\u00edfera, energ\u00edas renovables y agrobiotecnolog\u00eda.<\/p>\n<h4 data-path-to-node=\"20\">Hacia una inserci\u00f3n global con valor agregado local<\/h4>\n<p data-path-to-node=\"21\">El di\u00e1logo institucional entre <b data-path-to-node=\"21\" data-index-in-node=\"31\">Kicillof y el embajador de Canad\u00e1<\/b> ratifica la pol\u00edtica de internacionalizaci\u00f3n de la provincia de Buenos Aires mediante la vinculaci\u00f3n con socios estrat\u00e9gicos que combinen solvencia financiera y desarrollos tecnol\u00f3gicos de punta. Frente a los retos h\u00eddricos, productivos y de infraestructura que demandan las principales urbes bonaerenses, la sinergia entre el sector p\u00fablico local, las casas de altos estudios y la inversi\u00f3n externa surge como un camino pragm\u00e1tico para sortear las restricciones del presente y consolidar servicios esenciales m\u00e1s eficientes y sustentables.<\/p>\n","protected":false},"excerpt":{"rendered":"<p>El gobernador Axel Kicillof y el embajador de Canad\u00e1, Stewart Wheeler, mantuvieron una reuni\u00f3n de trabajo este mi\u00e9rcoles en la<\/p>\n","protected":false},"author":1,"featured_media":128840,"comment_status":"closed","ping_status":"closed","sticky":false,"template":"","format":"standard","meta":{"kia_subtitle":"El mandatario bonaerense y Stewart Wheeler repasaron oportunidades econ\u00f3micas, comerciales y cient\u00edficas, adem\u00e1s de evaluar el impacto de la tecnolog\u00eda h\u00eddrica canadiense en Bah\u00eda Blanca.","footnotes":"","jetpack_publicize_message":"","jetpack_publicize_feature_enabled":true,"jetpack_social_post_already_shared":true,"jetpack_social_options":{"image_generator_settings":{"template":"highway","default_image_id":0,"font":"","enabled":false},"version":2},"jetpack_post_was_ever_published":false},"categories":[3,56],"tags":[],"class_list":["post-128839","post","type-post","status-publish","format-standard","has-post-thumbnail","hentry","category-actualidad","category-buenos-aires"],"jetpack_publicize_connections":[],"jetpack_featured_media_url":"https:\/\/laurbedigital.com.ar\/noticias\/wp-content\/uploads\/2026\/09\/20260901-kicillof.png","_links":{"self":[{"href":"https:\/\/laurbedigital.com.ar\/noticias\/wp-json\/wp\/v2\/posts\/128839","targetHints":{"allow":["GET"]}}],"collection":[{"href":"https:\/\/laurbedigital.com.ar\/noticias\/wp-json\/wp\/v2\/posts"}],"about":[{"href":"https:\/\/laurbedigital.com.ar\/noticias\/wp-json\/wp\/v2\/types\/post"}],"author":[{"embeddable":true,"href":"https:\/\/laurbedigital.com.ar\/noticias\/wp-json\/wp\/v2\/users\/1"}],"replies":[{"embeddable":true,"href":"https:\/\/laurbedigital.com.ar\/noticias\/wp-json\/wp\/v2\/comments?post=128839"}],"version-history":[{"count":1,"href":"https:\/\/laurbedigital.com.ar\/noticias\/wp-json\/wp\/v2\/posts\/128839\/revisions"}],"predecessor-version":[{"id":128841,"href":"https:\/\/laurbedigital.com.ar\/noticias\/wp-json\/wp\/v2\/posts\/128839\/revisions\/128841"}],"wp:featuredmedia":[{"embeddable":true,"href":"https:\/\/laurbedigital.com.ar\/noticias\/wp-json\/wp\/v2\/media\/128840"}],"wp:attachment":[{"href":"https:\/\/laurbedigital.com.ar\/noticias\/wp-json\/wp\/v2\/media?parent=128839"}],"wp:term":[{"taxonomy":"category","embeddable":true,"href":"https:\/\/laurbedigital.com.ar\/noticias\/wp-json\/wp\/v2\/categories?post=128839"},{"taxonomy":"post_tag","embeddable":true,"href":"https:\/\/laurbedigital.com.ar\/noticias\/wp-json\/wp\/v2\/tags?post=128839"}],"curies":[{"name":"wp","href":"https:\/\/api.w.org\/{rel}","templated":true}]}}