{"id":128832,"date":"2026-09-02T19:04:53","date_gmt":"2026-09-02T22:04:53","guid":{"rendered":"https:\/\/laurbedigital.com.ar\/noticias\/?p=128832"},"modified":"2026-09-02T19:04:53","modified_gmt":"2026-09-02T22:04:53","slug":"homenaje-a-lionel-messi-la-afa-decreto-un-aplauso-federal","status":"publish","type":"post","link":"https:\/\/laurbedigital.com.ar\/noticias\/2026\/09\/02\/homenaje-a-lionel-messi-la-afa-decreto-un-aplauso-federal\/","title":{"rendered":"Homenaje a Lionel Messi: la AFA decret\u00f3 un aplauso federal"},"content":{"rendered":"<p data-path-to-node=\"3\">El <b data-path-to-node=\"3\" data-index-in-node=\"3\">homenaje a Lionel Messi<\/b> abarcar\u00e1 cada rinc\u00f3n de los cert\u00e1menes oficiales del pa\u00eds tras la confirmaci\u00f3n de la Asociaci\u00f3n del F\u00fatbol Argentino (AFA), que oficializ\u00f3 este mi\u00e9rcoles una medida extraordinaria para reconocer la trayectoria del astro con la camiseta albiceleste. A trav\u00e9s de la publicaci\u00f3n del Bolet\u00edn Oficial N\u00b0 6940 emanado de su Mesa Directiva, la entidad madre del f\u00fatbol nacional estableci\u00f3 que, a lo largo de la pr\u00f3xima fecha, los \u00e1rbitros de todas las divisiones y modalidades deber\u00e1n detener de manera obligatoria las acciones de juego en el minuto diez del primer tiempo para rendir un minuto ininterrumpido de aplausos. La iniciativa llega 48 horas despu\u00e9s del anuncio formal del rosarino sobre el cierre definitivo de su ciclo en el seleccionado mayor, coronando una trayectoria de 21 a\u00f1os ininterrumpidos en el combinado absoluto.<\/p>\n<h4 data-path-to-node=\"5\">Una resoluci\u00f3n un\u00e1nime que cruza todas las disciplinas<\/h4>\n<p data-path-to-node=\"6\">La disposici\u00f3n gubernamental de la calle Viamonte no distingue entre escalas competitivas ni variantes deportivas. La directiva comprende al f\u00fatbol de once en sus variantes profesionales y aficionadas, pero tambi\u00e9n se extiende de modo categ\u00f3rico a las ligas de futsal y de f\u00fatbol playa en todo el territorio argentino. Del mismo modo, el protocolo de detenci\u00f3n del cron\u00f3metro regir\u00e1 id\u00e9ntica validez tanto en las ramas masculinas como en los torneos femeninos de las diversas ligas afiliadas, conformando una reverencia colectiva que alcanzar\u00e1 desde el Estadio Monumental o La Bombonera hasta los predios formativos del interior profundo.<\/p>\n<p data-path-to-node=\"7\">Junto con la pausa reglamentaria de sesenta segundos sobre el campo, el cuerpo colegiado dispuso que en aquellos recintos deportivos que cuenten con infraestructura tecnol\u00f3gica y pantallas gigantes operativas se deber\u00e1 emitir, con car\u00e1cter obligatorio en la antesala de los compromisos, un cortometraje institucional de tributo elaborado por la AFA. La pieza audiovisual sintetiza los momentos cumbres del futbolista rosarino defendiendo el escudo nacional, permitiendo a los simpatizantes congregarse previamente para entonar c\u00e1nticos en su honor antes del silbatazo de inicio.<\/p>\n<h4 data-path-to-node=\"9\">El cierre de una era dorada e irrepetible<\/h4>\n<p data-path-to-node=\"10\">La decisi\u00f3n federativa se conoce luego de que el lunes 31 de agosto al mediod\u00eda el propio delantero comunicara al mundo deportivo su retiro irreversible de la Selecci\u00f3n Argentina. La determinaci\u00f3n clausura una etapa insoslayable iniciada en las divisiones formativas y afianzada en la plantilla principal a partir de su estreno en agosto de 2005. A lo largo de m\u00e1s de dos d\u00e9cadas, Messi se transform\u00f3 en la referencia ineludible del combinado sudamericano, ostentando la capitan\u00eda ininterrumpida desde 2011 y redefiniendo las marcas de excelencia en los torneos m\u00e1s exigentes del calendario internacional.<\/p>\n<p data-path-to-node=\"11\">La despedida del actual atacante del Inter Miami se produce con n\u00fameros que desaf\u00edan la longevidad del deporte de alto rendimiento: visti\u00f3 la camiseta albiceleste en 207 cotejos internacionales y convirti\u00f3 125 goles oficiales, consagr\u00e1ndose como el m\u00e1ximo artillero hist\u00f3rico y el futbolista con mayor cantidad de presencias en los registros de la federaci\u00f3n. Su ciclo cerr\u00f3 un ciclo glorioso que quedar\u00e1 inmortalizado por la obtenci\u00f3n consecutiva de la Copa Am\u00e9rica Brasil 2021, la Finalissima frente a Italia, la Copa Mundial de la FIFA en Qatar 2022 y el bicampeonato continental alcanzado en Estados Unidos 2024.<\/p>\n<h4 data-path-to-node=\"13\">Mec\u00e1nica operativa del minuto diez en los estadios<\/h4>\n<p data-path-to-node=\"14\">El cumplimiento del tributo obligar\u00e1 a una coordinaci\u00f3n precisa entre las ternas arbitrales designadas, los delegados de la Direcci\u00f3n Nacional de Arbitraje y las cadenas de transmisi\u00f3n televisiva. A diferencia de las conmemoraciones tradicionales que se realizan antes del inicio del juego, la interrupci\u00f3n en el minuto diez busca dotar de un valor simb\u00f3lico manifiesto al dorsal caracter\u00edstico del capit\u00e1n.<\/p>\n<p data-path-to-node=\"15\">Los jueces principales pitar\u00e1n la detenci\u00f3n del juego tan pronto el reloj marque los 10:00 del per\u00edodo inicial, indicando a los veintid\u00f3s protagonistas, cuerpos t\u00e9cnicos y autoridades reunirse para sumarse al aplauso general junto al p\u00fablico. Se reanudar\u00e1 con bal\u00f3n a tierra o la reposici\u00f3n que correspondiera al momento exacto de la interrupci\u00f3n. Con esta directiva, los campos de juego de Primera Divisi\u00f3n, la Primera Nacional, las categor\u00edas metropolitanas y el Federal A sincronizar\u00e1n sus tribunas para ofrecer un agradecimiento unificado.<\/p>\n<p data-path-to-node=\"17\">El f\u00fatbol argentino despide en vida deportiva a su m\u00e1ximo referente contempor\u00e1neo con una manifestaci\u00f3n que trasciende colores partidarios y rivalidades cl\u00e1sicas. El fin de semana venidero no ser\u00e1 una jornada habitual para las competencias locales: las canchas pausar\u00e1n su v\u00e9rtigo habitual para certificar que el legado del diez rosarino ya pertenece al patrimonio indeleble de la memoria deportiva popular.<\/p>\n","protected":false},"excerpt":{"rendered":"<p>El homenaje a Lionel Messi abarcar\u00e1 cada rinc\u00f3n de los cert\u00e1menes oficiales del pa\u00eds tras la confirmaci\u00f3n de la Asociaci\u00f3n<\/p>\n","protected":false},"author":1,"featured_media":86110,"comment_status":"closed","ping_status":"closed","sticky":false,"template":"","format":"standard","meta":{"kia_subtitle":"La Asociaci\u00f3n del F\u00fatbol Argentino aprob\u00f3 un tributo un\u00e1nime en todas las canchas del pa\u00eds, deteniendo los partidos en el minuto diez para despedir al capit\u00e1n de la Selecci\u00f3n nacional.","footnotes":"","jetpack_publicize_message":"","jetpack_publicize_feature_enabled":true,"jetpack_social_post_already_shared":true,"jetpack_social_options":{"image_generator_settings":{"template":"highway","default_image_id":0,"font":"","enabled":false},"version":2},"jetpack_post_was_ever_published":false},"categories":[3,41],"tags":[],"class_list":["post-128832","post","type-post","status-publish","format-standard","has-post-thumbnail","hentry","category-actualidad","category-nacionales"],"jetpack_publicize_connections":[],"jetpack_featured_media_url":"https:\/\/laurbedigital.com.ar\/noticias\/wp-content\/uploads\/2022\/12\/20221213-Messi.jpg","_links":{"self":[{"href":"https:\/\/laurbedigital.com.ar\/noticias\/wp-json\/wp\/v2\/posts\/128832","targetHints":{"allow":["GET"]}}],"collection":[{"href":"https:\/\/laurbedigital.com.ar\/noticias\/wp-json\/wp\/v2\/posts"}],"about":[{"href":"https:\/\/laurbedigital.com.ar\/noticias\/wp-json\/wp\/v2\/types\/post"}],"author":[{"embeddable":true,"href":"https:\/\/laurbedigital.com.ar\/noticias\/wp-json\/wp\/v2\/users\/1"}],"replies":[{"embeddable":true,"href":"https:\/\/laurbedigital.com.ar\/noticias\/wp-json\/wp\/v2\/comments?post=128832"}],"version-history":[{"count":1,"href":"https:\/\/laurbedigital.com.ar\/noticias\/wp-json\/wp\/v2\/posts\/128832\/revisions"}],"predecessor-version":[{"id":128833,"href":"https:\/\/laurbedigital.com.ar\/noticias\/wp-json\/wp\/v2\/posts\/128832\/revisions\/128833"}],"wp:featuredmedia":[{"embeddable":true,"href":"https:\/\/laurbedigital.com.ar\/noticias\/wp-json\/wp\/v2\/media\/86110"}],"wp:attachment":[{"href":"https:\/\/laurbedigital.com.ar\/noticias\/wp-json\/wp\/v2\/media?parent=128832"}],"wp:term":[{"taxonomy":"category","embeddable":true,"href":"https:\/\/laurbedigital.com.ar\/noticias\/wp-json\/wp\/v2\/categories?post=128832"},{"taxonomy":"post_tag","embeddable":true,"href":"https:\/\/laurbedigital.com.ar\/noticias\/wp-json\/wp\/v2\/tags?post=128832"}],"curies":[{"name":"wp","href":"https:\/\/api.w.org\/{rel}","templated":true}]}}