{"id":128828,"date":"2026-09-02T19:03:37","date_gmt":"2026-09-02T22:03:37","guid":{"rendered":"https:\/\/laurbedigital.com.ar\/noticias\/?p=128828"},"modified":"2026-09-02T19:03:37","modified_gmt":"2026-09-02T22:03:37","slug":"mis-muertos-tristes-en-netflix-estreno-de-la-serie-de-pablo-larrain","status":"publish","type":"post","link":"https:\/\/laurbedigital.com.ar\/noticias\/2026\/09\/02\/mis-muertos-tristes-en-netflix-estreno-de-la-serie-de-pablo-larrain\/","title":{"rendered":"Mis muertos tristes en Netflix: estreno de la serie de Pablo Larra\u00edn"},"content":{"rendered":"<p data-path-to-node=\"3\"><b data-path-to-node=\"3\" data-index-in-node=\"0\">Mis muertos tristes en Netflix<\/b> desembarcar\u00e1 en el cat\u00e1logo global de la plataforma el pr\u00f3ximo 24 de septiembre, consolidando una de las apuestas de terror psicol\u00f3gico y drama social m\u00e1s esperadas de la temporada audiovisual. La producci\u00f3n de cuatro episodios toma como base el universo literario de la laureada escritora argentina Mariana Enriquez, combinando distintos relatos y figuras de su obra bajo la conducci\u00f3n art\u00edstica del director chileno Pablo Larra\u00edn. Con un reparto protag\u00f3nico integrado por Mercedes Mor\u00e1n, Dolores Fonzi, Alejandra Flechner y Carolina Alvarez, el proyecto tendr\u00e1 su lanzamiento previo en la Secci\u00f3n Oficial de la 74\u00aa edici\u00f3n del Festival Internacional de Cine de San Sebasti\u00e1n, marcando su paso por el circuito de festivales de clase A antes de su distribuci\u00f3n dom\u00e9stica e internacional por streaming.<\/p>\n<h4 data-path-to-node=\"5\">El terror barrial como reflejo del trauma y las cuentas pendientes<\/h4>\n<p data-path-to-node=\"6\">La trama central de la miniserie gira en torno a Ema, una profesional de la salud reci\u00e9n jubilada a quien da vida Mercedes Mor\u00e1n. El personaje carga desde hace tiempo con una particularidad tan abrumadora como perturbadora: posee la capacidad innata de percibir e interactuar con los muertos. En un momento vital marcado por el duelo reciente tras el fallecimiento de su madre y la necesidad de saldar sus propios dilemas biogr\u00e1ficos inconclusos, la llegada al hogar de su sobrina Julie (Carolina Alvarez) funciona como el detonante de una secuencia de hechos an\u00f3malos que fracturan la cotidianidad familiar.<\/p>\n<p data-path-to-node=\"7\">La aparente intimidad dom\u00e9stica se ve sacudida por la coyuntura del entorno exterior. En Piedrabuena, un barrio urbano cruzado por tensiones estructurales y episodios de inseguridad, el asesinato violento de tres adolescentes desata un fen\u00f3meno colectivo inexplicable. Lo que en un comienzo representaba una experiencia aislada y secreta para Ema empieza a expandirse por las calles del vecindario como una marea espectral. La frontera entre el plano terrenal y el mundo de los difuntos colapsa, obligando a los residentes a convivir con apariciones que corporizan sus propios temores, culpas y pasados silenciados.<\/p>\n<h4 data-path-to-node=\"9\">La confluencia entre la narrativa de Enriquez y la mirada de Larra\u00edn<\/h4>\n<p data-path-to-node=\"10\">El desembarco de esta propuesta cinematogr\u00e1fica condensa dos miradas autorales consolidadas dentro del panorama cultural iberoamericano contempor\u00e1neo. Mariana Enriquez se posicion\u00f3 en la \u00faltima d\u00e9cada como la principal renovadora del g\u00e9nero g\u00f3tico y del horror latinoamericano, anclando elementos sobrenaturales en geograf\u00edas reconocibles del Conurbano bonaerense y la Ciudad de Buenos Aires, donde el espanto fant\u00e1stico dialoga de manera constante con heridas pol\u00edticas, cr\u00edmenes no resueltos y precariedades cotidianas.<\/p>\n<p data-path-to-node=\"11\">Por su parte, el realizador chileno Pablo Larra\u00edn asume la direcci\u00f3n imprimiendo su singular estilo de composici\u00f3n dram\u00e1tica y clim\u00e1tica, ampliamente reconocido en obras de alcance global como <i data-path-to-node=\"11\" data-index-in-node=\"193\">Jackie<\/i>, <i data-path-to-node=\"11\" data-index-in-node=\"201\">Spencer<\/i> y <i data-path-to-node=\"11\" data-index-in-node=\"211\">El conde<\/i>. En esta oportunidad, Larra\u00edn apela a un registro donde la manifestaci\u00f3n de lo fantasmal no busca el sobresalto efectista, sino la disecci\u00f3n emocional de personajes que intentan procesar p\u00e9rdidas irreparables dentro de un entorno hostil. La direcci\u00f3n de fotograf\u00eda a cargo de Sergio Armstrong y el dise\u00f1o esc\u00e9nico de Rodrigo Bazaes refuerzan la atm\u00f3sfera opresiva y despojada que caracteriza los textos originales.<\/p>\n<h4 data-path-to-node=\"13\">Un reparto estelar para una arquitectura coral de tensi\u00f3n<\/h4>\n<p data-path-to-node=\"14\">La solidez actoral constituye uno de los pilares determinantes del proyecto. Junto a Mor\u00e1n y Alvarez, Dolores Fonzi y Alejandra Flechner asumen roles preponderantes que dotan a la ficci\u00f3n de una densa carga interpretativa. El reparto de la miniserie incorpora asimismo a reconocidas figuras del circuito teatral y audiovisual argentino y trasandino, tales como Carlos Portaluppi, Germ\u00e1n de Silva y la experimentada actriz chilena Luz Jim\u00e9nez.<\/p>\n<table data-path-to-node=\"15\">\n<thead>\n<tr>\n<td><strong>Ficha t\u00e9cnica<\/strong><\/td>\n<td><strong>Detalle de producci\u00f3n<\/strong><\/td>\n<\/tr>\n<\/thead>\n<tbody>\n<tr>\n<td><span data-path-to-node=\"15,1,0,0\"><b data-path-to-node=\"15,1,0,0\" data-index-in-node=\"0\">T\u00edtulo<\/b><\/span><\/td>\n<td><span data-path-to-node=\"15,1,1,0\">Mis muertos tristes<\/span><\/td>\n<\/tr>\n<tr>\n<td><span data-path-to-node=\"15,2,0,0\"><b data-path-to-node=\"15,2,0,0\" data-index-in-node=\"0\">Formato<\/b><\/span><\/td>\n<td><span data-path-to-node=\"15,2,1,0\">Miniserie de 4 cap\u00edtulos<\/span><\/td>\n<\/tr>\n<tr>\n<td><span data-path-to-node=\"15,3,0,0\"><b data-path-to-node=\"15,3,0,0\" data-index-in-node=\"0\">Direcci\u00f3n<\/b><\/span><\/td>\n<td><span data-path-to-node=\"15,3,1,0\">Pablo Larra\u00edn<\/span><\/td>\n<\/tr>\n<tr>\n<td><span data-path-to-node=\"15,4,0,0\"><b data-path-to-node=\"15,4,0,0\" data-index-in-node=\"0\">Producci\u00f3n general<\/b><\/span><\/td>\n<td><span data-path-to-node=\"15,4,1,0\">Juan de Dios Larra\u00edn, Pablo Larra\u00edn, \u00c1ngela Poblete<\/span><\/td>\n<\/tr>\n<tr>\n<td><span data-path-to-node=\"15,5,0,0\"><b data-path-to-node=\"15,5,0,0\" data-index-in-node=\"0\">Producci\u00f3n ejecutiva<\/b><\/span><\/td>\n<td><span data-path-to-node=\"15,5,1,0\">\u00c1lvaro Cabello, Cristi\u00e1n Donoso<\/span><\/td>\n<\/tr>\n<tr>\n<td><span data-path-to-node=\"15,6,0,0\"><b data-path-to-node=\"15,6,0,0\" data-index-in-node=\"0\">Direcci\u00f3n de fotograf\u00eda<\/b><\/span><\/td>\n<td><span data-path-to-node=\"15,6,1,0\">Sergio Armstrong<\/span><\/td>\n<\/tr>\n<tr>\n<td><span data-path-to-node=\"15,7,0,0\"><b data-path-to-node=\"15,7,0,0\" data-index-in-node=\"0\">Dise\u00f1o de producci\u00f3n<\/b><\/span><\/td>\n<td><span data-path-to-node=\"15,7,1,0\">Rodrigo Bazaes<\/span><\/td>\n<\/tr>\n<tr>\n<td><span data-path-to-node=\"15,8,0,0\"><b data-path-to-node=\"15,8,0,0\" data-index-in-node=\"0\">Elenco principal<\/b><\/span><\/td>\n<td><span data-path-to-node=\"15,8,1,0\">Mercedes Mor\u00e1n, Dolores Fonzi, Alejandra Flechner, Carolina Alvarez<\/span><\/td>\n<\/tr>\n<tr>\n<td><span data-path-to-node=\"15,9,0,0\"><b data-path-to-node=\"15,9,0,0\" data-index-in-node=\"0\">Reparto secundario<\/b><\/span><\/td>\n<td><span data-path-to-node=\"15,9,1,0\">Carlos Portaluppi, Germ\u00e1n de Silva, Luz Jim\u00e9nez<\/span><\/td>\n<\/tr>\n<tr>\n<td><span data-path-to-node=\"15,10,0,0\"><b data-path-to-node=\"15,10,0,0\" data-index-in-node=\"0\">Estreno en streaming<\/b><\/span><\/td>\n<td><span data-path-to-node=\"15,10,1,0\">24 de septiembre (Netflix)<\/span><\/td>\n<\/tr>\n<\/tbody>\n<\/table>\n<h4 data-path-to-node=\"17\">Proyecci\u00f3n internacional y el auge del g\u00e9nero en la pantalla<\/h4>\n<p data-path-to-node=\"18\">El recorrido previo por el Festival de San Sebasti\u00e1n sit\u00faa a la producci\u00f3n en el centro del debate de la cr\u00edtica especializada antes de su disponibilidad masiva. La estrategia de validar el contenido en un certamen europeo ratifica la vocaci\u00f3n cinematogr\u00e1fica del formato, desmarc\u00e1ndose de las narrativas estandarizadas de consumo r\u00e1pido para plantear un ejercicio de autor en formato epis\u00f3dico.<\/p>\n<p data-path-to-node=\"19\">La llegada a los hogares el 24 de septiembre permitir\u00e1 calibrar la respuesta del p\u00fablico frente a una propuesta que renuncia a las convenciones tradicionales del terror convencional. Al explorar la culpa colectiva y el eco persistente de los ausentes, la adaptaci\u00f3n traslada con fidelidad el pulso narrativo de la literatura de Enriquez hacia la pantalla, demostrando que en las barriadas perif\u00e9ricas los verdaderos fantasmas habitan en la memoria indeleble de los sobrevivientes.<\/p>\n","protected":false},"excerpt":{"rendered":"<p>Mis muertos tristes en Netflix desembarcar\u00e1 en el cat\u00e1logo global de la plataforma el pr\u00f3ximo 24 de septiembre, consolidando una<\/p>\n","protected":false},"author":1,"featured_media":128829,"comment_status":"closed","ping_status":"closed","sticky":false,"template":"","format":"standard","meta":{"kia_subtitle":"La serie Mis muertos tristes en Netflix adapta relatos de Mariana Enriquez bajo la direcci\u00f3n de Pablo Larra\u00edn, con un elenco estelar encabezado por Mercedes Mor\u00e1n.","footnotes":"","jetpack_publicize_message":"","jetpack_publicize_feature_enabled":true,"jetpack_social_post_already_shared":true,"jetpack_social_options":{"image_generator_settings":{"template":"highway","default_image_id":0,"font":"","enabled":false},"version":2},"jetpack_post_was_ever_published":false},"categories":[2600,68],"tags":[],"class_list":["post-128828","post","type-post","status-publish","format-standard","has-post-thumbnail","hentry","category-espectaculo","category-cine-y-series"],"jetpack_publicize_connections":[],"jetpack_featured_media_url":"https:\/\/laurbedigital.com.ar\/noticias\/wp-content\/uploads\/2026\/09\/20260901-tres-muertes.png","_links":{"self":[{"href":"https:\/\/laurbedigital.com.ar\/noticias\/wp-json\/wp\/v2\/posts\/128828","targetHints":{"allow":["GET"]}}],"collection":[{"href":"https:\/\/laurbedigital.com.ar\/noticias\/wp-json\/wp\/v2\/posts"}],"about":[{"href":"https:\/\/laurbedigital.com.ar\/noticias\/wp-json\/wp\/v2\/types\/post"}],"author":[{"embeddable":true,"href":"https:\/\/laurbedigital.com.ar\/noticias\/wp-json\/wp\/v2\/users\/1"}],"replies":[{"embeddable":true,"href":"https:\/\/laurbedigital.com.ar\/noticias\/wp-json\/wp\/v2\/comments?post=128828"}],"version-history":[{"count":2,"href":"https:\/\/laurbedigital.com.ar\/noticias\/wp-json\/wp\/v2\/posts\/128828\/revisions"}],"predecessor-version":[{"id":128831,"href":"https:\/\/laurbedigital.com.ar\/noticias\/wp-json\/wp\/v2\/posts\/128828\/revisions\/128831"}],"wp:featuredmedia":[{"embeddable":true,"href":"https:\/\/laurbedigital.com.ar\/noticias\/wp-json\/wp\/v2\/media\/128829"}],"wp:attachment":[{"href":"https:\/\/laurbedigital.com.ar\/noticias\/wp-json\/wp\/v2\/media?parent=128828"}],"wp:term":[{"taxonomy":"category","embeddable":true,"href":"https:\/\/laurbedigital.com.ar\/noticias\/wp-json\/wp\/v2\/categories?post=128828"},{"taxonomy":"post_tag","embeddable":true,"href":"https:\/\/laurbedigital.com.ar\/noticias\/wp-json\/wp\/v2\/tags?post=128828"}],"curies":[{"name":"wp","href":"https:\/\/api.w.org\/{rel}","templated":true}]}}