{"id":128825,"date":"2026-09-02T19:01:44","date_gmt":"2026-09-02T22:01:44","guid":{"rendered":"https:\/\/laurbedigital.com.ar\/noticias\/?p=128825"},"modified":"2026-09-02T19:01:44","modified_gmt":"2026-09-02T22:01:44","slug":"lucia-vergara-hallan-sin-vida-a-la-joven-tras-dos-dias-de-busqueda","status":"publish","type":"post","link":"https:\/\/laurbedigital.com.ar\/noticias\/2026\/09\/02\/lucia-vergara-hallan-sin-vida-a-la-joven-tras-dos-dias-de-busqueda\/","title":{"rendered":"Luc\u00eda Vergara: hallan sin vida a la joven tras dos d\u00edas de b\u00fasqueda"},"content":{"rendered":"<p data-path-to-node=\"3\"><b data-path-to-node=\"3\" data-index-in-node=\"0\">Luc\u00eda Vergara<\/b>, la joven docente de 28 a\u00f1os que era intensamente buscada desde el pasado fin de semana en Ramos Mej\u00eda, fue encontrada sin vida este martes tras confirmarse su fallecimiento en las inmediaciones de las v\u00edas del ferrocarril Sarmiento, en la Ciudad de Buenos Aires. El hallazgo concluye con un desenlace tr\u00e1gico dos jornadas de extrema incertidumbre para su c\u00edrculo \u00edntimo, el cual hab\u00eda radicado una denuncia por averiguaci\u00f3n de paradero en la Comisar\u00eda Segunda de La Matanza luego de perder todo contacto con ella. La confirmaci\u00f3n oficial de su identidad se produjo a partir del cotejo pericial de huellas dactilares, luego de que su cuerpo ingresara a la morgue como NN al no poseer documentaci\u00f3n personal ni pertenencias al momento del impacto ferroviario.<\/p>\n<h4 data-path-to-node=\"5\">El curso de la desaparici\u00f3n y la cronolog\u00eda del domingo<\/h4>\n<p data-path-to-node=\"6\">La \u00faltima vez que su c\u00edrculo familiar vio a Luc\u00eda fue durante la tarde del domingo 30 de agosto, cerca de las 16 horas, momento en que abandon\u00f3 la casa que compart\u00eda con su madre en la localidad bonaerense de Ramos Mej\u00eda. Seg\u00fan testimonios brindados por su hermano, Nahuel, previo a su partida se hab\u00eda producido una discusi\u00f3n dom\u00e9stica habitual. Esta circunstancia llev\u00f3 inicialmente a su madre a interpretar que la joven se ausentar\u00eda de forma transitoria para distenderse en la vivienda de alguna amistad de la zona.<\/p>\n<p data-path-to-node=\"7\">Sin embargo, las sospechas de una situaci\u00f3n an\u00f3mala comenzaron a acumularse con el correr de las horas. Los mensajes de texto y de mensajer\u00eda instant\u00e1nea enviados a su tel\u00e9fono celular dejaron de recibirse y los llamados telef\u00f3nicos directos no obten\u00edan respuesta, derivando de manera autom\u00e1tica en la casilla de voz. La alerta definitiva se activ\u00f3 en la ma\u00f1ana del lunes 31 de agosto, cuando Luc\u00eda no se present\u00f3 a cumplir con sus responsabilidades laborales habituales, un comportamiento in\u00e9dito dada su estricta conducta profesional y su compromiso con las tareas de cuidado que realizaba a diario.<\/p>\n<h4 data-path-to-node=\"9\">El hallazgo en las v\u00edas del Sarmiento y la labor pericial<\/h4>\n<p data-path-to-node=\"10\">De acuerdo con fuentes policiales y judiciales abocadas al caso, el deceso de la joven se habr\u00eda producido en horas de la noche del mismo domingo sobre la traza del tren Sarmiento. El siniestro ocurri\u00f3 a metros de la estaci\u00f3n Floresta, espec\u00edficamente a la altura del paso a nivel de la calle Bel\u00e9n, cuando una formaci\u00f3n ferroviaria embisti\u00f3 a una persona cuya filiaci\u00f3n no pudo determinarse en el lugar debido a la ausencia total de documentos de identidad, tarjetas o aparatos electr\u00f3nicos.<\/p>\n<p data-path-to-node=\"11\">Ante este panorama, el cuerpo permaneci\u00f3 en calidad de no identificado hasta que los peritos de la Polic\u00eda Cient\u00edfica procesaron los registros papilosc\u00f3picos. La comparaci\u00f3n dactilar arroj\u00f3 una coincidencia concluyente con el Registro Nacional de las Personas (Renaper), estableciendo que se trataba de la estudiante buscada por la Justicia bonaerense. A partir de esa acreditaci\u00f3n t\u00e9cnica, se notific\u00f3 de inmediato a la Unidad Funcional de Instrucci\u00f3n interviniente en La Matanza y a las dependencias policiales que coordinaban el rastrillaje territorial.<\/p>\n<h4 data-path-to-node=\"13\">Vocaci\u00f3n docente y el recuerdo en las aulas iniciales<\/h4>\n<p data-path-to-node=\"14\">Luc\u00eda Leiva Vergara cursaba el tramo formativo del Profesorado de Educaci\u00f3n Inicial en el prestigioso Instituto Superior del Profesorado de Educaci\u00f3n Inicial (ISPEI) \u00abSara Eccleston\u00bb, una de las casas de estudio de mayor tradici\u00f3n en la formaci\u00f3n de maestras jardineras del pa\u00eds. Paralelamente a sus estudios superiores, a comienzos de este ciclo lectivo se hab\u00eda incorporado como pasante al jard\u00edn Mi Peque\u00f1a Ciudad, instituci\u00f3n dependiente de la Universidad de Buenos Aires (UBA), donde desempe\u00f1aba tareas pedag\u00f3gicas y de contenci\u00f3n en la sala de lactarios.<\/p>\n<p data-path-to-node=\"15\">Tras la ratificaci\u00f3n de la noticia, las autoridades universitarias emitieron un comunicado institucional donde transmitieron su pesar y ponderaron las cualidades humanas y profesionales de la joven. En el texto, la casa de altos estudios destac\u00f3 su dulzura cotidiana, su calidez vincular y la predisposici\u00f3n contenedora con la que asist\u00eda diariamente a los ni\u00f1os m\u00e1s peque\u00f1os y a sus grupos familiares, transform\u00e1ndose en una presencia apreciada tanto por el plantel docente como por la comunidad de padres.<\/p>\n<h4 data-path-to-node=\"17\">Las l\u00edneas de investigaci\u00f3n judicial para esclarecer el hecho<\/h4>\n<p data-path-to-node=\"18\">Con la identidad certificada, la causa judicial se concentra en reconstruir la ventana temporal cr\u00edtica que transcurri\u00f3 entre las 16 del domingo y el instante en que ocurri\u00f3 el siniestro ferroviario en Floresta. Los investigadores del caso intentan determinar cu\u00e1l fue el trayecto seguido por la joven desde su domicilio de Ramos Mej\u00eda hasta la Ciudad Aut\u00f3noma de Buenos Aires, analizando registros de c\u00e1maras de seguridad p\u00fablicas, monitoreo de transporte y eventuales lectores de tarjetas de viaje.<\/p>\n<p data-path-to-node=\"19\">Asimismo, la fiscal\u00eda mantiene abiertas diversas hip\u00f3tesis periciales para esclarecer fehacientemente la mec\u00e1nica del episodio sobre las v\u00edas, buscando precisar si el hecho respondi\u00f3 a un accidente fortuito o si existieron otros factores o terceros involucrados en los momentos previos al impacto.<\/p>\n<p data-path-to-node=\"21\">El fallecimiento de Luc\u00eda Vergara deja una herida profunda en el barrio de Ramos Mej\u00eda y enluta a la docencia inicial, interrumpiendo tempranamente una trayectoria signada por la dedicaci\u00f3n y el cuidado infantil. El foco de las autoridades descansa ahora en aportar certezas sobre los hechos materiales que derivaron en el fatal desenlace sobre los rieles de Floresta.<\/p>\n","protected":false},"excerpt":{"rendered":"<p>Luc\u00eda Vergara, la joven docente de 28 a\u00f1os que era intensamente buscada desde el pasado fin de semana en Ramos<\/p>\n","protected":false},"author":1,"featured_media":128826,"comment_status":"closed","ping_status":"closed","sticky":false,"template":"","format":"standard","meta":{"kia_subtitle":"Luc\u00eda Vergara fue hallada sin vida en Floresta tras dos d\u00edas de intensa b\u00fasqueda, generando una profunda conmoci\u00f3n en Ramos Mej\u00eda y en toda la comunidad educativa.","footnotes":"","jetpack_publicize_message":"","jetpack_publicize_feature_enabled":true,"jetpack_social_post_already_shared":true,"jetpack_social_options":{"image_generator_settings":{"template":"highway","default_image_id":0,"font":"","enabled":false},"version":2},"jetpack_post_was_ever_published":false},"categories":[8],"tags":[],"class_list":["post-128825","post","type-post","status-publish","format-standard","has-post-thumbnail","hentry","category-policiales"],"jetpack_publicize_connections":[],"jetpack_featured_media_url":"https:\/\/laurbedigital.com.ar\/noticias\/wp-content\/uploads\/2026\/09\/20260901-vergara.png","_links":{"self":[{"href":"https:\/\/laurbedigital.com.ar\/noticias\/wp-json\/wp\/v2\/posts\/128825","targetHints":{"allow":["GET"]}}],"collection":[{"href":"https:\/\/laurbedigital.com.ar\/noticias\/wp-json\/wp\/v2\/posts"}],"about":[{"href":"https:\/\/laurbedigital.com.ar\/noticias\/wp-json\/wp\/v2\/types\/post"}],"author":[{"embeddable":true,"href":"https:\/\/laurbedigital.com.ar\/noticias\/wp-json\/wp\/v2\/users\/1"}],"replies":[{"embeddable":true,"href":"https:\/\/laurbedigital.com.ar\/noticias\/wp-json\/wp\/v2\/comments?post=128825"}],"version-history":[{"count":1,"href":"https:\/\/laurbedigital.com.ar\/noticias\/wp-json\/wp\/v2\/posts\/128825\/revisions"}],"predecessor-version":[{"id":128827,"href":"https:\/\/laurbedigital.com.ar\/noticias\/wp-json\/wp\/v2\/posts\/128825\/revisions\/128827"}],"wp:featuredmedia":[{"embeddable":true,"href":"https:\/\/laurbedigital.com.ar\/noticias\/wp-json\/wp\/v2\/media\/128826"}],"wp:attachment":[{"href":"https:\/\/laurbedigital.com.ar\/noticias\/wp-json\/wp\/v2\/media?parent=128825"}],"wp:term":[{"taxonomy":"category","embeddable":true,"href":"https:\/\/laurbedigital.com.ar\/noticias\/wp-json\/wp\/v2\/categories?post=128825"},{"taxonomy":"post_tag","embeddable":true,"href":"https:\/\/laurbedigital.com.ar\/noticias\/wp-json\/wp\/v2\/tags?post=128825"}],"curies":[{"name":"wp","href":"https:\/\/api.w.org\/{rel}","templated":true}]}}