{"id":128819,"date":"2026-09-02T18:27:15","date_gmt":"2026-09-02T21:27:15","guid":{"rendered":"https:\/\/laurbedigital.com.ar\/noticias\/?p=128819"},"modified":"2026-09-02T18:27:15","modified_gmt":"2026-09-02T21:27:15","slug":"el-municipio-acompano-a-la-delegacion-del-vaticano-que-define-la-llegada-de-papa-leon-xiv-al-cottolengo-don-orione","status":"publish","type":"post","link":"https:\/\/laurbedigital.com.ar\/noticias\/2026\/09\/02\/el-municipio-acompano-a-la-delegacion-del-vaticano-que-define-la-llegada-de-papa-leon-xiv-al-cottolengo-don-orione\/","title":{"rendered":"El Municipio acompa\u00f1\u00f3 a la Delegaci\u00f3n del Vaticano que define la llegada de Papa Le\u00f3n XIV al Cottolengo Don Orione"},"content":{"rendered":"<p>La delegaci\u00f3n estuvo conformada por el arzobispo de Buenos Aires y Primado de la Argentina, monse\u00f1or Jos\u00e9 Garc\u00eda Cuerva; el obispo Ra\u00fal Pizzarro, secretario general de la Conferencia Episcopal Argentina (CEA); el coordinador de los viajes papales, monse\u00f1or Jos\u00e9 Nah\u00fam Jairo Salas Casta\u00f1eda; el presidente del Concejo Deliberante browniano, Nicolas Jawtuschenko; junto a Ra\u00fal Pizarro, y el secretario de Prevenci\u00f3n y seguridad Ciudadana de Alte Brown, Mart\u00edn Borsetti.<\/p>\n<p>Especial importancia tuvo la presencia de los ministros bonaerenses Javier Alonso (Seguridad); y Cristina \u00c1lvarez Rodr\u00edguez (Jefa de Asesores del Gobernador Axel Kicillof).<\/p>\n<p><img loading=\"lazy\" decoding=\"async\" class=\"alignnone size-full wp-image-128814\" src=\"https:\/\/laurbedigital.com.ar\/noticias\/wp-content\/uploads\/2026\/09\/20260902-PAPA1.png\" alt=\"\" width=\"768\" height=\"428\" title=\"\" srcset=\"https:\/\/laurbedigital.com.ar\/noticias\/wp-content\/uploads\/2026\/09\/20260902-PAPA1.png 768w, https:\/\/laurbedigital.com.ar\/noticias\/wp-content\/uploads\/2026\/09\/20260902-PAPA1-300x167.png 300w\" sizes=\"auto, (max-width: 768px) 100vw, 768px\" \/><\/p>\n<p>Tambi\u00e9n participaron de la recorrida el secretario ejecutivo del Episcopado Argentino; el Nuncio Apost\u00f3lico, monse\u00f1or Michael Bbanach; adem\u00e1s de personal de la Gendarmer\u00eda Vaticana y la Guardia Suiza, y la secretaria de Culto de la Naci\u00f3n, Agustina Caulo; y los responsables del Peque\u00f1o Cottolengo de Don Orione: Fernando Montero, Jorge Silanes y Marcelo Besek.<\/p>\n<div>En ese contexto Mariano Cascallares indic\u00f3 que \u00abla visita del Papa Le\u00f3n XIV tiene que ver con completar la vocaci\u00f3n de Francisco por venir a la argentina. Recordar a Francisco constituye una continuidad de ejes que viene planteando Le\u00f3n XIV como es promover la paz, cuidar a los m\u00e1s d\u00e9biles, y tem\u00e1ticas tan actuales como la dignidad humana y el avance de la tecnolog\u00eda en todas sus formas\u00bb.<\/div>\n<p>La visita de la delegaci\u00f3n de la Santa Sede a Claypole se produjo luego de un encuentro mantenido entre autoridades del Episcopado y el gobernador bonaerense, Axel Kicillof, en el que se abordaron distintos detalles relacionados con las actividades previstas durante la presencia del papa en territorio de la Provincia de Buenos Aires.<\/p>\n<p><img loading=\"lazy\" decoding=\"async\" class=\"alignnone size-full wp-image-128815\" src=\"https:\/\/laurbedigital.com.ar\/noticias\/wp-content\/uploads\/2026\/09\/20260902-PAPA2.png\" alt=\"\" width=\"768\" height=\"428\" title=\"\" srcset=\"https:\/\/laurbedigital.com.ar\/noticias\/wp-content\/uploads\/2026\/09\/20260902-PAPA2.png 768w, https:\/\/laurbedigital.com.ar\/noticias\/wp-content\/uploads\/2026\/09\/20260902-PAPA2-300x167.png 300w\" sizes=\"auto, (max-width: 768px) 100vw, 768px\" \/><\/p>\n<h4><b>Antecedente cercano<\/b><\/h4>\n<p>Vale recordar que en julio pasado el Peque\u00f1o Cottolengo de Don Orione fue sede de una multitudinaria Jornada Multisectorial por la Cultura del Encuentro que se desarroll\u00f3 con una fuerte presencia de la Iglesia, la Justicia, Universidades, el Municipio de Alte Brown, numerosos Comunas bonaerenses y dirigentes de todos los sectores.<\/p>\n<p>En efecto, m\u00e1s de 500 dirigentes pol\u00edticos, sociales, gremiales, Obispos y miembros de la Iglesia, rectores de Universidades y representantes de la Justicia se reunieron este s\u00e1bado en el Peque\u00f1o Cottolengo de Don Orione en Almirante Brown para participar de la \u00abJornada Patria por la Cultura del Encuentro: de Francisco a Le\u00f3n XIV en Tiempos de Polarizaci\u00f3n\u00bb organizada por la Comisi\u00f3n Pastoral Social Regi\u00f3n Buenos Aires.<\/p>\n<p>En esta Jornada. que incluy\u00f3 el trabajo en comisiones y la redacci\u00f3n y lectura de un documento final, la iglesia reuni\u00f3 a una gran multisectorial para repensar el legado de Francisco y el pensamiento de Le\u00f3n XIV de cara a los tiempos actuales.<\/p>\n","protected":false},"excerpt":{"rendered":"<p>La delegaci\u00f3n estuvo conformada por el arzobispo de Buenos Aires y Primado de la Argentina, monse\u00f1or Jos\u00e9 Garc\u00eda Cuerva; el<\/p>\n","protected":false},"author":1,"featured_media":128813,"comment_status":"closed","ping_status":"closed","sticky":false,"template":"","format":"standard","meta":{"kia_subtitle":"El Municipio de Almirante Brown acompa\u00f1\u00f3 a la delegaci\u00f3n de enviados de la Santa Sede que este mi\u00e9rcoles 3 de septiembre recorri\u00f3 las instalaciones del Peque\u00f1o Cottolengo de Don Orione, en la localidad de Claypole. La visita eclesi\u00e1stica tuvo como objetivo terminar de definir la llegada del Papa Le\u00f3n XIV de cara al pr\u00f3ximo lunes 9 de noviembre a Almirante Brown, en el marco de su hist\u00f3rica visita a la Rep\u00fablica Argentina.","footnotes":"","jetpack_publicize_message":"","jetpack_publicize_feature_enabled":true,"jetpack_social_post_already_shared":true,"jetpack_social_options":{"image_generator_settings":{"template":"highway","default_image_id":0,"font":"","enabled":false},"version":2},"jetpack_post_was_ever_published":false},"categories":[2,33,249],"tags":[],"class_list":["post-128819","post","type-post","status-publish","format-standard","has-post-thumbnail","hentry","category-alte-brown","category-alte-brown-alte-brown","category-don-orione"],"jetpack_publicize_connections":[],"jetpack_featured_media_url":"https:\/\/laurbedigital.com.ar\/noticias\/wp-content\/uploads\/2026\/09\/20260902-PAPA.png","_links":{"self":[{"href":"https:\/\/laurbedigital.com.ar\/noticias\/wp-json\/wp\/v2\/posts\/128819","targetHints":{"allow":["GET"]}}],"collection":[{"href":"https:\/\/laurbedigital.com.ar\/noticias\/wp-json\/wp\/v2\/posts"}],"about":[{"href":"https:\/\/laurbedigital.com.ar\/noticias\/wp-json\/wp\/v2\/types\/post"}],"author":[{"embeddable":true,"href":"https:\/\/laurbedigital.com.ar\/noticias\/wp-json\/wp\/v2\/users\/1"}],"replies":[{"embeddable":true,"href":"https:\/\/laurbedigital.com.ar\/noticias\/wp-json\/wp\/v2\/comments?post=128819"}],"version-history":[{"count":1,"href":"https:\/\/laurbedigital.com.ar\/noticias\/wp-json\/wp\/v2\/posts\/128819\/revisions"}],"predecessor-version":[{"id":128820,"href":"https:\/\/laurbedigital.com.ar\/noticias\/wp-json\/wp\/v2\/posts\/128819\/revisions\/128820"}],"wp:featuredmedia":[{"embeddable":true,"href":"https:\/\/laurbedigital.com.ar\/noticias\/wp-json\/wp\/v2\/media\/128813"}],"wp:attachment":[{"href":"https:\/\/laurbedigital.com.ar\/noticias\/wp-json\/wp\/v2\/media?parent=128819"}],"wp:term":[{"taxonomy":"category","embeddable":true,"href":"https:\/\/laurbedigital.com.ar\/noticias\/wp-json\/wp\/v2\/categories?post=128819"},{"taxonomy":"post_tag","embeddable":true,"href":"https:\/\/laurbedigital.com.ar\/noticias\/wp-json\/wp\/v2\/tags?post=128819"}],"curies":[{"name":"wp","href":"https:\/\/api.w.org\/{rel}","templated":true}]}}