{"id":128812,"date":"2026-09-02T18:25:28","date_gmt":"2026-09-02T21:25:28","guid":{"rendered":"https:\/\/laurbedigital.com.ar\/noticias\/?p=128812"},"modified":"2026-09-02T18:25:28","modified_gmt":"2026-09-02T21:25:28","slug":"llega-a-alte-brown-un-operativo-para-tramitar-el-pase-libre-multimodal-en-el-transporte-publico","status":"publish","type":"post","link":"https:\/\/laurbedigital.com.ar\/noticias\/2026\/09\/02\/llega-a-alte-brown-un-operativo-para-tramitar-el-pase-libre-multimodal-en-el-transporte-publico\/","title":{"rendered":"Llega a Alte Brown un operativo para tramitar el Pase Libre Multimodal en el transporte p\u00fablico"},"content":{"rendered":"<p>La jornada tendr\u00e1 lugar en el Centro de Acceso a Derechos para Personas con Discapacidad, ubicado en la calle Pellegrini N\u00b01015, entre 9 de Julio y Humberto Primo, a metros de la estaci\u00f3n ferroviaria, de 10 a 14.30 horas.<\/p>\n<p>En la oportunidad, los vecinos que no cuentan con la credencial podr\u00e1n no solo tramitarla sino llev\u00e1rsela en el momento.<\/p>\n<p>Para adquirir dicho beneficio deber\u00e1n presentarse con el Documento Nacional de Identidad, el Certificado \u00danico de Discapacidad (CUD) o la credencial del INCUCAI.<\/p>\n<p><strong><em>\u201cEl Municipio de Almirante Brown trabaja de forma articulada con el Gobierno de la Provincia de Buenos Aires con el objetivo de ampliar derechos y brindar m\u00e1s y mejores servicios a los vecinos del distrito. Estos pases son una herramienta esencial para garantizar la inclusi\u00f3n y el acceso a m\u00e1s oportunidades a toda nuestra gente\u201d, indic\u00f3 Mariano Cascallares.<\/em><\/strong><\/p>\n<p>Vale recordar que el Pase Libre Multimodal (PLM) es una credencial emitida por el Ministerio de Transporte de la Provincia de Buenos Aires que funciona como \u00fanico instrumento de acceso a la gratuidad en el transporte p\u00fablico para las personas que acrediten su condici\u00f3n de beneficiaria: personas con discapacidad, trasplantados y en lista de espera de trasplante.<\/p>\n","protected":false},"excerpt":{"rendered":"<p>La jornada tendr\u00e1 lugar en el Centro de Acceso a Derechos para Personas con Discapacidad, ubicado en la calle Pellegrini<\/p>\n","protected":false},"author":1,"featured_media":128816,"comment_status":"closed","ping_status":"closed","sticky":false,"template":"","format":"standard","meta":{"kia_subtitle":"El Municipio de Almirante Brown inform\u00f3 que este jueves 3 de septiembre, en un trabajo articulado con el Gobierno de la Provincia de Buenos Aires, se llevar\u00e1 adelante en Burzaco un nuevo operativo de tramitaci\u00f3n y entrega de Pases Libres Multimodales que garantizan el acceso a la gratuidad en el transporte p\u00fablico, destinado a personas con discapacidad, trasplantados o en lista de espera.","footnotes":"","jetpack_publicize_message":"","jetpack_publicize_feature_enabled":true,"jetpack_social_post_already_shared":true,"jetpack_social_options":{"image_generator_settings":{"template":"highway","default_image_id":0,"font":"","enabled":false},"version":2},"jetpack_post_was_ever_published":false},"categories":[2,33],"tags":[],"class_list":["post-128812","post","type-post","status-publish","format-standard","has-post-thumbnail","hentry","category-alte-brown","category-alte-brown-alte-brown"],"jetpack_publicize_connections":[],"jetpack_featured_media_url":"https:\/\/laurbedigital.com.ar\/noticias\/wp-content\/uploads\/2026\/09\/20260902-Pase-Libre-Multimodal.png","_links":{"self":[{"href":"https:\/\/laurbedigital.com.ar\/noticias\/wp-json\/wp\/v2\/posts\/128812","targetHints":{"allow":["GET"]}}],"collection":[{"href":"https:\/\/laurbedigital.com.ar\/noticias\/wp-json\/wp\/v2\/posts"}],"about":[{"href":"https:\/\/laurbedigital.com.ar\/noticias\/wp-json\/wp\/v2\/types\/post"}],"author":[{"embeddable":true,"href":"https:\/\/laurbedigital.com.ar\/noticias\/wp-json\/wp\/v2\/users\/1"}],"replies":[{"embeddable":true,"href":"https:\/\/laurbedigital.com.ar\/noticias\/wp-json\/wp\/v2\/comments?post=128812"}],"version-history":[{"count":2,"href":"https:\/\/laurbedigital.com.ar\/noticias\/wp-json\/wp\/v2\/posts\/128812\/revisions"}],"predecessor-version":[{"id":128818,"href":"https:\/\/laurbedigital.com.ar\/noticias\/wp-json\/wp\/v2\/posts\/128812\/revisions\/128818"}],"wp:featuredmedia":[{"embeddable":true,"href":"https:\/\/laurbedigital.com.ar\/noticias\/wp-json\/wp\/v2\/media\/128816"}],"wp:attachment":[{"href":"https:\/\/laurbedigital.com.ar\/noticias\/wp-json\/wp\/v2\/media?parent=128812"}],"wp:term":[{"taxonomy":"category","embeddable":true,"href":"https:\/\/laurbedigital.com.ar\/noticias\/wp-json\/wp\/v2\/categories?post=128812"},{"taxonomy":"post_tag","embeddable":true,"href":"https:\/\/laurbedigital.com.ar\/noticias\/wp-json\/wp\/v2\/tags?post=128812"}],"curies":[{"name":"wp","href":"https:\/\/api.w.org\/{rel}","templated":true}]}}