{"id":128799,"date":"2026-09-02T01:15:13","date_gmt":"2026-09-02T04:15:13","guid":{"rendered":"https:\/\/laurbedigital.com.ar\/noticias\/?p=128799"},"modified":"2026-09-02T01:15:13","modified_gmt":"2026-09-02T04:15:13","slug":"visita-del-papa-leon-xiv-a-buenos-aires-operativo-en-lujan","status":"publish","type":"post","link":"https:\/\/laurbedigital.com.ar\/noticias\/2026\/09\/02\/visita-del-papa-leon-xiv-a-buenos-aires-operativo-en-lujan\/","title":{"rendered":"Visita del Papa Le\u00f3n XIV a Buenos Aires: operativo en Luj\u00e1n"},"content":{"rendered":"<p data-path-to-node=\"4\">La <b data-path-to-node=\"4\" data-index-in-node=\"3\">visita del Papa Le\u00f3n XIV<\/b> a la provincia de Buenos Aires comenz\u00f3 a delinearse formalmente tras una cumbre estrat\u00e9gica celebrada en la Bas\u00edlica de Nuestra Se\u00f1ora de Luj\u00e1n entre el Gobierno bonaerense, las autoridades eclesi\u00e1sticas y el municipio anfitri\u00f3n. El encuentro interinstitucional, desarrollado este martes en el santuario nacional, tuvo como eje central estructurar los dispositivos de seguridad, asistencia sanitaria y log\u00edstica urbana que demandar\u00e1 el desembarco del Sumo Pont\u00edfice en territorio bonaerense durante el pr\u00f3ximo mes de noviembre, ocasi\u00f3n en la que brindar\u00e1 un mensaje centrado en la concordia comunitaria.<\/p>\n<h4 data-path-to-node=\"5\">Coordinaci\u00f3n gubernamental y eclesi\u00e1stica en el templo nacional<\/h4>\n<p data-path-to-node=\"6\">La jefa de Asesores del Gobernador, Cristina Alvarez Rodr\u00edguez, encabez\u00f3 la delegaci\u00f3n provincial en la mesa de trabajo junto al ministro de Seguridad, Javier Alonso, y al intendente de Luj\u00e1n, Leonardo Boto. Por la Iglesia cat\u00f3lica asistieron el arzobispo de la arquidi\u00f3cesis de Mercedes-Luj\u00e1n, Jorge Eduardo Scheinig; el vicario general, presb\u00edtero Lucas Figueroa; el rector de la Bas\u00edlica, presb\u00edtero Lucas Garc\u00eda; el responsable de Liturgia, presb\u00edtero Sebasti\u00e1n R\u00edos, y el coordinador de M\u00fasica sacra, presb\u00edtero Manuel Ascenso.<\/p>\n<p data-path-to-node=\"7\">El temario de la reuni\u00f3n t\u00e9cnica abord\u00f3 desde la delimitaci\u00f3n de los per\u00edmetros de acceso peatonal y vehicular hasta las pautas de control del espacio p\u00fablico circundante a la plaza Belgrano. La presencia de las m\u00e1ximas figuras de las \u00e1reas operativas responde a la necesidad de sincronizar los protocolos religiosos con las demandas de ordenamiento que impone la llegada de miles de fieles provenientes de distintos puntos del pa\u00eds y del exterior.<\/p>\n<h4 data-path-to-node=\"8\">Aplicaci\u00f3n de la normativa para eventos de concurrencia multitudinaria<\/h4>\n<p data-path-to-node=\"9\">Para garantizar el despliegue arm\u00f3nico de la jornada, la administraci\u00f3n provincial pondr\u00e1 en vigencia las pautas contempladas en la resoluci\u00f3n 1.469, aprobada en 2022 bajo la firma del gobernador Axel Kicillof. Esta herramienta reglamentaria estipula las obligaciones concretas del Estado bonaerense en materia de financiamiento, asistencia t\u00e9cnica, protecci\u00f3n civil y custodia preventiva durante peregrinaciones y celebraciones de magnitud en su geograf\u00eda.<\/p>\n<p data-path-to-node=\"10\">Dicho marco normativo permite articular de forma centralizada la provisi\u00f3n de postas de hidrataci\u00f3n, sistemas de derivaci\u00f3n para emergencias m\u00e9dicas hospitalarias, tendidos de telecomunicaciones m\u00f3viles y corredores especiales de evacuaci\u00f3n. Al encuadrar el acontecimiento papal bajo esta disposici\u00f3n legal, el Poder Ejecutivo provincial busca minimizar fricciones burocr\u00e1ticas y destinar recursos operativos espec\u00edficos de manera anticipada.<\/p>\n<h4 data-path-to-node=\"11\">Un cronograma marcado por la devoci\u00f3n mariana en Luj\u00e1n<\/h4>\n<p data-path-to-node=\"12\">La elecci\u00f3n del partido de Luj\u00e1n como epicentro bonaerense del periplo papal guarda una profunda carga simb\u00f3lica. El arribo de la m\u00e1xima autoridad de la Iglesia cat\u00f3lica se concretar\u00e1 en noviembre, apenas unas semanas despu\u00e9s de la 52\u00aa Peregrinaci\u00f3n Juvenil a Luj\u00e1n, el evento de piedad popular m\u00e1s concurrido del pa\u00eds que suele movilizar a m\u00e1s de un mill\u00f3n de personas a pie por las rutas del oeste del conurbano.<\/p>\n<p data-path-to-node=\"13\">Esta proximidad temporal entre ambos hitos religiosos impone una exigencia a\u00f1adida sobre las \u00e1reas de servicios p\u00fablicos y hoteler\u00eda de la regi\u00f3n. El jefe comunal Leonardo Boto remarc\u00f3 que las arterias viales de ingreso, los playones de estacionamiento para micros de larga distancia y las zonas de amortiguaci\u00f3n urbana deber\u00e1n someterse a esquemas de tr\u00e1nsito contingente para mitigar el impacto sobre la vida cotidiana de los vecinos lujanenses.<\/p>\n<h4 data-path-to-node=\"14\">Un equipo multidisciplinario para el dise\u00f1o del dispositivo<\/h4>\n<p data-path-to-node=\"15\">El dise\u00f1o del esquema integral demandar\u00e1 reuniones de seguimiento peri\u00f3dicas hasta el arribo oficial de la delegaci\u00f3n pontificia. En esta primera instancia tambi\u00e9n se integraron a las mesas t\u00e9cnicas el subsecretario de Articulaci\u00f3n Institucional para la Seguridad, Eduardo Aparicio; el director provincial de Cultos, Juan Torreiro, y los secretarios comunales Daniel Dom\u00ednguez y Magdalena Fern\u00e1ndez.<\/p>\n<p data-path-to-node=\"16\">Las comisiones de trabajo abarcar\u00e1n \u00e1reas espec\u00edficas de intervenci\u00f3n:<\/p>\n<ul data-path-to-node=\"17\">\n<li>\n<p data-path-to-node=\"17,0,0\"><b data-path-to-node=\"17,0,0\" data-index-in-node=\"0\">Seguridad y custodia perimetral:<\/b> Coordinaci\u00f3n entre la Polic\u00eda bonaerense, las fuerzas de seguridad federales y el personal asignado a la comitiva papal.<\/p>\n<\/li>\n<li>\n<p data-path-to-node=\"17,1,0\"><b data-path-to-node=\"17,1,0\" data-index-in-node=\"0\">Salud y primeros auxilios:<\/b> Despliegue del Sistema Integrado de Emergencias Sanitarias (SIES), con ambulancias de alta complejidad y hospitales m\u00f3viles en las adyacencias de la bas\u00edlica.<\/p>\n<\/li>\n<li>\n<p data-path-to-node=\"17,2,0\"><b data-path-to-node=\"17,2,0\" data-index-in-node=\"0\">Organizaci\u00f3n del espacio p\u00fablico:<\/b> Control de ventas ambulantes, se\u00f1alizaci\u00f3n de accesos peatonales y delimitaci\u00f3n de sectores para personas con movilidad reducida.<\/p>\n<\/li>\n<li>\n<p data-path-to-node=\"17,3,0\"><b data-path-to-node=\"17,3,0\" data-index-in-node=\"0\">Soporte de infraestructura lit\u00fargica:<\/b> Ajustes ac\u00fasticos, pantallas gigantes para la retransmisi\u00f3n comunitaria y escenarios para el coro y el clero concelebrante.<\/p>\n<\/li>\n<\/ul>\n<p data-path-to-node=\"18\">El inicio de estas reuniones operativas sit\u00faa a la provincia de Buenos Aires en el umbral de un acontecimiento diplom\u00e1tico y pastoral may\u00fasculo. En un contexto social complejo, las autoridades civiles y eclesi\u00e1sticas procuran transformar la cita en Luj\u00e1n en una jornada ordenada donde el mensaje de esperanza del pont\u00edfice llegue con nitidez a una feligres\u00eda masiva.<\/p>\n","protected":false},"excerpt":{"rendered":"<p>La visita del Papa Le\u00f3n XIV a la provincia de Buenos Aires comenz\u00f3 a delinearse formalmente tras una cumbre estrat\u00e9gica<\/p>\n","protected":false},"author":1,"featured_media":128800,"comment_status":"closed","ping_status":"closed","sticky":false,"template":"","format":"standard","meta":{"kia_subtitle":"La visita del Papa Le\u00f3n XIV a la provincia de Buenos Aires moviliza un amplio operativo conjunto de seguridad y log\u00edstica centrado en la Bas\u00edlica de Luj\u00e1n.","footnotes":"","jetpack_publicize_message":"","jetpack_publicize_feature_enabled":true,"jetpack_social_post_already_shared":true,"jetpack_social_options":{"image_generator_settings":{"template":"highway","default_image_id":0,"font":"","enabled":false},"version":2},"jetpack_post_was_ever_published":false},"categories":[3,56],"tags":[],"class_list":["post-128799","post","type-post","status-publish","format-standard","has-post-thumbnail","hentry","category-actualidad","category-buenos-aires"],"jetpack_publicize_connections":[],"jetpack_featured_media_url":"https:\/\/laurbedigital.com.ar\/noticias\/wp-content\/uploads\/2026\/09\/20260901-LUJAN.png","_links":{"self":[{"href":"https:\/\/laurbedigital.com.ar\/noticias\/wp-json\/wp\/v2\/posts\/128799","targetHints":{"allow":["GET"]}}],"collection":[{"href":"https:\/\/laurbedigital.com.ar\/noticias\/wp-json\/wp\/v2\/posts"}],"about":[{"href":"https:\/\/laurbedigital.com.ar\/noticias\/wp-json\/wp\/v2\/types\/post"}],"author":[{"embeddable":true,"href":"https:\/\/laurbedigital.com.ar\/noticias\/wp-json\/wp\/v2\/users\/1"}],"replies":[{"embeddable":true,"href":"https:\/\/laurbedigital.com.ar\/noticias\/wp-json\/wp\/v2\/comments?post=128799"}],"version-history":[{"count":1,"href":"https:\/\/laurbedigital.com.ar\/noticias\/wp-json\/wp\/v2\/posts\/128799\/revisions"}],"predecessor-version":[{"id":128801,"href":"https:\/\/laurbedigital.com.ar\/noticias\/wp-json\/wp\/v2\/posts\/128799\/revisions\/128801"}],"wp:featuredmedia":[{"embeddable":true,"href":"https:\/\/laurbedigital.com.ar\/noticias\/wp-json\/wp\/v2\/media\/128800"}],"wp:attachment":[{"href":"https:\/\/laurbedigital.com.ar\/noticias\/wp-json\/wp\/v2\/media?parent=128799"}],"wp:term":[{"taxonomy":"category","embeddable":true,"href":"https:\/\/laurbedigital.com.ar\/noticias\/wp-json\/wp\/v2\/categories?post=128799"},{"taxonomy":"post_tag","embeddable":true,"href":"https:\/\/laurbedigital.com.ar\/noticias\/wp-json\/wp\/v2\/tags?post=128799"}],"curies":[{"name":"wp","href":"https:\/\/api.w.org\/{rel}","templated":true}]}}