{"id":128797,"date":"2026-09-02T01:08:47","date_gmt":"2026-09-02T04:08:47","guid":{"rendered":"https:\/\/laurbedigital.com.ar\/noticias\/?p=128797"},"modified":"2026-09-02T01:08:47","modified_gmt":"2026-09-02T04:08:47","slug":"primavera-meteorologica-en-el-amba-drastico-frente-frio","status":"publish","type":"post","link":"https:\/\/laurbedigital.com.ar\/noticias\/2026\/09\/02\/primavera-meteorologica-en-el-amba-drastico-frente-frio\/","title":{"rendered":"Primavera meteorol\u00f3gica en el AMBA: dr\u00e1stico frente fr\u00edo"},"content":{"rendered":"<p data-path-to-node=\"4\">La <b data-path-to-node=\"4\" data-index-in-node=\"3\">primavera meteorol\u00f3gica<\/b> comenz\u00f3 formalmente en el \u00c1rea Metropolitana de Buenos Aires (AMBA) con registros templados y tardes soleadas que rozaron los 20 \u00b0C, pero este escenario ben\u00e9volo experimentar\u00e1 una interrupci\u00f3n abrupta hacia el cierre de la semana. La entrada de un potente frente fr\u00edo de origen polar barrena las condiciones de estabilidad sobre el territorio metropolitano, trayendo consigo tormentas aisladas, vientos con r\u00e1fagas y un posterior desplome de las marcas t\u00e9rmicas que dejar\u00e1 valores cercanos a los 3 \u00b0C con riesgo inminente de heladas tard\u00edas en varios distritos bonaerenses.<\/p>\n<h4 data-path-to-node=\"5\">Un inicio estacional dividido entre el calendario y la ciencia<\/h4>\n<p data-path-to-node=\"6\">El calendario civil sit\u00faa el cambio estacional el 21 de septiembre, coincidiendo con el equinoccio astron\u00f3mico. Sin embargo, la meteorolog\u00eda operativa utiliza una divisi\u00f3n convencional de trimestres completos para sistematizar los registros clim\u00e1ticos a nivel global. Bajo este criterio t\u00e9cnico, el 1 de septiembre dio inicio formal a la primavera, abarcando \u00edntegramente los meses de septiembre, octubre y noviembre.<\/p>\n<p data-path-to-node=\"7\">Este debut estacional en la regi\u00f3n rioplatense mostr\u00f3 marcas matinales que oscilaron en torno a los 10,6 \u00b0C \u2014valor medio hist\u00f3rico para estas fechas\u2014, acompa\u00f1adas de bancos de niebla matinales que dieron paso a jornadas sumamente agradables. No obstante, las condiciones sin\u00f3pticas comenzar\u00e1n a deteriorarse conforme avance la semana debido al avance coordinado de masas de aire contrastantes desde el sector sur continental.<\/p>\n<h4 data-path-to-node=\"8\">Mi\u00e9rcoles prefrontal: m\u00e1xima calidez y aumento de la inestabilidad<\/h4>\n<p data-path-to-node=\"9\">Durante la jornada del mi\u00e9rcoles se alcanzar\u00e1 el pico de temperatura previo a la perturbaci\u00f3n atmosf\u00e9rica. Las mediciones en el \u00e1rea central y el conurbano registrar\u00e1n valores de 1 a 2 \u00b0C por encima de los d\u00edas previos, favorecidos por la persistencia de vientos moderados del sector norte que alcanzar\u00e1n r\u00e1fagas de hasta 40 km\/h.<\/p>\n<p data-path-to-node=\"10\">Mientras el Servicio Meteorol\u00f3gico Nacional (SMN) activ\u00f3 advertencias formales por tormentas fuertes para el centro y el sur de la provincia de Buenos Aires, el AMBA no presenta alertas de gravedad inmediata, aunque su atm\u00f3sfera se cargar\u00e1 de abundante humedad. La discrepancia principal radica en los modelos predictivos de escala global: el sistema europeo ECMWF anticipa el ingreso de las primeras tormentas hacia las \u00faltimas horas del mi\u00e9rcoles, en tanto que el modelo estadounidense GFS sit\u00faa el grueso de los chaparrones durante la madrugada del jueves.<\/p>\n<h4 data-path-to-node=\"11\">Jueves de transici\u00f3n con lluvias y rotaci\u00f3n del viento<\/h4>\n<p data-path-to-node=\"12\">El jueves concentrar\u00e1 la inestabilidad m\u00e1s visible sobre la Capital Federal y los municipios circundantes. Las lluvias y tormentas dispersas dominar\u00e1n la primera mitad del d\u00eda, acompa\u00f1adas por un ambiente h\u00famedo y pesado donde el term\u00f3metro se mover\u00e1 dentro de una brecha acotada, entre los 13 \u00b0C de m\u00ednima y los 18 \u00b0C de m\u00e1xima.<\/p>\n<p data-path-to-node=\"13\">Hacia la tarde, el pasaje de la l\u00ednea de inestabilidad forzar\u00e1 la rotaci\u00f3n de los vientos hacia el cuadrante oeste. Este cambio de circulaci\u00f3n disipar\u00e1 la cobertura nubosa y comenzar\u00e1 a inyectar una masa de aire seco y polar, dando por finalizada la fase h\u00fameda del fen\u00f3meno e iniciando el enfriamiento progresivo de la atm\u00f3sfera media.<\/p>\n<h4 data-path-to-node=\"14\">La llegada del aire polar: cronograma del descenso t\u00e9rmico<\/h4>\n<p data-path-to-node=\"15\">El verdadero rigor invernal tard\u00edo se manifestar\u00e1 a partir del viernes, consolidando un desplome t\u00e9rmico sostenido que alcanzar\u00e1 su punto m\u00e1s cr\u00edtico hacia el cierre del fin de semana:<\/p>\n<ul data-path-to-node=\"16\">\n<li>\n<p data-path-to-node=\"16,0,0\"><b data-path-to-node=\"16,0,0\" data-index-in-node=\"0\">Viernes:<\/b> El cielo permanecer\u00e1 mayormente despejado con viento leve del sector oeste. Las marcas t\u00e9rmicas descender\u00e1n notablemente, con una m\u00ednima estimada en 7 \u00b0C y una m\u00e1xima que apenas trepar\u00e1 hasta los 16 \u00b0C.<\/p>\n<\/li>\n<li>\n<p data-path-to-node=\"16,1,0\"><b data-path-to-node=\"16,1,0\" data-index-in-node=\"0\">S\u00e1bado:<\/b> Ingreso directo de una masa polar con vientos moderados a fuertes del cuadrante sur. La m\u00ednima retroceder\u00e1 a los 6 \u00b0C y la m\u00e1xima se desplomar\u00e1 hasta los 11 \u00b0C. El marcado gradiente t\u00e9rmico entre capas no descarta chaparrones aislados y r\u00e1fagas.<\/p>\n<\/li>\n<li>\n<p data-path-to-node=\"16,2,0\"><b data-path-to-node=\"16,2,0\" data-index-in-node=\"0\">Domingo:<\/b> Ser\u00e1 la jornada m\u00e1s g\u00e9lida del ciclo actual e incluso de la semana venidera. La Ciudad de Buenos Aires experimentar\u00e1 marcas m\u00ednimas cercanas a los 3 \u00b0C, mientras que los sectores suburbanos del Gran Buenos Aires quedar\u00e1n expuestos a registros inferiores y probables heladas agron\u00f3micas. En varias localidades, la temperatura m\u00e1xima quedar\u00e1 encasillada en un solo d\u00edgito.<\/p>\n<\/li>\n<\/ul>\n<h4 data-path-to-node=\"17\">Recomendaciones pr\u00e1cticas ante la helada tard\u00eda<\/h4>\n<p data-path-to-node=\"18\">Este pulso polar extempor\u00e1neo ofrece una \u00faltima ventana t\u00e9cnica de oportunidad para las tareas agron\u00f3micas del per\u00edodo fr\u00edo. Quienes mantengan pendientes trabajos de poda estacional o intervenciones de jardiner\u00eda deber\u00e1n aprovechar las jornadas del viernes y s\u00e1bado antes del descenso final del term\u00f3metro.<\/p>\n<p data-path-to-node=\"19\">Asimismo, en los municipios suburbanos del Gran Buenos Aires se sugiere regar de manera preventiva y moderada el suelo durante el atardecer del s\u00e1bado. Esta pr\u00e1ctica eleva la capacidad t\u00e9rmica del sustrato y amortigua la p\u00e9rdida de calor por irradiaci\u00f3n nocturna, resguardando la vegetaci\u00f3n sensible de la helada dominical.<\/p>\n<p data-path-to-node=\"20\">La irrupci\u00f3n polar recuerda la elevada variabilidad clim\u00e1tica propia de las transiciones estacionales en la llanura pampeana. Aunque el trimestre primaveral haya comenzado a correr en los registros oficiales, el invierno conserva la capacidad de proyectar pulsos fr\u00edos que obligan a sostener los recaudos cotidianos y la calefacci\u00f3n domiciliaria.<\/p>\n","protected":false},"excerpt":{"rendered":"<p>La primavera meteorol\u00f3gica comenz\u00f3 formalmente en el \u00c1rea Metropolitana de Buenos Aires (AMBA) con registros templados y tardes soleadas que<\/p>\n","protected":false},"author":1,"featured_media":116384,"comment_status":"closed","ping_status":"closed","sticky":false,"template":"","format":"standard","meta":{"kia_subtitle":"La primavera meteorol\u00f3gica comenz\u00f3 con tardes templadas en el AMBA, pero un frente fr\u00edo polar traer\u00e1 tormentas, desplome t\u00e9rmico y heladas intensas durante el fin de semana.","footnotes":"","jetpack_publicize_message":"","jetpack_publicize_feature_enabled":true,"jetpack_social_post_already_shared":true,"jetpack_social_options":{"image_generator_settings":{"template":"highway","default_image_id":0,"font":"","enabled":false},"version":2},"jetpack_post_was_ever_published":false},"categories":[13],"tags":[],"class_list":["post-128797","post","type-post","status-publish","format-standard","has-post-thumbnail","hentry","category-region"],"jetpack_publicize_connections":[],"jetpack_featured_media_url":"https:\/\/laurbedigital.com.ar\/noticias\/wp-content\/uploads\/2025\/05\/20250529-Frio.jpg","_links":{"self":[{"href":"https:\/\/laurbedigital.com.ar\/noticias\/wp-json\/wp\/v2\/posts\/128797","targetHints":{"allow":["GET"]}}],"collection":[{"href":"https:\/\/laurbedigital.com.ar\/noticias\/wp-json\/wp\/v2\/posts"}],"about":[{"href":"https:\/\/laurbedigital.com.ar\/noticias\/wp-json\/wp\/v2\/types\/post"}],"author":[{"embeddable":true,"href":"https:\/\/laurbedigital.com.ar\/noticias\/wp-json\/wp\/v2\/users\/1"}],"replies":[{"embeddable":true,"href":"https:\/\/laurbedigital.com.ar\/noticias\/wp-json\/wp\/v2\/comments?post=128797"}],"version-history":[{"count":1,"href":"https:\/\/laurbedigital.com.ar\/noticias\/wp-json\/wp\/v2\/posts\/128797\/revisions"}],"predecessor-version":[{"id":128798,"href":"https:\/\/laurbedigital.com.ar\/noticias\/wp-json\/wp\/v2\/posts\/128797\/revisions\/128798"}],"wp:featuredmedia":[{"embeddable":true,"href":"https:\/\/laurbedigital.com.ar\/noticias\/wp-json\/wp\/v2\/media\/116384"}],"wp:attachment":[{"href":"https:\/\/laurbedigital.com.ar\/noticias\/wp-json\/wp\/v2\/media?parent=128797"}],"wp:term":[{"taxonomy":"category","embeddable":true,"href":"https:\/\/laurbedigital.com.ar\/noticias\/wp-json\/wp\/v2\/categories?post=128797"},{"taxonomy":"post_tag","embeddable":true,"href":"https:\/\/laurbedigital.com.ar\/noticias\/wp-json\/wp\/v2\/tags?post=128797"}],"curies":[{"name":"wp","href":"https:\/\/api.w.org\/{rel}","templated":true}]}}