{"id":128795,"date":"2026-09-02T01:06:30","date_gmt":"2026-09-02T04:06:30","guid":{"rendered":"https:\/\/laurbedigital.com.ar\/noticias\/?p=128795"},"modified":"2026-09-02T01:06:30","modified_gmt":"2026-09-02T04:06:30","slug":"produccion-industrial-en-crisis-cayo-102-con-javier-milei","status":"publish","type":"post","link":"https:\/\/laurbedigital.com.ar\/noticias\/2026\/09\/02\/produccion-industrial-en-crisis-cayo-102-con-javier-milei\/","title":{"rendered":"Producci\u00f3n industrial en crisis: cay\u00f3 10,2% con Javier Milei"},"content":{"rendered":"<p data-path-to-node=\"4\">La <b data-path-to-node=\"4\" data-index-in-node=\"3\">producci\u00f3n industrial<\/b> argentina atraviesa una severa contracci\u00f3n estructural que recort\u00f3 su volumen un 10,2% promedio durante la administraci\u00f3n de Javier Milei en comparaci\u00f3n con el ciclo previo, acumulando un retroceso del 1,9% en el primer semestre de 2026. La paralizaci\u00f3n de l\u00edneas productivas, el encarecimiento tarifario y la masiva apertura comercial dejaron a cuatro de cada diez plantas fabriles sin actividad plena, mientras se profundiza el cierre definitivo de establecimientos manufactureros en los principales cordones industriales del pa\u00eds.<\/p>\n<h4 data-path-to-node=\"5\">El retroceso productivo frente a los registros hist\u00f3ricos<\/h4>\n<p data-path-to-node=\"6\">El diagn\u00f3stico elaborado por el Centro de Econom\u00eda Pol\u00edtica Argentina (CEPA) en base a los n\u00fameros del \u00cdndice de Producci\u00f3n Industrial (IPI) del Indec ratifica que el sector manufacturero transita un marcado deterioro. En los primeros seis meses de 2026, la actividad fabril se situ\u00f3 un 2,2% por debajo de los registros correspondientes al mismo intervalo de 2025. Al cotejar la media de la actual gesti\u00f3n contra el esquema previo (enero 2022 &#8211; noviembre 2023), el atraso consolidado asciende al 8,1%.<\/p>\n<p data-path-to-node=\"7\">La p\u00e9rdida de dinamismo fabril ubica al pa\u00eds en un escenario cr\u00edtico a escala global. El desempe\u00f1o de la manufactura argentina arroj\u00f3 una merma del 7,9% entre 2023 y 2025, transform\u00e1ndose en el segundo peor registro entre 56 econom\u00edas monitoreadas a nivel internacional, superado negativamente de manera exclusiva por Hungr\u00eda.<\/p>\n<h4 data-path-to-node=\"8\">Capacidad ociosa y derrumbe en ramas metalmec\u00e1nicas<\/h4>\n<p data-path-to-node=\"9\">Uno de los indicadores m\u00e1s evidentes de la recesi\u00f3n fabril reside en la Utilizaci\u00f3n de la Capacidad Instalada (UCI). En junio de 2026, el uso de maquinarias e infraestructura alcanz\u00f3 apenas el 59,1%, ubic\u00e1ndose 9,5 puntos porcentuales por detr\u00e1s de las cifras registradas en junio de 2023. Este parate implica que el 40,9% del parque instalado en el pa\u00eds permanece inactivo por falta de demanda en el mercado interno y elevados costos de sostenimiento.<\/p>\n<p data-path-to-node=\"10\">Con excepci\u00f3n de la refinaci\u00f3n de petr\u00f3leo, que creci\u00f3 un 5,2% apalancada por los yacimientos no convencionales, y una mejora marginal del 0,3% en alimentos y bebidas, la totalidad de los rubros recort\u00f3 sensiblemente su operatividad. Los sectores m\u00e1s afectados muestran cifras alarmantes:<\/p>\n<ul data-path-to-node=\"11\">\n<li>\n<p data-path-to-node=\"11,0,0\"><b data-path-to-node=\"11,0,0\" data-index-in-node=\"0\">Metalmec\u00e1nica (sin automotriz):<\/b> acus\u00f3 un desplome del 30,9% en el uso de su capacidad operativa instalada.<\/p>\n<\/li>\n<li>\n<p data-path-to-node=\"11,1,0\"><b data-path-to-node=\"11,1,0\" data-index-in-node=\"0\">Minerales no met\u00e1licos:<\/b> vinculados a la construcci\u00f3n y obra p\u00fablica, retrocedieron un 30,4% interanual.<\/p>\n<\/li>\n<\/ul>\n<h4 data-path-to-node=\"12\">Destrucci\u00f3n del empleo formal y quiebre de empresas<\/h4>\n<p data-path-to-node=\"13\">El repliegue fabril afect\u00f3 directamente la n\u00f3mina de trabajadores asalariados. Entre noviembre de 2023 y mayo de 2026, el sector manufacturero perdi\u00f3 97.312 puestos de trabajo registrados, lo que significa una contracci\u00f3n del 8,0% de su plantilla laboral. En ese mismo per\u00edodo, cerraron 4.020 industrias manufactureras formales (-8,1%), la inmensa mayor\u00eda peque\u00f1as y medianas empresas con arraigo territorial.<\/p>\n<p data-path-to-node=\"14\">Esta p\u00e9rdida de tejido productivo vulnera el empleo de calidad. La manufactura local genera 2,5 millones de empleos directos y representa aproximadamente el 18% del Producto Interno Bruto (PIB) nacional, con condiciones salariales superiores a la media econ\u00f3mica. Las pymes, que constituyen el 98% de las firmas y concentran m\u00e1s del 70% del empleo privado, absorben el impacto m\u00e1s agudo ante la imposibilidad de competir en igualdad de condiciones financieras.<\/p>\n<h4 data-path-to-node=\"15\">R\u00e9cord de importaciones en bienes de consumo terminados<\/h4>\n<p data-path-to-node=\"16\">La recesi\u00f3n dom\u00e9stica convive con un marcado crecimiento de productos manufacturados importados. El primer semestre de 2026 consolid\u00f3 el ingreso m\u00e1s abultado de bienes de consumo final de toda la serie hist\u00f3rica estad\u00edstica, alcanzando los 5.362 millones de d\u00f3lares. En el c\u00e1lculo m\u00f3vil de los \u00faltimos doce meses, estas compras externas treparon a 11.496 millones de d\u00f3lares.<\/p>\n<p data-path-to-node=\"17\">Apenas diez ramas econ\u00f3micas concentraron el 84,7% del ingreso de estos bienes. En la comparaci\u00f3n directa frente al primer semestre de 2023, las importaciones crecieron con fuerza en renglones sensibles:<\/p>\n<ul data-path-to-node=\"18\">\n<li>\n<p data-path-to-node=\"18,0,0\"><b data-path-to-node=\"18,0,0\" data-index-in-node=\"0\">Electrodom\u00e9sticos, bater\u00edas y l\u00e1mparas:<\/b> alza del 109,2%.<\/p>\n<\/li>\n<li>\n<p data-path-to-node=\"18,1,0\"><b data-path-to-node=\"18,1,0\" data-index-in-node=\"0\">Prendas de vestir y calzado:<\/b> incremento del 86,3%.<\/p>\n<\/li>\n<li>\n<p data-path-to-node=\"18,2,0\"><b data-path-to-node=\"18,2,0\" data-index-in-node=\"0\">Motos, bicicletas y veh\u00edculos menores:<\/b> avance del 67,6%.<\/p>\n<\/li>\n<li>\n<p data-path-to-node=\"18,3,0\"><b data-path-to-node=\"18,3,0\" data-index-in-node=\"0\">Productos alimenticios procesados:<\/b> salto del 51,9%.<\/p>\n<\/li>\n<li>\n<p data-path-to-node=\"18,4,0\"><b data-path-to-node=\"18,4,0\" data-index-in-node=\"0\">Especialidades farmac\u00e9uticas:<\/b> incremento del 27,0%.<\/p>\n<\/li>\n<\/ul>\n<p data-path-to-node=\"19\">Estos cinco grupos explicaron casi la mitad (45,5%) de las importaciones totales de bienes de consumo terminados que ingresaron al pa\u00eds durante la primera mitad del a\u00f1o corriente.<\/p>\n<h4 data-path-to-node=\"20\">Factores de pol\u00edtica econ\u00f3mica que explican el retroceso<\/h4>\n<p data-path-to-node=\"21\">El informe t\u00e9cnico de CEPA califica este escenario como el resultado de un \u00absesgo antiindustrial\u00bb deliberado en la pol\u00edtica macroecon\u00f3mica. A diferencia de las econom\u00edas centrales que implementan barreras y subsidios para defender su valor agregado, las medidas oficiales recientes desarticularon los incentivos locales de base.<\/p>\n<p data-path-to-node=\"22\">Entre los factores detonantes convergen la fuerte suba en los cuadros tarifarios de gas y energ\u00eda el\u00e9ctrica para plantas fabriles, la derogaci\u00f3n formal del r\u00e9gimen de Compre Nacional, la reducci\u00f3n abrupta de los aranceles aduaneros, el corte definitivo de l\u00edneas de cr\u00e9dito blando para inversi\u00f3n productiva, la disoluci\u00f3n de la Secretar\u00eda de la Peque\u00f1a y Mediana Empresa (PyME) y la desfinanciaci\u00f3n de los programas estatales de ciencia, tecnolog\u00eda y desarrollo industrial.<\/p>\n<p data-path-to-node=\"23\">El retroceso fabril compromete la densidad productiva de la Argentina, limitando sus ventajas hist\u00f3ricas de diversificaci\u00f3n en Sudam\u00e9rica y relegando al entramado fabril frente a un flujo externo que desplaza trabajo calificado nacional.<\/p>\n","protected":false},"excerpt":{"rendered":"<p>La producci\u00f3n industrial argentina atraviesa una severa contracci\u00f3n estructural que recort\u00f3 su volumen un 10,2% promedio durante la administraci\u00f3n de<\/p>\n","protected":false},"author":1,"featured_media":124385,"comment_status":"closed","ping_status":"closed","sticky":false,"template":"","format":"standard","meta":{"kia_subtitle":"La producci\u00f3n industrial se desplom\u00f3 m\u00e1s de un 10% durante la actual gesti\u00f3n nacional, con p\u00e9rdida de 97.000 puestos fabriles y r\u00e9cord hist\u00f3rico de bienes importados.","footnotes":"","jetpack_publicize_message":"","jetpack_publicize_feature_enabled":true,"jetpack_social_post_already_shared":true,"jetpack_social_options":{"image_generator_settings":{"template":"highway","default_image_id":0,"font":"","enabled":false},"version":2},"jetpack_post_was_ever_published":false},"categories":[3,41],"tags":[],"class_list":["post-128795","post","type-post","status-publish","format-standard","has-post-thumbnail","hentry","category-actualidad","category-nacionales"],"jetpack_publicize_connections":[],"jetpack_featured_media_url":"https:\/\/laurbedigital.com.ar\/noticias\/wp-content\/uploads\/2026\/02\/20260219-METALURGICA-INDUSTRIAL.jpg","_links":{"self":[{"href":"https:\/\/laurbedigital.com.ar\/noticias\/wp-json\/wp\/v2\/posts\/128795","targetHints":{"allow":["GET"]}}],"collection":[{"href":"https:\/\/laurbedigital.com.ar\/noticias\/wp-json\/wp\/v2\/posts"}],"about":[{"href":"https:\/\/laurbedigital.com.ar\/noticias\/wp-json\/wp\/v2\/types\/post"}],"author":[{"embeddable":true,"href":"https:\/\/laurbedigital.com.ar\/noticias\/wp-json\/wp\/v2\/users\/1"}],"replies":[{"embeddable":true,"href":"https:\/\/laurbedigital.com.ar\/noticias\/wp-json\/wp\/v2\/comments?post=128795"}],"version-history":[{"count":1,"href":"https:\/\/laurbedigital.com.ar\/noticias\/wp-json\/wp\/v2\/posts\/128795\/revisions"}],"predecessor-version":[{"id":128796,"href":"https:\/\/laurbedigital.com.ar\/noticias\/wp-json\/wp\/v2\/posts\/128795\/revisions\/128796"}],"wp:featuredmedia":[{"embeddable":true,"href":"https:\/\/laurbedigital.com.ar\/noticias\/wp-json\/wp\/v2\/media\/124385"}],"wp:attachment":[{"href":"https:\/\/laurbedigital.com.ar\/noticias\/wp-json\/wp\/v2\/media?parent=128795"}],"wp:term":[{"taxonomy":"category","embeddable":true,"href":"https:\/\/laurbedigital.com.ar\/noticias\/wp-json\/wp\/v2\/categories?post=128795"},{"taxonomy":"post_tag","embeddable":true,"href":"https:\/\/laurbedigital.com.ar\/noticias\/wp-json\/wp\/v2\/tags?post=128795"}],"curies":[{"name":"wp","href":"https:\/\/api.w.org\/{rel}","templated":true}]}}