{"id":128793,"date":"2026-09-02T01:04:40","date_gmt":"2026-09-02T04:04:40","guid":{"rendered":"https:\/\/laurbedigital.com.ar\/noticias\/?p=128793"},"modified":"2026-09-02T01:04:40","modified_gmt":"2026-09-02T04:04:40","slug":"ley-agostina-proyecto-de-proteccion-infantil-en-cordoba","status":"publish","type":"post","link":"https:\/\/laurbedigital.com.ar\/noticias\/2026\/09\/02\/ley-agostina-proyecto-de-proteccion-infantil-en-cordoba\/","title":{"rendered":"Ley Agostina: proyecto de protecci\u00f3n infantil en C\u00f3rdoba"},"content":{"rendered":"<p data-path-to-node=\"4\">La <b data-path-to-node=\"4\" data-index-in-node=\"3\">Ley Agostina<\/b> ingres\u00f3 formalmente a la Legislatura de C\u00f3rdoba de la mano de Gabriel Vega, padre de la adolescente de 14 a\u00f1os v\u00edctima de femicidio, con el objetivo de dotar al Estado provincial de mecanismos urgentes para prevenir, detectar y proteger a ni\u00f1os, ni\u00f1as y adolescentes ante situaciones de violencia o vulnerabilidad. A m\u00e1s de tres meses del crimen que conmocion\u00f3 a la provincia y que mantiene a seis personas detenidas, la iniciativa propone una reconfiguraci\u00f3n estructural en el modo en que las instituciones p\u00fablicas y civiles detectan los indicadores de riesgo antes de que ocurran desenlaces fatales.<\/p>\n<h4 data-path-to-node=\"5\">El origen de una demanda urgente de justicia y prevenci\u00f3n<\/h4>\n<p data-path-to-node=\"6\">El femicidio de Agostina desnud\u00f3 fallas cr\u00edticas en los canales de alerta temprana y en la articulaci\u00f3n de los organismos estatales frente a situaciones de violencia contra menores. Gabriel Vega encabez\u00f3 la redacci\u00f3n de este documento legal como una respuesta constructiva nacida de la tragedia, buscando que ninguna familia vuelva a transitar por la desprotecci\u00f3n institucional.<\/p>\n<p data-path-to-node=\"7\">La propuesta legislativa pone el foco en la inmediatez de la respuesta p\u00fablica. El texto subraya que las alertas no deben quedar atrapadas en burocracias administrativas cuando un menor da se\u00f1ales de auxilio dentro de su entorno cotidiano, garantizando un marco normativo claro para los operadores de primera l\u00ednea.<\/p>\n<h4 data-path-to-node=\"8\">Los ocho ejes estrat\u00e9gicos que estructuran la iniciativa<\/h4>\n<p data-path-to-node=\"9\">El coraz\u00f3n del proyecto presentado en el parlamento cordob\u00e9s se sintetiza en ocho puntos fundamentales, dise\u00f1ados para generar un circuito coordinado de intervenci\u00f3n inmediata entre distintos estamentos sociales e institucionales:<\/p>\n<ul data-path-to-node=\"10\">\n<li>\n<p data-path-to-node=\"10,0,0\"><b data-path-to-node=\"10,0,0\" data-index-in-node=\"0\">Detecci\u00f3n en establecimientos educativos:<\/b> Capacitaci\u00f3n continua del personal docente y no docente para identificar signos tempranos de maltrato, vulnerabilidad o coerci\u00f3n externa dentro de las aulas.<\/p>\n<\/li>\n<li>\n<p data-path-to-node=\"10,1,0\"><b data-path-to-node=\"10,1,0\" data-index-in-node=\"0\">Protocolos integrales de actuaci\u00f3n:<\/b> Gu\u00edas de intervenci\u00f3n r\u00e1pida ante ausentismo reiterado, cambios dr\u00e1sticos de conducta, sospechas de violencia f\u00edsica o ps\u00edquica, abuso sexual, autolesiones, <i data-path-to-node=\"10,1,0\" data-index-in-node=\"193\">grooming<\/i> y consumos de sustancias.<\/p>\n<\/li>\n<li>\n<p data-path-to-node=\"10,2,0\"><b data-path-to-node=\"10,2,0\" data-index-in-node=\"0\">Abordaje interdisciplinario de consumos:<\/b> Dispositivos especializados de contenci\u00f3n que eval\u00faen integralmente los riesgos sin criminalizar ni estigmatizar al menor afectado.<\/p>\n<\/li>\n<li>\n<p data-path-to-node=\"10,3,0\"><b data-path-to-node=\"10,3,0\" data-index-in-node=\"0\">Comunicaci\u00f3n judicial obligatoria:<\/b> En los litigios del fuero de Familia, los juzgados deber\u00e1n cruzar de oficio los indicadores de riesgo para activar medidas cautelares sin demoras procedimentales.<\/p>\n<\/li>\n<li>\n<p data-path-to-node=\"10,4,0\"><b data-path-to-node=\"10,4,0\" data-index-in-node=\"0\">Protecci\u00f3n activa en clubes deportivos:<\/b> Creaci\u00f3n obligatoria de protocolos espec\u00edficos y la designaci\u00f3n formal de un referente institucional en cada entidad que albergue a ni\u00f1os, ni\u00f1as y adolescentes.<\/p>\n<\/li>\n<li>\n<p data-path-to-node=\"10,5,0\"><b data-path-to-node=\"10,5,0\" data-index-in-node=\"0\">Evaluaci\u00f3n y trazabilidad estad\u00edstica:<\/b> Construcci\u00f3n de un registro de datos anonimizados que permita auditar el desempe\u00f1o de los organismos y optimizar las pol\u00edticas de minoridad en base a evidencia.<\/p>\n<\/li>\n<li>\n<p data-path-to-node=\"10,6,0\"><b data-path-to-node=\"10,6,0\" data-index-in-node=\"0\">Coordinaci\u00f3n interinstitucional vinculante:<\/b> Articulaci\u00f3n obligatoria de acciones entre la Secretar\u00eda de Ni\u00f1ez, Adolescencia y Familia (SENAF), los ministerios de Educaci\u00f3n, Salud y Justicia, el Ministerio P\u00fablico Fiscal y los municipios.<\/p>\n<\/li>\n<li>\n<p data-path-to-node=\"10,7,0\"><b data-path-to-node=\"10,7,0\" data-index-in-node=\"0\">Implementaci\u00f3n progresiva y eficiente:<\/b> Despliegue de la normativa optimizando los recursos humanos y materiales ya existentes en la administraci\u00f3n, evitando estructuras redundantes.<\/p>\n<\/li>\n<\/ul>\n<h4 data-path-to-node=\"11\">Coordinaci\u00f3n y complementariedad con el marco federal<\/h4>\n<p data-path-to-node=\"12\">El proyecto no busca superponerse con la normativa vigente a nivel nacional, sino actuar como un eslab\u00f3n resolutivo y operativo en el \u00e1mbito local. En ese sentido, la <b data-path-to-node=\"12\" data-index-in-node=\"167\">Ley Agostina<\/b> se articula de manera directa con la Ley Lucio (Ley Nacional 27.709), generando un ecosistema de protecci\u00f3n complementario.<\/p>\n<p data-path-to-node=\"13\">Mientras la normativa federal instruye y capacita a los agentes p\u00fablicos de los tres poderes del Estado para advertir vulneraciones de derechos, la propuesta provincial cordobesa organiza la ruta cr\u00edtica que debe activarse una vez detectado el indicio. Esta divisi\u00f3n funcional busca resolver los cuellos de botella procesales donde las denuncias previas quedaban archivadas o dispersas entre distintas dependencias sin ejecuci\u00f3n concreta.<\/p>\n<h4 data-path-to-node=\"14\">El \u00e1mbito deportivo y comunitario como primer cord\u00f3n de alerta<\/h4>\n<p data-path-to-node=\"15\">Uno de los aportes m\u00e1s novedosos del proyecto radica en sacar la protecci\u00f3n del menor del l\u00edmite estrictamente escolar y judicial para llevarla a los clubes de barrio y centros comunitarios. Estas instituciones suelen funcionar como el espacio de mayor confianza y contenci\u00f3n para las infancias fuera del \u00e1mbito del hogar.<\/p>\n<p data-path-to-node=\"16\">Al institucionalizar la figura de un referente capacitado dentro de las asociaciones deportivas, el proyecto dota a dirigentes, entrenadores y preparadores f\u00edsicos de herramientas precisas para actuar. De este modo, los clubes dejan de ser testigos pasivos para transformarse en receptores activos de denuncias y derivaciones tempranas.<\/p>\n<h4 data-path-to-node=\"17\">Un reclamo transformado en pol\u00edtica p\u00fablica<\/h4>\n<p data-path-to-node=\"18\">El ingreso formal del expediente en la Legislatura provincial abre el debate en las comisiones t\u00e9cnicas de Derechos Humanos, Ni\u00f1ez y Legislaci\u00f3n General. Los legisladores tienen ante s\u00ed una propuesta impulsada por la propia comunidad que conjuga el clamor social de justicia con una t\u00e9cnica normativa orientada a la eficacia procesal.<\/p>\n<p data-path-to-node=\"19\">Transformar el expediente penal de un femicidio en una pol\u00edtica de Estado perdurable representa el mandato fundamental de esta iniciativa: erradicar la indiferencia estatal para que las se\u00f1ales de auxilio de la ni\u00f1ez reciban una respuesta certera, humana e inmediata.<\/p>\n","protected":false},"excerpt":{"rendered":"<p>La Ley Agostina ingres\u00f3 formalmente a la Legislatura de C\u00f3rdoba de la mano de Gabriel Vega, padre de la adolescente<\/p>\n","protected":false},"author":1,"featured_media":127072,"comment_status":"closed","ping_status":"closed","sticky":false,"template":"","format":"standard","meta":{"kia_subtitle":"La Ley Agostina busca transformar el dolor del femicidio en C\u00f3rdoba en un escudo legal integral que blindar\u00e1 las alertas tempranas escolares, deportivas y judiciales.","footnotes":"","jetpack_publicize_message":"","jetpack_publicize_feature_enabled":true,"jetpack_social_post_already_shared":true,"jetpack_social_options":{"image_generator_settings":{"template":"highway","default_image_id":0,"font":"","enabled":false},"version":2},"jetpack_post_was_ever_published":false},"categories":[8],"tags":[],"class_list":["post-128793","post","type-post","status-publish","format-standard","has-post-thumbnail","hentry","category-policiales"],"jetpack_publicize_connections":[],"jetpack_featured_media_url":"https:\/\/laurbedigital.com.ar\/noticias\/wp-content\/uploads\/2026\/06\/20260601-AGOSTINA-VEGA.png","_links":{"self":[{"href":"https:\/\/laurbedigital.com.ar\/noticias\/wp-json\/wp\/v2\/posts\/128793","targetHints":{"allow":["GET"]}}],"collection":[{"href":"https:\/\/laurbedigital.com.ar\/noticias\/wp-json\/wp\/v2\/posts"}],"about":[{"href":"https:\/\/laurbedigital.com.ar\/noticias\/wp-json\/wp\/v2\/types\/post"}],"author":[{"embeddable":true,"href":"https:\/\/laurbedigital.com.ar\/noticias\/wp-json\/wp\/v2\/users\/1"}],"replies":[{"embeddable":true,"href":"https:\/\/laurbedigital.com.ar\/noticias\/wp-json\/wp\/v2\/comments?post=128793"}],"version-history":[{"count":1,"href":"https:\/\/laurbedigital.com.ar\/noticias\/wp-json\/wp\/v2\/posts\/128793\/revisions"}],"predecessor-version":[{"id":128794,"href":"https:\/\/laurbedigital.com.ar\/noticias\/wp-json\/wp\/v2\/posts\/128793\/revisions\/128794"}],"wp:featuredmedia":[{"embeddable":true,"href":"https:\/\/laurbedigital.com.ar\/noticias\/wp-json\/wp\/v2\/media\/127072"}],"wp:attachment":[{"href":"https:\/\/laurbedigital.com.ar\/noticias\/wp-json\/wp\/v2\/media?parent=128793"}],"wp:term":[{"taxonomy":"category","embeddable":true,"href":"https:\/\/laurbedigital.com.ar\/noticias\/wp-json\/wp\/v2\/categories?post=128793"},{"taxonomy":"post_tag","embeddable":true,"href":"https:\/\/laurbedigital.com.ar\/noticias\/wp-json\/wp\/v2\/tags?post=128793"}],"curies":[{"name":"wp","href":"https:\/\/api.w.org\/{rel}","templated":true}]}}