{"id":128791,"date":"2026-09-02T01:03:08","date_gmt":"2026-09-02T04:03:08","guid":{"rendered":"https:\/\/laurbedigital.com.ar\/noticias\/?p=128791"},"modified":"2026-09-02T01:45:03","modified_gmt":"2026-09-02T04:45:03","slug":"cobertura-medica-privada-en-caida-12-millones-van-al-hospital-publico","status":"publish","type":"post","link":"https:\/\/laurbedigital.com.ar\/noticias\/2026\/09\/02\/cobertura-medica-privada-en-caida-12-millones-van-al-hospital-publico\/","title":{"rendered":"Cobertura m\u00e9dica privada en ca\u00edda: 1,2 millones van al hospital p\u00fablico"},"content":{"rendered":"<p data-path-to-node=\"4\">La <b data-path-to-node=\"4\" data-index-in-node=\"3\">cobertura m\u00e9dica privada<\/b> se redujo dr\u00e1sticamente en la Argentina tras la salida de m\u00e1s de 1,2 millones de personas del sistema privado entre fines de 2023 y el primer trimestre de 2026. Esta migraci\u00f3n masiva hacia los centros de atenci\u00f3n estatales responde de forma directa a los incrementos en las cuotas de la medicina prepaga por encima de la inflaci\u00f3n general y al deterioro sostenido del empleo registrado, factores que reconfiguran el mapa sanitario nacional y saturan la capacidad operativa de los efectores p\u00fablicos en todas las provincias.<\/p>\n<h4 data-path-to-node=\"5\">El cruce entre aumentos tarifarios y contracci\u00f3n laboral<\/h4>\n<p data-path-to-node=\"6\">Los registros elaborados por el Instituto Argentina Grande (IAG), a partir del procesamiento de datos del Instituto Nacional de Estad\u00edstica y Censos (INDEC), exponen que 1.246.285 personas abandonaron sus planes de medicina prepaga, obras sociales o mutuales. Este segmento poblacional pas\u00f3 a depender de manera exclusiva del presupuesto y la infraestructura del Estado.<\/p>\n<p data-path-to-node=\"7\">El informe vincula esta contracci\u00f3n a dos variables macroecon\u00f3micas concurrentes: la desregulaci\u00f3n de precios del sector salud y la destrucci\u00f3n de empleo formal. Entre noviembre de 2023 y julio de 2026, las cuotas de las empresas prestadoras acumularon un alza del 475%, cifra que super\u00f3 holgadamente a la inflaci\u00f3n acumulada del mismo per\u00edodo, fijada en 329%. En paralelo, la econom\u00eda argentina registr\u00f3 la baja de 241.746 puestos formales. Al extinguirse la relaci\u00f3n de dependencia formal, cesa autom\u00e1ticamente la afiliaci\u00f3n sindical o corporativa, extendiendo la desprotecci\u00f3n asistencial a todo el grupo familiar primario.<\/p>\n<h4 data-path-to-node=\"8\">Conurbano bonaerense y regiones bajo tensi\u00f3n sanitaria<\/h4>\n<p data-path-to-node=\"9\">La p\u00e9rdida de la <b data-path-to-node=\"9\" data-index-in-node=\"17\">cobertura m\u00e9dica privada<\/b> hall\u00f3 su mayor volumen nominal en el Gran Buenos Aires (GBA), epicentro demogr\u00e1fico del pa\u00eds. En los partidos del conurbano, el universo de habitantes sin cobertura arancelada se expandi\u00f3 un 21,4%. Si se observa el \u00c1rea Metropolitana en su conjunto, la dependencia del sistema p\u00fablico pas\u00f3 del 30,8% al 35,9%, lo que implic\u00f3 el ingreso neto de 904.131 personas a las salas de espera de hospitales municipales y provinciales.<\/p>\n<p data-path-to-node=\"10\">En t\u00e9rminos proporcionales, el Noreste argentino ratific\u00f3 su posici\u00f3n como el territorio de mayor vulnerabilidad estructural: el 46,3% de su poblaci\u00f3n carece hoy de alternativa fuera del circuito estatal, sumando 40.716 nuevos pacientes. En Cuyo, el segmento dependiente de la salud p\u00fablica avanz\u00f3 del 34,3% al 38,0% (82.708 personas a\u00f1adidas), mientras que la regi\u00f3n Pampeana incorpor\u00f3 a 146.481 ciudadanos al sistema p\u00fablico, llevando su ratio al 32,0%. Por su parte, el Noroeste sum\u00f3 43.227 usuarios, alcanzando un nivel de cobertura p\u00fablica exclusiva del 39,6%, y la Patagonia ascendi\u00f3 del 21,5% al 23,4% con 29.022 incorporaciones netas.<\/p>\n<h4 data-path-to-node=\"11\">Los conglomerados urbanos con mayores alzas relativas<\/h4>\n<p data-path-to-node=\"12\">Al desagregar las estad\u00edsticas por aglomerados urbanos, los mayores incrementos porcentuales no se ubicaron en las capitales m\u00e1s densas, sino en puntos intermedios con fuerte impacto del costo de vida y el desempleo sectorial.<\/p>\n<p data-path-to-node=\"13\">El polo fueguino integrado por Ushuaia y R\u00edo Grande encabez\u00f3 la n\u00f3mina nacional con un salto del 47,1% en la cantidad de personas que perdieron su afiliaci\u00f3n privada. Detr\u00e1s se posicion\u00f3 el aglomerado de Viedma &#8211; Carmen de Patagones, con una suba interanual del 40,1%, seguido por el Gran Catamarca, que evidenci\u00f3 una expansi\u00f3n del 21,8% en su masa de usuarios del sistema de salud p\u00fablica.<\/p>\n<h4 data-path-to-node=\"14\">Un retroceso homog\u00e9neo entre g\u00e9neros<\/h4>\n<p data-path-to-node=\"15\">La merma en la afiliaci\u00f3n no present\u00f3 sesgos significativos por g\u00e9nero, impactando con similar severidad en hombres y mujeres. Un total de 624.948 mujeres dejaron de pertenecer al subsistema privado, lo que represent\u00f3 un incremento del 13,35% en la poblaci\u00f3n femenina que recae \u00fanicamente en la atenci\u00f3n m\u00e9dica estatal, pasando de 4.682.237 a 5.307.185 usuarias.<\/p>\n<p data-path-to-node=\"16\">Entre los varones, el patr\u00f3n reflej\u00f3 n\u00fameros an\u00e1logos: 621.337 hombres quedaron sin cobertura arancelada en el per\u00edodo bajo an\u00e1lisis. Este movimiento implic\u00f3 una suba del 13,09%, elevando el padr\u00f3n masculino dependiente de la red sanitaria estatal de 4.745.894 a 5.367.231 personas.<\/p>\n<p data-path-to-node=\"17\">El traspaso de m\u00e1s de 1,2 millones de usuarios debilita la sustentabilidad financiera de las obras sociales por p\u00e9rdida de cotizantes activos y traslada una carga presupuestaria sin precedentes a las administraciones provinciales y municipales. Frente a insumos m\u00e9dicos cotizados a valor internacional y plantas profesionales exigidas al l\u00edmite, el sistema de salud p\u00fablico absorbe una demanda estructural que compromete la calidad del servicio para los sectores que hist\u00f3ricamente dependieron de \u00e9l.<\/p>\n","protected":false},"excerpt":{"rendered":"<p>La cobertura m\u00e9dica privada se redujo dr\u00e1sticamente en la Argentina tras la salida de m\u00e1s de 1,2 millones de personas<\/p>\n","protected":false},"author":1,"featured_media":125392,"comment_status":"closed","ping_status":"closed","sticky":false,"template":"","format":"standard","meta":{"kia_subtitle":"La cobertura m\u00e9dica privada cay\u00f3 para m\u00e1s de 1,2 millones de argentinos por el alza de prepagas y el desempleo, volcando una hist\u00f3rica demanda hacia los hospitales p\u00fablicos del pa\u00eds.","footnotes":"","jetpack_publicize_message":"","jetpack_publicize_feature_enabled":true,"jetpack_social_post_already_shared":true,"jetpack_social_options":{"image_generator_settings":{"template":"highway","default_image_id":0,"font":"","enabled":false},"version":2},"jetpack_post_was_ever_published":false},"categories":[3,41],"tags":[],"class_list":["post-128791","post","type-post","status-publish","format-standard","has-post-thumbnail","hentry","category-actualidad","category-nacionales"],"jetpack_publicize_connections":[],"jetpack_featured_media_url":"https:\/\/laurbedigital.com.ar\/noticias\/wp-content\/uploads\/2026\/03\/20220320-PREPAGAS.png","_links":{"self":[{"href":"https:\/\/laurbedigital.com.ar\/noticias\/wp-json\/wp\/v2\/posts\/128791","targetHints":{"allow":["GET"]}}],"collection":[{"href":"https:\/\/laurbedigital.com.ar\/noticias\/wp-json\/wp\/v2\/posts"}],"about":[{"href":"https:\/\/laurbedigital.com.ar\/noticias\/wp-json\/wp\/v2\/types\/post"}],"author":[{"embeddable":true,"href":"https:\/\/laurbedigital.com.ar\/noticias\/wp-json\/wp\/v2\/users\/1"}],"replies":[{"embeddable":true,"href":"https:\/\/laurbedigital.com.ar\/noticias\/wp-json\/wp\/v2\/comments?post=128791"}],"version-history":[{"count":1,"href":"https:\/\/laurbedigital.com.ar\/noticias\/wp-json\/wp\/v2\/posts\/128791\/revisions"}],"predecessor-version":[{"id":128792,"href":"https:\/\/laurbedigital.com.ar\/noticias\/wp-json\/wp\/v2\/posts\/128791\/revisions\/128792"}],"wp:featuredmedia":[{"embeddable":true,"href":"https:\/\/laurbedigital.com.ar\/noticias\/wp-json\/wp\/v2\/media\/125392"}],"wp:attachment":[{"href":"https:\/\/laurbedigital.com.ar\/noticias\/wp-json\/wp\/v2\/media?parent=128791"}],"wp:term":[{"taxonomy":"category","embeddable":true,"href":"https:\/\/laurbedigital.com.ar\/noticias\/wp-json\/wp\/v2\/categories?post=128791"},{"taxonomy":"post_tag","embeddable":true,"href":"https:\/\/laurbedigital.com.ar\/noticias\/wp-json\/wp\/v2\/tags?post=128791"}],"curies":[{"name":"wp","href":"https:\/\/api.w.org\/{rel}","templated":true}]}}