{"id":128783,"date":"2026-08-31T21:14:07","date_gmt":"2026-09-01T00:14:07","guid":{"rendered":"https:\/\/laurbedigital.com.ar\/noticias\/?p=128783"},"modified":"2026-08-31T21:14:07","modified_gmt":"2026-09-01T00:14:07","slug":"en-septiembre-vuelve-date-el-gusto-a-las-heladerias-con-el-2x1-en-cucuruchos","status":"publish","type":"post","link":"https:\/\/laurbedigital.com.ar\/noticias\/2026\/08\/31\/en-septiembre-vuelve-date-el-gusto-a-las-heladerias-con-el-2x1-en-cucuruchos\/","title":{"rendered":"En septiembre vuelve \u00abDate el Gusto\u00bb a las helader\u00edas con el 2X1 en cucuruchos"},"content":{"rendered":"<div>\n<p>Todos los martes del mes, en los locales adheridos, los vecinos podr\u00e1n aprovechar la promoci\u00f3n y deleitarse con los exquisitos sabores de dos helados y pagar solo uno.<\/p>\n<p>En septiembre arranca la primavera y retornan tambi\u00e9n los atractivos descuentos a diversas helader\u00edas de nuestro distrito a trav\u00e9s de la iniciativa \u201cDate el Gusto\u201d promovida por la secretar\u00eda de Relaciones con la Comunidad del Municipio.<\/p>\n<p>Vale destacar que la promoci\u00f3n es solo v\u00e1lida comprando en el local.<\/p>\n<p><img loading=\"lazy\" decoding=\"async\" class=\"alignnone size-full wp-image-119575\" src=\"https:\/\/laurbedigital.com.ar\/noticias\/wp-content\/uploads\/2025\/09\/2025090910-Brown-Helado-2.jpg\" alt=\"\" width=\"768\" height=\"428\" title=\"\" srcset=\"https:\/\/laurbedigital.com.ar\/noticias\/wp-content\/uploads\/2025\/09\/2025090910-Brown-Helado-2.jpg 768w, https:\/\/laurbedigital.com.ar\/noticias\/wp-content\/uploads\/2025\/09\/2025090910-Brown-Helado-2-300x167.jpg 300w\" sizes=\"auto, (max-width: 768px) 100vw, 768px\" \/><\/p>\n<p>Las helader\u00edas que se sumaron a la propuesta son: en Adrogu\u00e9 \u201cRiviera\u201d, ubicada en\u00a0<a href=\"https:\/\/www.google.com\/maps\/search\/Esteban+Adrogu%C3%A9+N%C2%B01114+(local+7),+Av.+Hip%C3%B3lito+Yrigoyen?entry=gmail&amp;source=g\" target=\"_blank\" rel=\"nofollow noopener\" data-saferedirecturl=\"https:\/\/www.google.com\/url?q=https:\/\/www.google.com\/maps\/search\/Esteban%2BAdrogu%25C3%25A9%2BN%25C2%25B01114%2B(local%2B7),%2BAv.%2BHip%25C3%25B3lito%2BYrigoyen?entry%3Dgmail%26source%3Dg&amp;source=gmail&amp;ust=1788307868035000&amp;usg=AOvVaw1ep--E4pPwjAdTRholbyS4\">Esteban Adrogu\u00e9 N\u00b01114 (local 7), Av. Hip\u00f3lito Yrigoyen<\/a>\u00a0N\u00b013.298 (Boulevard Shopping) y Av. Hip\u00f3lito Yrigoyen N\u00b012.905; \u201cLa Veneciana\u201d en sus locales de Hip\u00f3lito Yrigoyen N\u00b012.986, y de\u00a0<a href=\"https:\/\/www.google.com\/maps\/search\/Avenida+Espora+N%C2%B0563?entry=gmail&amp;source=g\" target=\"_blank\" rel=\"nofollow noopener\" data-saferedirecturl=\"https:\/\/www.google.com\/url?q=https:\/\/www.google.com\/maps\/search\/Avenida%2BEspora%2BN%25C2%25B0563?entry%3Dgmail%26source%3Dg&amp;source=gmail&amp;ust=1788307868035000&amp;usg=AOvVaw2euI1zloJZJjbbICreR3wV\">Avenida Espora N\u00b0563<\/a>.<\/p>\n<p>En Burzaco, \u201cLa Gran V\u00eda\u201d, ubicada en\u00a0<a href=\"https:\/\/www.google.com\/maps\/search\/Eugenio+de+Burzaco+N%C2%B0642?entry=gmail&amp;source=g\" target=\"_blank\" rel=\"nofollow noopener\" data-saferedirecturl=\"https:\/\/www.google.com\/url?q=https:\/\/www.google.com\/maps\/search\/Eugenio%2Bde%2BBurzaco%2BN%25C2%25B0642?entry%3Dgmail%26source%3Dg&amp;source=gmail&amp;ust=1788307868035000&amp;usg=AOvVaw3LAEJGbbWg69uehXCLQzzM\">Eugenio de Burzaco N\u00b0642<\/a>; \u201cAndina\u201d en\u00a0<a href=\"https:\/\/www.google.com\/maps\/search\/Avenida+Espora+N%C2%B03525+y?entry=gmail&amp;source=g\" target=\"_blank\" rel=\"nofollow noopener\" data-saferedirecturl=\"https:\/\/www.google.com\/url?q=https:\/\/www.google.com\/maps\/search\/Avenida%2BEspora%2BN%25C2%25B03525%2By?entry%3Dgmail%26source%3Dg&amp;source=gmail&amp;ust=1788307868035000&amp;usg=AOvVaw3aQTmkCziS9ae5me_tO0sz\">Avenida Espora N\u00b03525 y<\/a>\u00a0\u201cKirschen\u201d en E. de Burzaco N\u00b0 499. Finalmente, en Glew \u201cLa Casita de Noel\u201d situada en\u00a0<a href=\"https:\/\/www.google.com\/maps\/search\/Av.+Almafuerte+N%C2%B016?entry=gmail&amp;source=g\" target=\"_blank\" rel=\"nofollow noopener\" data-saferedirecturl=\"https:\/\/www.google.com\/url?q=https:\/\/www.google.com\/maps\/search\/Av.%2BAlmafuerte%2BN%25C2%25B016?entry%3Dgmail%26source%3Dg&amp;source=gmail&amp;ust=1788307868035000&amp;usg=AOvVaw1rquDcyXKBksxehJSP2ZA2\">Av. Almafuerte N\u00b016<\/a><\/p>\n<p>\u201cEl Municipio Almirante Brown contin\u00faa trabajando para cuidar la econom\u00eda de todas las familias de nuestro distrito, ahora en septiembre con destacadas promociones en helader\u00edas. En efecto, los d\u00edas martes los vecinos podr\u00e1n acercarse a los locales adheridos para aprovechar y compartir el 2&#215;1 en cucuruchos\u201d, indic\u00f3 Mariano Cascallares.<\/p>\n<p>Por otro lado, los comerciantes del rubro que quieran sumarse a la propuesta podr\u00e1n comunicarse a la Direcci\u00f3n de Comercio a trav\u00e9s del tel\u00e9fono 11 6002-9359.<\/p>\n<\/div>\n<div class=\"adL\"><\/div>\n","protected":false},"excerpt":{"rendered":"<p>Todos los martes del mes, en los locales adheridos, los vecinos podr\u00e1n aprovechar la promoci\u00f3n y deleitarse con los exquisitos<\/p>\n","protected":false},"author":1,"featured_media":119574,"comment_status":"closed","ping_status":"closed","sticky":false,"template":"","format":"standard","meta":{"kia_subtitle":"El Municipio de Almirante Brown inform\u00f3 que en septiembre vuelve el \u201cDate el Gusto\u201d a las helader\u00edas del distrito con el 2x1 en cucuruchos.","footnotes":"","jetpack_publicize_message":"","jetpack_publicize_feature_enabled":true,"jetpack_social_post_already_shared":true,"jetpack_social_options":{"image_generator_settings":{"template":"highway","default_image_id":0,"font":"","enabled":false},"version":2},"jetpack_post_was_ever_published":false},"categories":[2,33],"tags":[],"class_list":["post-128783","post","type-post","status-publish","format-standard","has-post-thumbnail","hentry","category-alte-brown","category-alte-brown-alte-brown"],"jetpack_publicize_connections":[],"jetpack_featured_media_url":"https:\/\/laurbedigital.com.ar\/noticias\/wp-content\/uploads\/2025\/09\/2025090910-Brown-Helado-1.jpg","_links":{"self":[{"href":"https:\/\/laurbedigital.com.ar\/noticias\/wp-json\/wp\/v2\/posts\/128783","targetHints":{"allow":["GET"]}}],"collection":[{"href":"https:\/\/laurbedigital.com.ar\/noticias\/wp-json\/wp\/v2\/posts"}],"about":[{"href":"https:\/\/laurbedigital.com.ar\/noticias\/wp-json\/wp\/v2\/types\/post"}],"author":[{"embeddable":true,"href":"https:\/\/laurbedigital.com.ar\/noticias\/wp-json\/wp\/v2\/users\/1"}],"replies":[{"embeddable":true,"href":"https:\/\/laurbedigital.com.ar\/noticias\/wp-json\/wp\/v2\/comments?post=128783"}],"version-history":[{"count":2,"href":"https:\/\/laurbedigital.com.ar\/noticias\/wp-json\/wp\/v2\/posts\/128783\/revisions"}],"predecessor-version":[{"id":128785,"href":"https:\/\/laurbedigital.com.ar\/noticias\/wp-json\/wp\/v2\/posts\/128783\/revisions\/128785"}],"wp:featuredmedia":[{"embeddable":true,"href":"https:\/\/laurbedigital.com.ar\/noticias\/wp-json\/wp\/v2\/media\/119574"}],"wp:attachment":[{"href":"https:\/\/laurbedigital.com.ar\/noticias\/wp-json\/wp\/v2\/media?parent=128783"}],"wp:term":[{"taxonomy":"category","embeddable":true,"href":"https:\/\/laurbedigital.com.ar\/noticias\/wp-json\/wp\/v2\/categories?post=128783"},{"taxonomy":"post_tag","embeddable":true,"href":"https:\/\/laurbedigital.com.ar\/noticias\/wp-json\/wp\/v2\/tags?post=128783"}],"curies":[{"name":"wp","href":"https:\/\/api.w.org\/{rel}","templated":true}]}}