{"id":128778,"date":"2026-08-31T20:03:17","date_gmt":"2026-08-31T23:03:17","guid":{"rendered":"https:\/\/laurbedigital.com.ar\/noticias\/?p=128778"},"modified":"2026-08-31T20:03:17","modified_gmt":"2026-08-31T23:03:17","slug":"callejero-fino-seguira-en-prision-tras-declarar-ante-la-justicia","status":"publish","type":"post","link":"https:\/\/laurbedigital.com.ar\/noticias\/2026\/08\/31\/callejero-fino-seguira-en-prision-tras-declarar-ante-la-justicia\/","title":{"rendered":"Callejero Fino seguir\u00e1 en prisi\u00f3n tras declarar ante la Justicia"},"content":{"rendered":"<p data-path-to-node=\"4\">Callejero Fino continuar\u00e1 detenido e incomunicado en el marco de una investigaci\u00f3n penal por portaci\u00f3n ilegal de arma de guerra y alteraci\u00f3n de numeraci\u00f3n registral, luego de prestar declaraci\u00f3n indagatoria este lunes ante el fiscal Cosme Iribarren en la Unidad Funcional de Instrucci\u00f3n de Benav\u00eddez. El m\u00fasico urbano de 31 a\u00f1os, cuyo nombre formal es Sim\u00f3n Natanael Alvarenga, rechaz\u00f3 de manera terminante ser el titular del armamento de grueso calibre secuestrado en el habit\u00e1culo del rodado en el que circulaba durante la madrugada del domingo en el partido de Tigre.<\/p>\n<h4 data-path-to-node=\"5\">El operativo policial y el hallazgo en Villa La \u00d1ata<\/h4>\n<p data-path-to-node=\"6\">La interceptaci\u00f3n del veh\u00edculo se produjo durante un patrullaje preventivo diagramado por el Centro de Operaciones Tigre (COT) junto con efectivos de la Polic\u00eda Bonaerense. Las c\u00e1maras de vigilancia municipal y los m\u00f3viles terrestres advirtieron la circulaci\u00f3n sospechosa de una camioneta Volkswagen Amarok de color oscuro que transitaba sin las correspondientes chapas patentes colocadas sobre la intersecci\u00f3n de la calle Italia y la Ruta Provincial 27, en la localidad de Villa La \u00d1ata.<\/p>\n<p data-path-to-node=\"7\">Al ordenar la detenci\u00f3n de la marcha para un control de rutina, los agentes de seguridad identificaron al cantante de m\u00fasica urbana al volante del rodado, acompa\u00f1ado por Steven Joel Rocca, de 27 a\u00f1os. En la requisa protocolar de la cabina, el personal interviniente constat\u00f3 la presencia de una pistola semiautom\u00e1tica Glock calibre .40 cargada y lista para el disparo, junto con la correspondiente munici\u00f3n reglamentaria.<\/p>\n<p data-path-to-node=\"8\">Los peritajes t\u00e9cnicos iniciales determinaron que la pieza de fuego presentaba la numeraci\u00f3n serial suprimida mediante un proceso mec\u00e1nico de limado, circunstancia que agrava la calificaci\u00f3n jur\u00eddica del hecho y motiv\u00f3 el inmediato traslado de ambos ocupantes a la seccional policial correspondiente.<\/p>\n<h4 data-path-to-node=\"9\">La estrategia procesal y el quiebre de la defensa t\u00e9cnica<\/h4>\n<p data-path-to-node=\"10\">Durante el acto de indagatoria celebrado en sede judicial, el artista prest\u00f3 testimonio y busc\u00f3 desvincularse materialmente del hallazgo, declarando formalmente que desconoc\u00eda la presencia de la pistola en la camioneta y asegurando que no le pertenec\u00eda. La decisi\u00f3n de someterse al interrogatorio judicial provoc\u00f3 un inmediato sismo en su asistencia letrada: el abogado defensor Ignacio Barrios present\u00f3 la renuncia formal e indeclinable a la representaci\u00f3n penal, debido a que el imputado desoy\u00f3 la recomendaci\u00f3n profesional expl\u00edcita de guardar silencio procesal y hacer uso del derecho constitucional a no declarar en esta instancia inicial de la instrucci\u00f3n.<\/p>\n<p data-path-to-node=\"11\">La calificaci\u00f3n penal promovida por la Fiscal\u00eda contempla los tipos penales de portaci\u00f3n ileg\u00edtima de arma de fuego de uso civil condicional (arma de guerra) y adulteraci\u00f3n de objeto registrable en concurso real. La primera de las figuras jur\u00eddicas establece una escala penal con un piso punitivo de tres a\u00f1os y seis meses de prisi\u00f3n de cumplimiento efectivo. Debido a los montos de la pena en expectativa y a los riesgos procesales inherentes al hecho, la figura legal carece del beneficio de la excarcelaci\u00f3n ordinaria durante el per\u00edodo instructorio preparatorio.<\/p>\n<h4 data-path-to-node=\"12\">El an\u00e1lisis de los antecedentes penales computables<\/h4>\n<p data-path-to-node=\"13\">El curso de la pesquisa judicial se encuentra condicionado por los antecedentes procesales del imputado. A los 20 a\u00f1os de edad, el cantante fue formalmente condenado por los tribunales bonaerenses a la pena de seis a\u00f1os de prisi\u00f3n de efectivo cumplimiento por el delito de robo agravado por el uso de arma. En aquella oportunidad, permaneci\u00f3 alojado durante cinco meses en una unidad penitenciaria de r\u00e9gimen cerrado antes de obtener el beneficio de prisi\u00f3n domiciliaria con monitoreo electr\u00f3nico mediante tobillera para agotar el saldo de la sanci\u00f3n privativa de libertad.<\/p>\n<p data-path-to-node=\"14\">Ese antecedente judicial previo adquiere un peso decisivo al momento en que el Juzgado de Garant\u00edas deba resolver el pedido de prisi\u00f3n preventiva que eval\u00faa formular la Fiscal\u00eda. La existencia de una condena anterior impide la aplicaci\u00f3n de modalidades de ejecuci\u00f3n condicional ante un eventual juicio oral, al tiempo que consolida la presunci\u00f3n de reiterancia delictiva y severidad en la fijaci\u00f3n de medidas cautelares privativas de la libertad.<\/p>\n<h4 data-path-to-node=\"15\">Pr\u00f3ximas medidas periciales en la causa penal<\/h4>\n<p data-path-to-node=\"16\">El fiscal Cosme Iribarren orden\u00f3 una serie de peritajes urgentes orientados a deslindar las responsabilidades materiales entre los dos ocupantes de la camioneta. Entre las medidas de prueba dispuestas se destacan:<\/p>\n<ul data-path-to-node=\"17\">\n<li>\n<p data-path-to-node=\"17,0,0\"><b data-path-to-node=\"17,0,0\" data-index-in-node=\"0\">Pruebas dactilosc\u00f3picas:<\/b> Levantamiento de rastros y huellas latentes sobre la corredera, el armaz\u00f3n, el cargador y los proyectiles secuestrados.<\/p>\n<\/li>\n<li>\n<p data-path-to-node=\"17,1,0\"><b data-path-to-node=\"17,1,0\" data-index-in-node=\"0\">Peritaje bal\u00edstico y qu\u00edmico:<\/b> An\u00e1lisis metalogr\u00e1fico y revenido qu\u00edmico para recuperar la numeraci\u00f3n serial original y rastrear el origen de la pistola en el Registro Nacional de Armas.<\/p>\n<\/li>\n<li>\n<p data-path-to-node=\"17,2,0\"><b data-path-to-node=\"17,2,0\" data-index-in-node=\"0\">Peritajes sobre el veh\u00edculo:<\/b> Verificaci\u00f3n f\u00edsica integral del chasis y motor de la camioneta Volkswagen Amarok para determinar su titularidad registral o la eventual existencia de pedidos de secuestro activo por hurto.<\/p>\n<\/li>\n<li>\n<p data-path-to-node=\"17,3,0\"><b data-path-to-node=\"17,3,0\" data-index-in-node=\"0\">Muestreos de barrido electr\u00f3nico:<\/b> Pruebas de dermotest sobre las manos y vestimentas de los acusados para verificar si manipularon p\u00f3lvora o restos de fulminante.<\/p>\n<\/li>\n<\/ul>\n<p data-path-to-node=\"18\">La situaci\u00f3n procesal de Callejero Fino entra en una etapa cr\u00edtica donde el rigor de las evidencias t\u00e9cnicas determinar\u00e1 la sustentabilidad de su testimonio defensivo. Mientras la Justicia de Garant\u00edas define el mantenimiento formal de la detenci\u00f3n, el cantante permanecer\u00e1 alojado en dependencias de seguridad bajo estricta incomunicaci\u00f3n, a la espera de la designaci\u00f3n de un nuevo cuerpo de abogados que asuma su representaci\u00f3n penal frente a un expediente con consecuencias penitenciarias inminentes.<\/p>\n","protected":false},"excerpt":{"rendered":"<p>Callejero Fino continuar\u00e1 detenido e incomunicado en el marco de una investigaci\u00f3n penal por portaci\u00f3n ilegal de arma de guerra<\/p>\n","protected":false},"author":1,"featured_media":128779,"comment_status":"closed","ping_status":"closed","sticky":false,"template":"","format":"standard","meta":{"kia_subtitle":"Callejero Fino continuar\u00e1 detenido e incomunicado tras declarar ante el fiscal por portaci\u00f3n ilegal de arma de fuego, desestimando la estrategia de su defensa t\u00e9cnica durante la indagatoria penal.","footnotes":"","jetpack_publicize_message":"","jetpack_publicize_feature_enabled":true,"jetpack_social_post_already_shared":true,"jetpack_social_options":{"image_generator_settings":{"template":"highway","default_image_id":0,"font":"","enabled":false},"version":2},"jetpack_post_was_ever_published":false},"categories":[8],"tags":[],"class_list":["post-128778","post","type-post","status-publish","format-standard","has-post-thumbnail","hentry","category-policiales"],"jetpack_publicize_connections":[],"jetpack_featured_media_url":"https:\/\/laurbedigital.com.ar\/noticias\/wp-content\/uploads\/2026\/08\/20260831-callejero-fino.png","_links":{"self":[{"href":"https:\/\/laurbedigital.com.ar\/noticias\/wp-json\/wp\/v2\/posts\/128778","targetHints":{"allow":["GET"]}}],"collection":[{"href":"https:\/\/laurbedigital.com.ar\/noticias\/wp-json\/wp\/v2\/posts"}],"about":[{"href":"https:\/\/laurbedigital.com.ar\/noticias\/wp-json\/wp\/v2\/types\/post"}],"author":[{"embeddable":true,"href":"https:\/\/laurbedigital.com.ar\/noticias\/wp-json\/wp\/v2\/users\/1"}],"replies":[{"embeddable":true,"href":"https:\/\/laurbedigital.com.ar\/noticias\/wp-json\/wp\/v2\/comments?post=128778"}],"version-history":[{"count":1,"href":"https:\/\/laurbedigital.com.ar\/noticias\/wp-json\/wp\/v2\/posts\/128778\/revisions"}],"predecessor-version":[{"id":128780,"href":"https:\/\/laurbedigital.com.ar\/noticias\/wp-json\/wp\/v2\/posts\/128778\/revisions\/128780"}],"wp:featuredmedia":[{"embeddable":true,"href":"https:\/\/laurbedigital.com.ar\/noticias\/wp-json\/wp\/v2\/media\/128779"}],"wp:attachment":[{"href":"https:\/\/laurbedigital.com.ar\/noticias\/wp-json\/wp\/v2\/media?parent=128778"}],"wp:term":[{"taxonomy":"category","embeddable":true,"href":"https:\/\/laurbedigital.com.ar\/noticias\/wp-json\/wp\/v2\/categories?post=128778"},{"taxonomy":"post_tag","embeddable":true,"href":"https:\/\/laurbedigital.com.ar\/noticias\/wp-json\/wp\/v2\/tags?post=128778"}],"curies":[{"name":"wp","href":"https:\/\/api.w.org\/{rel}","templated":true}]}}