{"id":128775,"date":"2026-08-31T19:56:03","date_gmt":"2026-08-31T22:56:03","guid":{"rendered":"https:\/\/laurbedigital.com.ar\/noticias\/?p=128775"},"modified":"2026-08-31T19:56:03","modified_gmt":"2026-08-31T22:56:03","slug":"murio-miguel-zavaleta-el-lider-de-la-banda-sueter","status":"publish","type":"post","link":"https:\/\/laurbedigital.com.ar\/noticias\/2026\/08\/31\/murio-miguel-zavaleta-el-lider-de-la-banda-sueter\/","title":{"rendered":"Muri\u00f3 Miguel Zavaleta, el l\u00edder de la banda Su\u00e9ter"},"content":{"rendered":"<p data-path-to-node=\"4\">Muri\u00f3 Miguel Zavaleta este lunes a los 71 a\u00f1os en Buenos Aires, tras una prolongada lucha contra el c\u00e1ncer, seg\u00fan confirmaron fuentes directas de su c\u00edrculo \u00edntimo. La partida del cantante, tecladista y principal compositor de la banda Su\u00e9ter enluta a la cultura popular y al rock argentino, \u00e1mbito en el que construy\u00f3 un estilo inconfundible caracterizado por la agudeza l\u00edrica, la experimentaci\u00f3n arm\u00f3nica y una sensibilidad mel\u00f3dica que defini\u00f3 a toda una generaci\u00f3n durante el retorno democr\u00e1tico en la d\u00e9cada de 1980.<\/p>\n<h4 data-path-to-node=\"5\">Ra\u00edces formativas y la g\u00e9nesis de un estilo propio<\/h4>\n<p data-path-to-node=\"6\">Nacido en el seno de una familia atravesada por el arte \u2014era sobrino directo del virtuoso pianista de jazz Enrique \u00abMono\u00bb Villegas\u2014, Zavaleta descubri\u00f3 su vocaci\u00f3n musical de manera temprana tras presenciar de casualidad un festival beat en plena adolescencia. Aunque inici\u00f3 estudios universitarios en la carrera de Derecho e incluso se desempe\u00f1\u00f3 como cadete en la emblem\u00e1tica revista musical <i data-path-to-node=\"6\" data-index-in-node=\"393\">Pelo<\/i>, su destino qued\u00f3 sellado definitivamente sobre los escenarios.<\/p>\n<p data-path-to-node=\"7\">A los 21 a\u00f1os protagoniz\u00f3 su debut formal al frente de Bubu, una ambiciosa agrupaci\u00f3n de rock progresivo, sinf\u00f3nico y de marcada impronta teatral que deslumbr\u00f3 al p\u00fablico en el Teatro Del Globo en 1976. Aquella experiencia experimental, sumada a una posterior estad\u00eda formativa en Ibiza, templ\u00f3 su o\u00eddo para lo que vendr\u00eda. De regreso al pa\u00eds, fund\u00f3 Su\u00e9ter en 1981, proyecto con el que combin\u00f3 la frescura de la <i data-path-to-node=\"7\" data-index-in-node=\"412\">new wave<\/i>, el pop sofisticado y el humor corrosivo para esquivar la censura de la \u00e9poca.<\/p>\n<h4 data-path-to-node=\"8\">La consagraci\u00f3n con Su\u00e9ter y el reconocimiento de sus pares<\/h4>\n<p data-path-to-node=\"9\">Al frente de Su\u00e9ter, Zavaleta concibi\u00f3 aut\u00e9nticos himnos populares que quedaron grabados en la memoria colectiva: \u00abAmanece en la ruta\u00bb, \u00abV\u00eda M\u00e9xico\u00bb, \u00ab\u00c9l anda diciendo\u00bb y \u00abExtra\u00f1o ser\u00bb (inmortalizada tambi\u00e9n por Man Ray). Su refinamiento compositivo atrajo de inmediato la atenci\u00f3n de las m\u00e1ximas figuras del movimiento. En reiteradas entrevistas, el propio m\u00fasico rememor\u00f3 la emoci\u00f3n que le produjo recibir un llamado telef\u00f3nico directo de Luis Alberto Spinetta, quien se comunic\u00f3 exclusivamente para elogiar sus flamantes creaciones y calificar su obra como \u00abmuy buena\u00bb.<\/p>\n<p data-path-to-node=\"10\">Hacia mediados de los a\u00f1os ochenta, su figura era central en la bohemia art\u00edstica porte\u00f1a. En 1985 particip\u00f3 del legendario proyecto Ray Milland Band, donde comparti\u00f3 la primera l\u00ednea vocal con Andr\u00e9s Calamaro, Daniel Melingo y Pipo Cipolatti. Aquella formaci\u00f3n estelar se present\u00f3 en el recordado ciclo televisivo <i data-path-to-node=\"10\" data-index-in-node=\"315\">Bad\u00eda y C\u00eda.<\/i> con una banda de ensue\u00f1o integrada por Charly Garc\u00eda, Pedro Aznar, Gustavo Don\u00e9s, Gringui Herrera y Pablo Guadalupe, convirti\u00e9ndose en un hito de culto para la historia televisiva y musical del pa\u00eds.<\/p>\n<h4 data-path-to-node=\"11\">Resiliencia creativa, colaboraciones y compromiso social<\/h4>\n<p data-path-to-node=\"12\">Tras la primera separaci\u00f3n de Su\u00e9ter en 1989, el cantante continu\u00f3 componiendo de manera incansable. Grab\u00f3 dos \u00e1lbumes en calidad de solista \u2014uno de ellos bajo la producci\u00f3n art\u00edstica de Pedro Aznar\u2014 que enfrentaron obst\u00e1culos comerciales y no llegaron a publicarse formalmente debido a trabas de la industria discogr\u00e1fica. Lejos de abandonar la actividad, aport\u00f3 su talento vocal e interpretativo en colaboraciones con formaciones de diversos g\u00e9neros, entre ellas Los Aut\u00e9nticos Decadentes, Bersuit Vergarabat y Los Pericos.<\/p>\n<p data-path-to-node=\"13\">La d\u00e9cada de 1990 trajo la reactivaci\u00f3n de su conjunto insigne. En 1995 vio la luz el disco <i data-path-to-node=\"13\" data-index-in-node=\"92\">Su\u00e9ter 5<\/i>, producido conjuntamente con Andr\u00e9s Calamaro. La obra asumi\u00f3 un compromiso humano expl\u00edcito al estar dedicada a personas seropositivas en tiempos de fuerte estigmatizaci\u00f3n sanitaria. En particular, la pieza \u00abDesvanecidos\u00bb fue concebida por el autor como un sentido homenaje a amigos cercanos y colegas que hab\u00edan perdido la vida a causa del sida, visibilizando la problem\u00e1tica con honestidad y empat\u00eda.<\/p>\n<h4 data-path-to-node=\"14\">El regreso final y el legado definitivo de su obra<\/h4>\n<p data-path-to-node=\"15\">La \u00faltima etapa de su trayectoria art\u00edstica estuvo marcada por la reivindicaci\u00f3n de su cat\u00e1logo. En 2023, tras 16 a\u00f1os de silencio esc\u00e9nico, Zavaleta sell\u00f3 el regreso definitivo de Su\u00e9ter junto al guitarrista hist\u00f3rico Jorge Minissale. La reuni\u00f3n cristaliz\u00f3 en 2024 con la publicaci\u00f3n de <i data-path-to-node=\"15\" data-index-in-node=\"288\">La Reserva Moral de Occidente<\/i>, una producci\u00f3n discogr\u00e1fica donde reinterpretaron sus grandes cl\u00e1sicos en colaboraci\u00f3n con int\u00e9rpretes de diversas corrientes, tales como Rub\u00e9n Rada, Nahuel Pennisi, Hilda Lizarazu, Juli\u00e1n Kartun, Marcelo Moura, Leo Garc\u00eda, Juan \u00abPollo\u00bb Raffo, Javier Malosetti, Daniel Melingo y M\u00eda Folino.<\/p>\n<p data-path-to-node=\"16\">La desaparici\u00f3n f\u00edsica de Miguel Zavaleta concluye el recorrido terrenal de un creador audaz que transit\u00f3 el rock progresivo, la canci\u00f3n pop y la balada testimonial con id\u00e9ntica solvencia t\u00e9cnica y elegancia. Su obra permanece viva en el cancionero popular argentino como testimonio de una \u00e9poca dorada de creatividad, libertad y resistencia cultural.<\/p>\n","protected":false},"excerpt":{"rendered":"<p>Muri\u00f3 Miguel Zavaleta este lunes a los 71 a\u00f1os en Buenos Aires, tras una prolongada lucha contra el c\u00e1ncer, seg\u00fan<\/p>\n","protected":false},"author":1,"featured_media":128776,"comment_status":"closed","ping_status":"closed","sticky":false,"template":"","format":"standard","meta":{"kia_subtitle":"Muri\u00f3 Miguel Zavaleta, l\u00edder y voz de Su\u00e9ter, a los 71 a\u00f1os. El rock argentino despide a un compositor emblem\u00e1tico que marc\u00f3 la escena nacional de los a\u00f1os ochenta.","footnotes":"","jetpack_publicize_message":"","jetpack_publicize_feature_enabled":true,"jetpack_social_post_already_shared":true,"jetpack_social_options":{"image_generator_settings":{"template":"highway","default_image_id":0,"font":"","enabled":false},"version":2},"jetpack_post_was_ever_published":false},"categories":[2600,68],"tags":[],"class_list":["post-128775","post","type-post","status-publish","format-standard","has-post-thumbnail","hentry","category-espectaculo","category-cine-y-series"],"jetpack_publicize_connections":[],"jetpack_featured_media_url":"https:\/\/laurbedigital.com.ar\/noticias\/wp-content\/uploads\/2026\/08\/20260831-Zavaleta.png","_links":{"self":[{"href":"https:\/\/laurbedigital.com.ar\/noticias\/wp-json\/wp\/v2\/posts\/128775","targetHints":{"allow":["GET"]}}],"collection":[{"href":"https:\/\/laurbedigital.com.ar\/noticias\/wp-json\/wp\/v2\/posts"}],"about":[{"href":"https:\/\/laurbedigital.com.ar\/noticias\/wp-json\/wp\/v2\/types\/post"}],"author":[{"embeddable":true,"href":"https:\/\/laurbedigital.com.ar\/noticias\/wp-json\/wp\/v2\/users\/1"}],"replies":[{"embeddable":true,"href":"https:\/\/laurbedigital.com.ar\/noticias\/wp-json\/wp\/v2\/comments?post=128775"}],"version-history":[{"count":1,"href":"https:\/\/laurbedigital.com.ar\/noticias\/wp-json\/wp\/v2\/posts\/128775\/revisions"}],"predecessor-version":[{"id":128777,"href":"https:\/\/laurbedigital.com.ar\/noticias\/wp-json\/wp\/v2\/posts\/128775\/revisions\/128777"}],"wp:featuredmedia":[{"embeddable":true,"href":"https:\/\/laurbedigital.com.ar\/noticias\/wp-json\/wp\/v2\/media\/128776"}],"wp:attachment":[{"href":"https:\/\/laurbedigital.com.ar\/noticias\/wp-json\/wp\/v2\/media?parent=128775"}],"wp:term":[{"taxonomy":"category","embeddable":true,"href":"https:\/\/laurbedigital.com.ar\/noticias\/wp-json\/wp\/v2\/categories?post=128775"},{"taxonomy":"post_tag","embeddable":true,"href":"https:\/\/laurbedigital.com.ar\/noticias\/wp-json\/wp\/v2\/tags?post=128775"}],"curies":[{"name":"wp","href":"https:\/\/api.w.org\/{rel}","templated":true}]}}