{"id":128770,"date":"2026-08-31T19:48:11","date_gmt":"2026-08-31T22:48:11","guid":{"rendered":"https:\/\/laurbedigital.com.ar\/noticias\/?p=128770"},"modified":"2026-08-31T19:48:11","modified_gmt":"2026-08-31T22:48:11","slug":"el-retiro-de-lionel-messi-abre-una-nueva-era-en-la-seleccion","status":"publish","type":"post","link":"https:\/\/laurbedigital.com.ar\/noticias\/2026\/08\/31\/el-retiro-de-lionel-messi-abre-una-nueva-era-en-la-seleccion\/","title":{"rendered":"El retiro de Lionel Messi abre una nueva era en la selecci\u00f3n"},"content":{"rendered":"<div class=\"container\">\n<div id=\"model-response-message-contentr_11e2e762b00914fd\" class=\"markdown markdown-main-panel md-content enable-luminous-fast-follows enable-updated-hr-color\" dir=\"ltr\" aria-busy=\"false\" aria-live=\"off\">\n<p data-path-to-node=\"4\">El retiro de Lionel Messi de la selecci\u00f3n argentina se formaliz\u00f3 este lunes 31 de agosto de 2026, marcando el cierre definitivo de la etapa m\u00e1s brillante y dominante en la historia del f\u00fatbol internacional. La confirmaci\u00f3n del astro rosarino, quien complet\u00f3 una trayectoria legendaria a lo largo de seis Copas del Mundo, deja al combinado albiceleste frente a una orfandad simb\u00f3lica sin precedentes. Por primera vez en casi medio siglo, el seleccionado nacional encara el futuro sin contar en sus filas con Diego Armando Maradona ni con el propio Messi, dos figuras irrepetibles que vistieron la camiseta celeste y blanca en diez de los \u00faltimos doce Mundiales disputados.<\/p>\n<h4 data-path-to-node=\"5\">El fallido intento de retirar la camiseta diez<\/h4>\n<p data-path-to-node=\"6\">La discusi\u00f3n sobre el destino de la emblem\u00e1tica camiseta n\u00famero diez revive un antecedente hist\u00f3rico de profundo valor institucional. Entre noviembre de 2001 y abril de 2002, la Asociaci\u00f3n del F\u00fatbol Argentino (AFA) dispuso retirar formalmente ese dorsal en homenaje a Maradona, poco despu\u00e9s de su partido despedida en el estadio de Boca Juniors. Ariel Ortega, quien hab\u00eda asumido la responsabilidad de portar ese n\u00famero, disput\u00f3 su \u00faltimo encuentro con la diez el 8 de noviembre de 2001 frente a Per\u00fa por Eliminatorias, pasando a lucir la casaca 23 en la jornada siguiente frente a Uruguay en Montevideo.<\/p>\n<p data-path-to-node=\"7\">Durante los primeros amistosos preparatorios de 2002 ante Gales, Camer\u00fan y Alemania, el representativo nacional compiti\u00f3 sin el dorsal insignia. De cara a la Copa del Mundo de Corea del Sur y Jap\u00f3n, la AFA elev\u00f3 una solicitud extraordinaria a la Federaci\u00f3n Internacional de F\u00fatbol Asociaci\u00f3n (FIFA) para inscribir la lista oficial del 1 al 24, suprimiendo la diez. El organismo rector rechaz\u00f3 la petici\u00f3n de forma taxativa, argumentando la obligatoriedad de utilizar una numeraci\u00f3n correlativa estricta del 1 al 23. Aquella negativa reglamentaria forz\u00f3 a restituir la hist\u00f3rica camiseta en manos de Ortega y garantiz\u00f3, involuntariamente, que a\u00f1os m\u00e1s tarde estuviera disponible para el surgimiento de Messi.<\/p>\n<h4 data-path-to-node=\"8\">La l\u00ednea sucesoria desde M\u00e9xico hasta Norteam\u00e9rica<\/h4>\n<p data-path-to-node=\"9\">La cronolog\u00eda del n\u00famero diez en los Mundiales define con precisi\u00f3n el peso de este legado. Maradona defendi\u00f3 ese dorsal durante cuatro citas ecum\u00e9nicas consecutivas entre Espa\u00f1a 1982 y Estados Unidos 1994. Posteriormente, Ortega asumi\u00f3 la titularidad de la casaca en Francia 1998 y Corea-Jap\u00f3n 2002. En Alemania 2006, la responsabilidad recay\u00f3 sobre Juan Rom\u00e1n Riquelme, certamen en el cual un joven Messi de 18 a\u00f1os hizo su presentaci\u00f3n mundialista utilizando el n\u00famero 19.<\/p>\n<p data-path-to-node=\"10\">A partir de 2009, bajo la conducci\u00f3n t\u00e9cnica del propio Maradona, el atacante rosarino hered\u00f3 la diez para no soltarla jam\u00e1s. Con ese n\u00famero lider\u00f3 al combinado nacional en Sud\u00e1frica 2010, Brasil 2014, Rusia 2018, la consagraci\u00f3n cumbre en Qatar 2022 y su \u00faltima participaci\u00f3n en la Copa del Mundo de 2026. Con su paso al costado en el plano internacional para concentrar el tramo final de su carrera profesional en el Inter Miami de la Major League Soccer, se consuma la despedida del m\u00e1ximo goleador y futbolista con m\u00e1s presencias en la historia del representativo nacional.<\/p>\n<h4 data-path-to-node=\"11\">El costo emocional de una despedida inevitable<\/h4>\n<p data-path-to-node=\"12\">El desenlace de esta etapa adquiri\u00f3 un matiz profundamente humano en sus \u00faltimas actuaciones oficiales. El desconsuelo y las l\u00e1grimas observadas tras la reciente final disputada frente a Espa\u00f1a cobraron un significado integral: no solo reflejaban la frustraci\u00f3n deportiva por el resultado adverso y la angustia por el delicado estado de salud de su padre Jorge \u2014fallecido pocos d\u00edas despu\u00e9s\u2014, sino tambi\u00e9n la \u00edntima certeza de que estaba viviendo sus \u00faltimos minutos con la camiseta argentina.<\/p>\n<p data-path-to-node=\"13\">Para millones de hinchas alrededor del planeta, el impacto emocional trasciende la estad\u00edstica deportiva. Tres generaciones consecutivas de aficionados crecieron, celebraron y forjaron su identidad futbol\u00edstica bajo el amparo de dos genios absolutos. Desde las haza\u00f1as maradonianas en el estadio Azteca hasta las obras de arte construidas por Messi en Lusail, el p\u00fablico argentino disfrut\u00f3 de una hegemon\u00eda t\u00e9cnica que no registra comparaci\u00f3n en otras potencias internacionales.<\/p>\n<h4 data-path-to-node=\"14\">El horizonte hacia la Copa del Mundo 2030<\/h4>\n<p data-path-to-node=\"15\">El camino hacia la Copa del Mundo 2030 sit\u00faa a la selecci\u00f3n argentina ante un desaf\u00edo in\u00e9dito. La herencia queda vacante para una nueva camada de futbolistas que, gracias al impedimento reglamentario de 2002, tendr\u00e1 la oportunidad de so\u00f1ar con vestir la diez albiceleste. Aunque Diego Armando Maradona y Lionel Messi pertenecen ya a la dimensi\u00f3n de las leyendas intocables, el f\u00fatbol argentino ingresa formalmente en una nueva era donde el mayor deber colectivo ser\u00e1 honrar su memoria.<\/p>\n<\/div>\n<\/div>\n","protected":false},"excerpt":{"rendered":"<p>El retiro de Lionel Messi de la selecci\u00f3n argentina se formaliz\u00f3 este lunes 31 de agosto de 2026, marcando el<\/p>\n","protected":false},"author":1,"featured_media":127962,"comment_status":"closed","ping_status":"closed","sticky":false,"template":"","format":"standard","meta":{"kia_subtitle":"El retiro de Lionel Messi cierra el ciclo m\u00e1s glorioso del f\u00fatbol nacional. Tras la era de Diego Maradona, la selecci\u00f3n argentina enfrenta un desaf\u00edo hist\u00f3rico sin sus m\u00e1ximos \u00edconos.","footnotes":"","jetpack_publicize_message":"","jetpack_publicize_feature_enabled":true,"jetpack_social_post_already_shared":true,"jetpack_social_options":{"image_generator_settings":{"template":"highway","default_image_id":0,"font":"","enabled":false},"version":2},"jetpack_post_was_ever_published":false},"categories":[3],"tags":[],"class_list":["post-128770","post","type-post","status-publish","format-standard","has-post-thumbnail","hentry","category-actualidad"],"jetpack_publicize_connections":[],"jetpack_featured_media_url":"https:\/\/laurbedigital.com.ar\/noticias\/wp-content\/uploads\/2026\/07\/20260715-MESSI.png","_links":{"self":[{"href":"https:\/\/laurbedigital.com.ar\/noticias\/wp-json\/wp\/v2\/posts\/128770","targetHints":{"allow":["GET"]}}],"collection":[{"href":"https:\/\/laurbedigital.com.ar\/noticias\/wp-json\/wp\/v2\/posts"}],"about":[{"href":"https:\/\/laurbedigital.com.ar\/noticias\/wp-json\/wp\/v2\/types\/post"}],"author":[{"embeddable":true,"href":"https:\/\/laurbedigital.com.ar\/noticias\/wp-json\/wp\/v2\/users\/1"}],"replies":[{"embeddable":true,"href":"https:\/\/laurbedigital.com.ar\/noticias\/wp-json\/wp\/v2\/comments?post=128770"}],"version-history":[{"count":2,"href":"https:\/\/laurbedigital.com.ar\/noticias\/wp-json\/wp\/v2\/posts\/128770\/revisions"}],"predecessor-version":[{"id":128772,"href":"https:\/\/laurbedigital.com.ar\/noticias\/wp-json\/wp\/v2\/posts\/128770\/revisions\/128772"}],"wp:featuredmedia":[{"embeddable":true,"href":"https:\/\/laurbedigital.com.ar\/noticias\/wp-json\/wp\/v2\/media\/127962"}],"wp:attachment":[{"href":"https:\/\/laurbedigital.com.ar\/noticias\/wp-json\/wp\/v2\/media?parent=128770"}],"wp:term":[{"taxonomy":"category","embeddable":true,"href":"https:\/\/laurbedigital.com.ar\/noticias\/wp-json\/wp\/v2\/categories?post=128770"},{"taxonomy":"post_tag","embeddable":true,"href":"https:\/\/laurbedigital.com.ar\/noticias\/wp-json\/wp\/v2\/tags?post=128770"}],"curies":[{"name":"wp","href":"https:\/\/api.w.org\/{rel}","templated":true}]}}