{"id":128768,"date":"2026-08-31T19:45:52","date_gmt":"2026-08-31T22:45:52","guid":{"rendered":"https:\/\/laurbedigital.com.ar\/noticias\/?p=128768"},"modified":"2026-08-31T19:45:52","modified_gmt":"2026-08-31T22:45:52","slug":"el-suicidio-en-argentina-marca-un-record-historico-y-supera-a-los-accidentes-viales","status":"publish","type":"post","link":"https:\/\/laurbedigital.com.ar\/noticias\/2026\/08\/31\/el-suicidio-en-argentina-marca-un-record-historico-y-supera-a-los-accidentes-viales\/","title":{"rendered":"El suicidio en Argentina marca un r\u00e9cord hist\u00f3rico y supera a los accidentes viales"},"content":{"rendered":"<p data-path-to-node=\"4\">El suicidio en Argentina alcanz\u00f3 su m\u00e1ximo registro hist\u00f3rico durante 2025 al contabilizar 5.209 fallecimientos oficiales, seg\u00fan el \u00faltimo informe del Sistema Nacional de Informaci\u00f3n Criminal (SNIC), dependiente del Ministerio de Seguridad de la Naci\u00f3n. Este balance represent\u00f3 un salto del 22,6% frente a los 4.249 casos reportados en 2024 y elev\u00f3 la tasa poblacional a 11,8 casos cada 100.000 habitantes. La cifra consolid\u00f3 un cambio estructural en el perfil de mortalidad del pa\u00eds: el suicidio ya desplaz\u00f3 a los siniestros viales como la primera causa de muerte entre las personas de 15 a 34 a\u00f1os.<\/p>\n<h4 data-path-to-node=\"5\">De la violencia interpersonal al da\u00f1o personal<\/h4>\n<p data-path-to-node=\"6\">El an\u00e1lisis elaborado por el Observatorio de Pol\u00edtica Criminal expone una mutaci\u00f3n profunda en la din\u00e1mica de las muertes violentas a nivel nacional. Durante el \u00faltimo per\u00edodo analizado, la tasa de suicidios pr\u00e1cticamente cuadruplic\u00f3 a la de homicidios dolosos, que se situ\u00f3 en 3,6 cada 100.000 habitantes.<\/p>\n<p data-path-to-node=\"7\">Ariel Larroude, abogado y director del Observatorio, advirti\u00f3 que el descenso en los homicidios convive con una trasmutaci\u00f3n de la violencia, la cual pas\u00f3 de manifestarse en el plano interpersonal a volcarse hacia el propio individuo. Entre 2017 y 2025, las cifras absolutas de suicidio acumularon una suba del 57,6% (43,9% al ponderar el crecimiento poblacional), lo que evidencia un fen\u00f3meno estructural que carece de contenci\u00f3n p\u00fablica sistem\u00e1tica.<\/p>\n<h4 data-path-to-node=\"8\">El impacto cr\u00edtico en la poblaci\u00f3n joven<\/h4>\n<p data-path-to-node=\"9\">La franja etaria de 15 a 34 a\u00f1os concentra el mayor dinamismo del fen\u00f3meno. Aunque los registros de 2025 a\u00fan no presentan el desglose etario definitivo, los datos consolidados de 2024 ratifican que el 45% del total de las personas fallecidas por esta causa pertenec\u00eda a este segmento poblacional. En t\u00e9rminos num\u00e9ricos, el rango de 20 a 24 a\u00f1os registr\u00f3 561 casos; el de 25 a 29 sum\u00f3 567; y el de 30 a 34 contabiliz\u00f3 486. Por su parte, la franja de 15 a 19 a\u00f1os sostiene un promedio cercano a las 380 muertes anuales desde 2018.<\/p>\n<p data-path-to-node=\"10\">Especialistas vinculan este escenario cr\u00edtico a una convergencia de factores de riesgo: depresi\u00f3n, aislamiento social, precarizaci\u00f3n laboral, endeudamiento y un incremento en el consumo problem\u00e1tico de sustancias. Datos de la SEDRONAR integrados al informe se\u00f1alan que el uso de estupefacientes se triplic\u00f3 recientemente en la poblaci\u00f3n econ\u00f3micamente activa.<\/p>\n<h4 data-path-to-node=\"11\">Fuertes asimetr\u00edas en el mapa provincial<\/h4>\n<p data-path-to-node=\"12\">La distribuci\u00f3n territorial del fen\u00f3meno evidencia contrastes severos en el territorio argentino:<\/p>\n<ul data-path-to-node=\"13\">\n<li>\n<p data-path-to-node=\"13,0,0\"><b data-path-to-node=\"13,0,0\" data-index-in-node=\"0\">Entre R\u00edos:<\/b> Encabeza la estad\u00edstica nacional con una tasa de 20,8 suicidios cada 100.000 habitantes, con una suba del 81,1% desde 2017.<\/p>\n<\/li>\n<li>\n<p data-path-to-node=\"13,1,0\"><b data-path-to-node=\"13,1,0\" data-index-in-node=\"0\">San Luis y Salta:<\/b> Reportaron tasas de 18,9 (un alza del 152,6% acumulado) y 17,4 respectivamente.<\/p>\n<\/li>\n<li>\n<p data-path-to-node=\"13,2,0\"><b data-path-to-node=\"13,2,0\" data-index-in-node=\"0\">Santa Cruz y Catamarca:<\/b> Registraron \u00edndices de 16 y 14,2 casos cada 100.000 personas.<\/p>\n<\/li>\n<li>\n<p data-path-to-node=\"13,3,0\"><b data-path-to-node=\"13,3,0\" data-index-in-node=\"0\">La Rioja:<\/b> Marc\u00f3 la variaci\u00f3n porcentual m\u00e1s extrema del pa\u00eds, al escalar un 284,6% entre 2017 y 2025, hasta alcanzar una tasa equivalente a 50 casos cada 100.000 habitantes.<\/p>\n<\/li>\n<li>\n<p data-path-to-node=\"13,4,0\"><b data-path-to-node=\"13,4,0\" data-index-in-node=\"0\">R\u00edo Negro y Neuqu\u00e9n:<\/b> Se ubicaron en el extremo opuesto con los registros m\u00e1s bajos, marcando 6,5 y 7,8 respectivamente.<\/p>\n<\/li>\n<\/ul>\n<h4 data-path-to-node=\"14\">Desfinanciamiento del sistema de salud mental<\/h4>\n<p data-path-to-node=\"15\">La escalada estad\u00edstica ocurre en paralelo a una marcada retracci\u00f3n del financiamiento estatal. Durante 2025, la ejecuci\u00f3n presupuestaria nacional destinada a salud mental descendi\u00f3 al 31,2%, el nivel m\u00e1s bajo desde 2017. A este panorama se suma el desfinanciamiento del 46% acumulado en el Hospital Laura Bonaparte entre 2023 y 2026, junto con el cese de atenci\u00f3n en guardias y demanda espont\u00e1nea registrado a fines de 2024. Pese a las alertas formales enviadas por once provincias, los canales federales de articulaci\u00f3n t\u00e9cnica no han sido reactivados.<\/p>\n<p data-path-to-node=\"16\">El subregistro sanitario complejiza a\u00fan m\u00e1s el diagn\u00f3stico: el Bolet\u00edn Epidemiol\u00f3gico Nacional contabiliz\u00f3 \u00fanicamente 748 muertes por esta causa en 2025, debido a que el sistema de notificaci\u00f3n obligatoria implementado en 2023 contin\u00faa en proceso de integraci\u00f3n territorial.<\/p>\n<p data-path-to-node=\"17\">La p\u00e9rdida de 5.209 vidas en un solo a\u00f1o equivale a un promedio superior a 14 fallecimientos diarios en el pa\u00eds. El volumen de los datos expone una urgencia humanitaria y sanitaria que trasciende las m\u00e9tricas econ\u00f3micas, demandando la urgente restituci\u00f3n de dispositivos de prevenci\u00f3n, asistencia territorial y contenci\u00f3n psicosocial integral.<\/p>\n<blockquote data-path-to-node=\"19\">\n<p data-path-to-node=\"19,0\"><b data-path-to-node=\"19,0\" data-index-in-node=\"0\">L\u00ednea de asistencia:<\/b> Si usted o alguien que conoce necesita apoyo o atraviesa una situaci\u00f3n de crisis, comun\u00edquese con el Centro de Asistencia al Suicida al 135 (gratuito desde CABA y GBA) o al (011) 5275-1135 para todo el pa\u00eds.<\/p>\n<\/blockquote>\n","protected":false},"excerpt":{"rendered":"<p>El suicidio en Argentina alcanz\u00f3 su m\u00e1ximo registro hist\u00f3rico durante 2025 al contabilizar 5.209 fallecimientos oficiales, seg\u00fan el \u00faltimo informe<\/p>\n","protected":false},"author":1,"featured_media":95475,"comment_status":"closed","ping_status":"closed","sticky":false,"template":"","format":"standard","meta":{"kia_subtitle":"El suicidio en Argentina alcanz\u00f3 5.209 muertes en 2025 y se convirti\u00f3 en la principal causa de deceso en j\u00f3venes, en medio de un severo recorte presupuestario en salud mental.","footnotes":"","jetpack_publicize_message":"","jetpack_publicize_feature_enabled":true,"jetpack_social_post_already_shared":true,"jetpack_social_options":{"image_generator_settings":{"template":"highway","default_image_id":0,"font":"","enabled":false},"version":2},"jetpack_post_was_ever_published":false},"categories":[3,41],"tags":[],"class_list":["post-128768","post","type-post","status-publish","format-standard","has-post-thumbnail","hentry","category-actualidad","category-nacionales"],"jetpack_publicize_connections":[],"jetpack_featured_media_url":"https:\/\/laurbedigital.com.ar\/noticias\/wp-content\/uploads\/2022\/09\/20230909-suicidio.jpg","_links":{"self":[{"href":"https:\/\/laurbedigital.com.ar\/noticias\/wp-json\/wp\/v2\/posts\/128768","targetHints":{"allow":["GET"]}}],"collection":[{"href":"https:\/\/laurbedigital.com.ar\/noticias\/wp-json\/wp\/v2\/posts"}],"about":[{"href":"https:\/\/laurbedigital.com.ar\/noticias\/wp-json\/wp\/v2\/types\/post"}],"author":[{"embeddable":true,"href":"https:\/\/laurbedigital.com.ar\/noticias\/wp-json\/wp\/v2\/users\/1"}],"replies":[{"embeddable":true,"href":"https:\/\/laurbedigital.com.ar\/noticias\/wp-json\/wp\/v2\/comments?post=128768"}],"version-history":[{"count":1,"href":"https:\/\/laurbedigital.com.ar\/noticias\/wp-json\/wp\/v2\/posts\/128768\/revisions"}],"predecessor-version":[{"id":128769,"href":"https:\/\/laurbedigital.com.ar\/noticias\/wp-json\/wp\/v2\/posts\/128768\/revisions\/128769"}],"wp:featuredmedia":[{"embeddable":true,"href":"https:\/\/laurbedigital.com.ar\/noticias\/wp-json\/wp\/v2\/media\/95475"}],"wp:attachment":[{"href":"https:\/\/laurbedigital.com.ar\/noticias\/wp-json\/wp\/v2\/media?parent=128768"}],"wp:term":[{"taxonomy":"category","embeddable":true,"href":"https:\/\/laurbedigital.com.ar\/noticias\/wp-json\/wp\/v2\/categories?post=128768"},{"taxonomy":"post_tag","embeddable":true,"href":"https:\/\/laurbedigital.com.ar\/noticias\/wp-json\/wp\/v2\/tags?post=128768"}],"curies":[{"name":"wp","href":"https:\/\/api.w.org\/{rel}","templated":true}]}}