{"id":128765,"date":"2026-08-31T11:40:23","date_gmt":"2026-08-31T14:40:23","guid":{"rendered":"https:\/\/laurbedigital.com.ar\/noticias\/?p=128765"},"modified":"2026-08-31T11:40:23","modified_gmt":"2026-08-31T14:40:23","slug":"del-aula-a-la-startup-la-propuesta-de-la-uit","status":"publish","type":"post","link":"https:\/\/laurbedigital.com.ar\/noticias\/2026\/08\/31\/del-aula-a-la-startup-la-propuesta-de-la-uit\/","title":{"rendered":"Del aula a la startup: la propuesta de la UIT"},"content":{"rendered":"<p dir=\"ltr\">La Universidad de Innovaci\u00f3n y Tecnolog\u00eda (UIT) present\u00f3 este jueves 27 de agosto su propuesta acad\u00e9mica en el Parque de Innovaci\u00f3n de CABA, con un modelo de formaci\u00f3n que articula educaci\u00f3n, innovaci\u00f3n tecnol\u00f3gica y desarrollo de proyectos y emprendimientos tecnol\u00f3gicos.<\/p>\n<p dir=\"ltr\">Durante el encuentro, autoridades de la universidad, CEOs de empresas y el presidente de la C\u00e1mara Argentina de Startups expusieron sobre las nuevas necesidades del ecosistema emprendedor. El eje estuvo puesto en la necesidad de que los estudiantes puedan aprender haciendo y desarrollar herramientas que les permitan transformar ideas en proyectos y emprendimientos.<\/p>\n<p dir=\"ltr\">En este sentido, la vicerrectora de la UIT, Cristina Colabello, explic\u00f3 que la instituci\u00f3n \u201canaliz\u00f3 cu\u00e1les eran las principales problem\u00e1ticas del sistema productivo\u201d, en t\u00e9rminos de formaci\u00f3n y de generaci\u00f3n de conocimiento, para \u201cver de qu\u00e9 manera las instituciones se estaban adecuando a dar esas respuestas con la velocidad que se necesitaba\u201d.<\/p>\n<p dir=\"ltr\">Uno de los ejes de la propuesta fue el \u201cProyecto Beta\u201d, presentado por Noelia Leguizam\u00f3n, mentora del proyecto, como una iniciativa que naci\u00f3 con la idea de \u201ccambiar el paradigma de la educaci\u00f3n\u201d. Seg\u00fan explic\u00f3, existe \u201cuna brecha entre la teor\u00eda del aula y el ecosistema emprendedor\u201d, por lo que el proyecto busca generar un contexto en el que las personas puedan desarrollar sus ideas y conectarse con mentores y equipos de trabajo.<\/p>\n<p dir=\"ltr\">Desde el sector empresarial, Franco Rodr\u00edguez Viau, CEO de Sat\u00e9lites On Fire, destac\u00f3 la importancia de \u201cdespertar el inter\u00e9s\u201d de los alumnos sobre alguna tem\u00e1tica y aprovechar esa pasi\u00f3n para que se puedan \u201cformar en las habilidades que sirven para el mercado laboral de hoy\u201d. Tambi\u00e9n mencion\u00f3 que en un contexto de mayor utilizaci\u00f3n de inteligencia artificial y automatizaci\u00f3n, \u201cla conexi\u00f3n humana termina siendo m\u00e1s relevante\u201d.<\/p>\n<p dir=\"ltr\"><img loading=\"lazy\" decoding=\"async\" class=\"alignnone size-full wp-image-128763\" src=\"https:\/\/laurbedigital.com.ar\/noticias\/wp-content\/uploads\/2026\/08\/20260831-uit-panel.png\" alt=\"\" width=\"768\" height=\"428\" title=\"\" srcset=\"https:\/\/laurbedigital.com.ar\/noticias\/wp-content\/uploads\/2026\/08\/20260831-uit-panel.png 768w, https:\/\/laurbedigital.com.ar\/noticias\/wp-content\/uploads\/2026\/08\/20260831-uit-panel-300x167.png 300w\" sizes=\"auto, (max-width: 768px) 100vw, 768px\" \/><\/p>\n<p dir=\"ltr\">Por su parte, Nicol\u00e1s Alarc\u00f3n, CEO de Foto A\u00e9rea, sostuvo que \u201cno todas las ideas, por m\u00e1s buenas que sean son aptas para implementarse\u201d, y remarc\u00f3 que el papel de las universidades es \u201cclave para poder ense\u00f1arle a los alumnos y darles herramientas para poder implementar esas ideas y hacerlas funcionar en el tiempo\u201d.<\/p>\n<p dir=\"ltr\">La mirada del ecosistema emprendedor estuvo a cargo de Mart\u00edn P\u00e9rez, presidente de la C\u00e1mara Argentina de Startups, quien se\u00f1al\u00f3 que la velocidad con la que se mueven los mercados y los nuevos productos requiere \u201cun tipo de formaci\u00f3n diferente\u201d. Explic\u00f3 que el ecosistema necesita instituciones que \u201cformen en creatividad y adaptaci\u00f3n frente a problem\u00e1ticas nuevas\u201d.<\/p>\n","protected":false},"excerpt":{"rendered":"<p>La Universidad de Innovaci\u00f3n y Tecnolog\u00eda (UIT) present\u00f3 este jueves 27 de agosto su propuesta acad\u00e9mica en el Parque de<\/p>\n","protected":false},"author":1,"featured_media":128762,"comment_status":"closed","ping_status":"closed","sticky":false,"template":"","format":"standard","meta":{"kia_subtitle":"La presentaci\u00f3n reuni\u00f3 a autoridades de la UIT y referentes del ecosistema emprendedor, quienes destacaron la importancia de una formaci\u00f3n basada en la conexi\u00f3n entre universidad y mundo productivo.","footnotes":"","jetpack_publicize_message":"","jetpack_publicize_feature_enabled":true,"jetpack_social_post_already_shared":true,"jetpack_social_options":{"image_generator_settings":{"template":"highway","default_image_id":0,"font":"","enabled":false},"version":2},"jetpack_post_was_ever_published":false},"categories":[13,2544],"tags":[],"class_list":["post-128765","post","type-post","status-publish","format-standard","has-post-thumbnail","hentry","category-region","category-ciudad-de-buenos-aires"],"jetpack_publicize_connections":[],"jetpack_featured_media_url":"https:\/\/laurbedigital.com.ar\/noticias\/wp-content\/uploads\/2026\/08\/20260831-uit.png","_links":{"self":[{"href":"https:\/\/laurbedigital.com.ar\/noticias\/wp-json\/wp\/v2\/posts\/128765","targetHints":{"allow":["GET"]}}],"collection":[{"href":"https:\/\/laurbedigital.com.ar\/noticias\/wp-json\/wp\/v2\/posts"}],"about":[{"href":"https:\/\/laurbedigital.com.ar\/noticias\/wp-json\/wp\/v2\/types\/post"}],"author":[{"embeddable":true,"href":"https:\/\/laurbedigital.com.ar\/noticias\/wp-json\/wp\/v2\/users\/1"}],"replies":[{"embeddable":true,"href":"https:\/\/laurbedigital.com.ar\/noticias\/wp-json\/wp\/v2\/comments?post=128765"}],"version-history":[{"count":2,"href":"https:\/\/laurbedigital.com.ar\/noticias\/wp-json\/wp\/v2\/posts\/128765\/revisions"}],"predecessor-version":[{"id":128767,"href":"https:\/\/laurbedigital.com.ar\/noticias\/wp-json\/wp\/v2\/posts\/128765\/revisions\/128767"}],"wp:featuredmedia":[{"embeddable":true,"href":"https:\/\/laurbedigital.com.ar\/noticias\/wp-json\/wp\/v2\/media\/128762"}],"wp:attachment":[{"href":"https:\/\/laurbedigital.com.ar\/noticias\/wp-json\/wp\/v2\/media?parent=128765"}],"wp:term":[{"taxonomy":"category","embeddable":true,"href":"https:\/\/laurbedigital.com.ar\/noticias\/wp-json\/wp\/v2\/categories?post=128765"},{"taxonomy":"post_tag","embeddable":true,"href":"https:\/\/laurbedigital.com.ar\/noticias\/wp-json\/wp\/v2\/tags?post=128765"}],"curies":[{"name":"wp","href":"https:\/\/api.w.org\/{rel}","templated":true}]}}