{"id":128759,"date":"2026-08-31T11:37:31","date_gmt":"2026-08-31T14:37:31","guid":{"rendered":"https:\/\/laurbedigital.com.ar\/noticias\/?p=128759"},"modified":"2026-08-31T11:37:31","modified_gmt":"2026-08-31T14:37:31","slug":"mejoras-en-la-conectividad-habilitaron-el-puente-peatonal-del-paso-bajo-nivel-de-calzada","status":"publish","type":"post","link":"https:\/\/laurbedigital.com.ar\/noticias\/2026\/08\/31\/mejoras-en-la-conectividad-habilitaron-el-puente-peatonal-del-paso-bajo-nivel-de-calzada\/","title":{"rendered":"Mejoras en la conectividad: Habilitaron el puente peatonal del Paso Bajo Nivel de Calzada"},"content":{"rendered":"<div>\n<p>La nueva infraestructura facilita el cruce peatonal y fortalece la conectividad en un sector estrat\u00e9gico, ubicado a metros de la Estaci\u00f3n de Trenes de Rafael Calzada y de la Delegaci\u00f3n Municipal, adem\u00e1s de encontrarse pr\u00f3ximo al nuevo Polideportivo \u00abN\u00e9stor Sicher\u00bb sobre la calle G\u00fcemes y a pocas cuadras de la Estaci\u00f3n de Claypole.<\/p>\n<p>En este sentido, el nuevo paso peatonal ya es utilizado diariamente por vecinos para trasladarse de un lado al otro del bajo nivel, facilitando los desplazamientos cotidianos y el acceso a los distintos sectores de una zona muy concurrida.<\/p>\n<p>Tambi\u00e9n constituye una alternativa para los usuarios del tren que transitan por el \u00e1rea, favoreciendo una conexi\u00f3n m\u00e1s directa y segura.<\/p>\n<p><img loading=\"lazy\" decoding=\"async\" class=\"alignnone size-full wp-image-128760\" src=\"https:\/\/laurbedigital.com.ar\/noticias\/wp-content\/uploads\/2026\/08\/20260831-puente-Calzada.png\" alt=\"\" width=\"768\" height=\"428\" title=\"\" srcset=\"https:\/\/laurbedigital.com.ar\/noticias\/wp-content\/uploads\/2026\/08\/20260831-puente-Calzada.png 768w, https:\/\/laurbedigital.com.ar\/noticias\/wp-content\/uploads\/2026\/08\/20260831-puente-Calzada-300x167.png 300w\" sizes=\"auto, (max-width: 768px) 100vw, 768px\" \/><\/p>\n<p>La habilitaci\u00f3n se suma a las distintas obras complementarias que se fueron concretando en los \u00faltimos meses para completar el complejo vial, entre ellas la apertura de nuevas trazas y la circulaci\u00f3n de la calle Presidente Per\u00f3n, generando nuevas alternativas para el tr\u00e1nsito y facilitando el acceso a la estaci\u00f3n ferroviaria y a la calle G\u00fcemes en direcci\u00f3n a Claypole.<\/p>\n<p>Todo esto se enmarca en el nuevo Paso Bajo Nivel de Rafael Calzada que fue inaugurado en diciembre pasado. Se encuentra en la intersecci\u00f3n de Presidente Per\u00f3n y las v\u00edas del Ferrocarril General Roca y cuenta con circulaci\u00f3n de doble mano, dos carriles, un g\u00e1libo de 4,50 metros de altura y un ancho de 9,50 metros, permitiendo el paso de todo tipo de veh\u00edculos.<\/p>\n<p>La obra tambi\u00e9n incorpor\u00f3 cruces peatonales subterr\u00e1neos y un sistema de iluminaci\u00f3n LED en todo su recorrido, adem\u00e1s de las nuevos refugios (paradas de colectivo) que instal\u00f3 la Comuna bronwiana en la estaci\u00f3n ferroviaria.<\/p>\n<p><strong><em>\u201cSeguimos completando una obra hist\u00f3rica y muy importante para Rafael Calzada, que mejora la circulaci\u00f3n vehicular y peatonal y, fundamentalmente, fortalece la conexi\u00f3n entre nuestros barrios. Cada una de estas intervenciones permite que los vecinos puedan trasladarse de manera m\u00e1s segura, \u00e1gil y accesible\u201d, destac\u00f3 Mariano Cascallares.<\/em><\/strong><\/p>\n<\/div>\n","protected":false},"excerpt":{"rendered":"<p>La nueva infraestructura facilita el cruce peatonal y fortalece la conectividad en un sector estrat\u00e9gico, ubicado a metros de la<\/p>\n","protected":false},"author":1,"featured_media":128761,"comment_status":"closed","ping_status":"closed","sticky":false,"template":"","format":"standard","meta":{"kia_subtitle":"El Municipio de Almirante Brown habilit\u00f3 el nuevo puente peatonal del Paso Bajo Nivel de Rafael Calzada, que ya es utilizado por vecinos y vecinas y permite mejorar la accesibilidad, optimizar la circulaci\u00f3n y facilitar la conexi\u00f3n en toda la zona del distrito.","footnotes":"","jetpack_publicize_message":"","jetpack_publicize_feature_enabled":true,"jetpack_social_post_already_shared":true,"jetpack_social_options":{"image_generator_settings":{"template":"highway","default_image_id":0,"font":"","enabled":false},"version":2},"jetpack_post_was_ever_published":false},"categories":[2,33,251],"tags":[],"class_list":["post-128759","post","type-post","status-publish","format-standard","has-post-thumbnail","hentry","category-alte-brown","category-alte-brown-alte-brown","category-rafael-calzada"],"jetpack_publicize_connections":[],"jetpack_featured_media_url":"https:\/\/laurbedigital.com.ar\/noticias\/wp-content\/uploads\/2026\/08\/20260831-puente-Calzada-1.png","_links":{"self":[{"href":"https:\/\/laurbedigital.com.ar\/noticias\/wp-json\/wp\/v2\/posts\/128759","targetHints":{"allow":["GET"]}}],"collection":[{"href":"https:\/\/laurbedigital.com.ar\/noticias\/wp-json\/wp\/v2\/posts"}],"about":[{"href":"https:\/\/laurbedigital.com.ar\/noticias\/wp-json\/wp\/v2\/types\/post"}],"author":[{"embeddable":true,"href":"https:\/\/laurbedigital.com.ar\/noticias\/wp-json\/wp\/v2\/users\/1"}],"replies":[{"embeddable":true,"href":"https:\/\/laurbedigital.com.ar\/noticias\/wp-json\/wp\/v2\/comments?post=128759"}],"version-history":[{"count":1,"href":"https:\/\/laurbedigital.com.ar\/noticias\/wp-json\/wp\/v2\/posts\/128759\/revisions"}],"predecessor-version":[{"id":128764,"href":"https:\/\/laurbedigital.com.ar\/noticias\/wp-json\/wp\/v2\/posts\/128759\/revisions\/128764"}],"wp:featuredmedia":[{"embeddable":true,"href":"https:\/\/laurbedigital.com.ar\/noticias\/wp-json\/wp\/v2\/media\/128761"}],"wp:attachment":[{"href":"https:\/\/laurbedigital.com.ar\/noticias\/wp-json\/wp\/v2\/media?parent=128759"}],"wp:term":[{"taxonomy":"category","embeddable":true,"href":"https:\/\/laurbedigital.com.ar\/noticias\/wp-json\/wp\/v2\/categories?post=128759"},{"taxonomy":"post_tag","embeddable":true,"href":"https:\/\/laurbedigital.com.ar\/noticias\/wp-json\/wp\/v2\/tags?post=128759"}],"curies":[{"name":"wp","href":"https:\/\/api.w.org\/{rel}","templated":true}]}}