{"id":128747,"date":"2026-08-30T23:38:47","date_gmt":"2026-08-31T02:38:47","guid":{"rendered":"https:\/\/laurbedigital.com.ar\/noticias\/?p=128747"},"modified":"2026-08-30T23:38:47","modified_gmt":"2026-08-31T02:38:47","slug":"el-reino-en-netflix-el-aclamado-thriller-con-diego-peretti","status":"publish","type":"post","link":"https:\/\/laurbedigital.com.ar\/noticias\/2026\/08\/30\/el-reino-en-netflix-el-aclamado-thriller-con-diego-peretti\/","title":{"rendered":"El Reino en Netflix: el aclamado thriller con Diego Peretti"},"content":{"rendered":"<p data-path-to-node=\"6\">La serie <b data-path-to-node=\"6\" data-index-in-node=\"9\">El Reino en Netflix<\/b> se mantiene como una de las producciones nacionales m\u00e1s comentadas y exitosas del cat\u00e1logo de streaming internacional. Creada por la escritora Claudia Pi\u00f1eiro y dirigida por el cineasta Marcelo Pi\u00f1eyro, la ficci\u00f3n sumerge al espectador en un universo de intriga donde las convicciones de fe, los intereses partidarios y las ambiciones desmedidas colisionan de forma constante. Protagonizada por Diego Peretti, la historia explora las zonas m\u00e1s oscuras del poder a partir de un hecho de violencia extrema que altera el destino institucional del pa\u00eds.<\/p>\n<h4 data-path-to-node=\"7\">Una trama de conspiraci\u00f3n, fe y disputas por el poder<\/h4>\n<p data-path-to-node=\"8\">El relato se dispara a partir de un punto de partida dram\u00e1tico e implacable: durante el acto de cierre de campa\u00f1a electoral, el candidato a presidente de la Naci\u00f3n es asesinado frente a una multitud fervorosa. Ante este magnicidio, el pastor evang\u00e9lico Emilio V\u00e1zquez Pena, interpretado por Peretti, debe asumir la candidatura principal mientras la fiscal\u00eda intenta reconstruir lo ocurrido y desarticular una red de complicidades.<\/p>\n<p data-path-to-node=\"9\">Lo que en apariencia se presenta como una investigaci\u00f3n criminal com\u00fan se transforma de inmediato en un thriller psicol\u00f3gico y pol\u00edtico de alta tensi\u00f3n. Los templos religiosos, los comit\u00e9s partidarios, las oficinas gubernamentales y los despachos judiciales conforman el mapa por donde circulan personajes con lealtades dudosas. La obra indaga en los mecanismos de manipulaci\u00f3n colectiva, el carisma medi\u00e1tico de los l\u00edderes populares y los l\u00edmites \u00e9ticos que se quiebran cuando la religi\u00f3n se utiliza como plataforma directa para el ascenso pol\u00edtico.<\/p>\n<p data-path-to-node=\"9\"><img loading=\"lazy\" decoding=\"async\" class=\"alignnone size-full wp-image-89077\" src=\"https:\/\/laurbedigital.com.ar\/noticias\/wp-content\/uploads\/2023\/03\/20230308-El-Reino-II-2.jpg\" alt=\"\" width=\"768\" height=\"428\" title=\"\" srcset=\"https:\/\/laurbedigital.com.ar\/noticias\/wp-content\/uploads\/2023\/03\/20230308-El-Reino-II-2.jpg 768w, https:\/\/laurbedigital.com.ar\/noticias\/wp-content\/uploads\/2023\/03\/20230308-El-Reino-II-2-300x167.jpg 300w\" sizes=\"auto, (max-width: 768px) 100vw, 768px\" \/><\/p>\n<h4 data-path-to-node=\"10\">Diego Peretti al frente de un elenco estelar<\/h4>\n<p data-path-to-node=\"11\">La labor interpretativa de Diego Peretti constituye uno de los pilares m\u00e1s s\u00f3lidos de la narrativa. En la piel de V\u00e1zquez Pena, el actor encarna a un hombre complejo, atrapado entre su investidura espiritual y las exigencias pragm\u00e1ticas de una campa\u00f1a despiadada. A medida que avanza la trama, el personaje exhibe contradicciones morales cada vez m\u00e1s profundas, oscilando entre la devoci\u00f3n pastoral y la frialdad necesaria para sostener su hegemon\u00eda en el tablero p\u00fablico.<\/p>\n<p data-path-to-node=\"12\">El peso actoral se apoya tambi\u00e9n en un reparto de primer nivel que aporta capas de tensi\u00f3n y dinamismo a cada subtrama:<\/p>\n<ul data-path-to-node=\"13\">\n<li>\n<p data-path-to-node=\"13,0,0\"><b data-path-to-node=\"13,0,0\" data-index-in-node=\"0\">Mercedes Mor\u00e1n:<\/b> interpreta a la pastora Elena, la estratega familiar y guardiana de los secretos de la congregaci\u00f3n.<\/p>\n<\/li>\n<li>\n<p data-path-to-node=\"13,1,0\"><b data-path-to-node=\"13,1,0\" data-index-in-node=\"0\">Chino Dar\u00edn:<\/b> da vida a Julio Clamens, un joven colaborador con un pasado tormentoso que busca redenci\u00f3n.<\/p>\n<\/li>\n<li>\n<p data-path-to-node=\"13,2,0\"><b data-path-to-node=\"13,2,0\" data-index-in-node=\"0\">Nancy Dupl\u00e1a:<\/b> encarna a la fiscal Roberta Candia, decidida a llegar hasta las \u00faltimas consecuencias de la causa judicial.<\/p>\n<\/li>\n<li>\n<p data-path-to-node=\"13,3,0\"><b data-path-to-node=\"13,3,0\" data-index-in-node=\"0\">Joaqu\u00edn Furriel:<\/b> compone a Rub\u00e9n Osorio, un oscuro operador de las sombras que maneja los hilos del poder institucional.<\/p>\n<\/li>\n<li>\n<p data-path-to-node=\"13,4,0\"><b data-path-to-node=\"13,4,0\" data-index-in-node=\"0\">Peter Lanzani:<\/b> interpreta a Tadeo V\u00e1zquez Pena, un l\u00edder juvenil \u00edntegro que entra en conflicto con las decisiones de su entorno.<\/p>\n<\/li>\n<li>\n<p data-path-to-node=\"13,5,0\"><b data-path-to-node=\"13,5,0\" data-index-in-node=\"0\">Vera Spinetta, Nico Garc\u00eda Hume, Victoria Almeida y Santiago Korovsky:<\/b> completan un elenco coral que potencia el ritmo dram\u00e1tico.<\/p>\n<\/li>\n<\/ul>\n<h4 data-path-to-node=\"14\">La evoluci\u00f3n en dos temporadas atrapantes<\/h4>\n<p data-path-to-node=\"15\">La producci\u00f3n cuenta con dos temporadas que cierran de forma integral el arco dram\u00e1tico planteado por Pi\u00f1eiro y Pi\u00f1eyro. En la primera entrega, el suspenso gira en torno a descubrir la autor\u00eda intelectual del crimen inicial y consolidar la figura del pastor ante el electorado. Cada episodio a\u00f1ade revelaciones sobre los v\u00ednculos subterr\u00e1neos entre la Iglesia de la Luz y diversos sectores del poder econ\u00f3mico.<\/p>\n<p data-path-to-node=\"16\">La segunda temporada eleva la escala del conflicto: con Emilio V\u00e1zquez Pena ya asentado en la cima de la competencia por la primera magistratura, el ejercicio directo de la autoridad desata fracturas internas y expone al protagonista a un costo personal devastador. Lejos de brindar estabilidad, la cercan\u00eda con el sill\u00f3n de mando intensifica las traiciones, obligando a los protagonistas a tomar determinaciones l\u00edmite para conservar el control.<\/p>\n<h4 data-path-to-node=\"17\">Las razones de un fen\u00f3meno que sigue vigente<\/h4>\n<p data-path-to-node=\"18\">La vigencia de esta ficci\u00f3n radica en que su atractivo trasciende el formato cl\u00e1sico del policial de misterio. El eje de la propuesta no se agota en saber qui\u00e9n ejecut\u00f3 el disparo, sino en examinar c\u00f3mo se construye la legitimidad p\u00fablica a trav\u00e9s del discurso moral y la fe comunitaria.<\/p>\n<p data-path-to-node=\"19\">Por su ritmo sostenido, su despliegue visual cinematogr\u00e1fico y la vigencia de sus debates \u00e9ticos, <b data-path-to-node=\"19\" data-index-in-node=\"98\">El Reino en Netflix<\/b> permanece como una opci\u00f3n ideal para maratonear en pocos d\u00edas, consolidando el valor de la ficci\u00f3n argentina en las plataformas globales.<\/p>\n","protected":false},"excerpt":{"rendered":"<p>La serie El Reino en Netflix se mantiene como una de las producciones nacionales m\u00e1s comentadas y exitosas del cat\u00e1logo<\/p>\n","protected":false},"author":1,"featured_media":89659,"comment_status":"closed","ping_status":"closed","sticky":false,"template":"","format":"standard","meta":{"kia_subtitle":"El Reino en Netflix se consolida como una de las ficciones argentinas m\u00e1s intensas, combinando drama, pol\u00edtica y religi\u00f3n en dos temporadas ideales para maratonear.","footnotes":"","jetpack_publicize_message":"","jetpack_publicize_feature_enabled":true,"jetpack_social_post_already_shared":true,"jetpack_social_options":{"image_generator_settings":{"template":"highway","default_image_id":0,"font":"","enabled":false},"version":2},"jetpack_post_was_ever_published":false},"categories":[2600,68],"tags":[],"class_list":["post-128747","post","type-post","status-publish","format-standard","has-post-thumbnail","hentry","category-espectaculo","category-cine-y-series"],"jetpack_publicize_connections":[],"jetpack_featured_media_url":"https:\/\/laurbedigital.com.ar\/noticias\/wp-content\/uploads\/2023\/03\/20230323-peretti.jpg","_links":{"self":[{"href":"https:\/\/laurbedigital.com.ar\/noticias\/wp-json\/wp\/v2\/posts\/128747","targetHints":{"allow":["GET"]}}],"collection":[{"href":"https:\/\/laurbedigital.com.ar\/noticias\/wp-json\/wp\/v2\/posts"}],"about":[{"href":"https:\/\/laurbedigital.com.ar\/noticias\/wp-json\/wp\/v2\/types\/post"}],"author":[{"embeddable":true,"href":"https:\/\/laurbedigital.com.ar\/noticias\/wp-json\/wp\/v2\/users\/1"}],"replies":[{"embeddable":true,"href":"https:\/\/laurbedigital.com.ar\/noticias\/wp-json\/wp\/v2\/comments?post=128747"}],"version-history":[{"count":2,"href":"https:\/\/laurbedigital.com.ar\/noticias\/wp-json\/wp\/v2\/posts\/128747\/revisions"}],"predecessor-version":[{"id":128749,"href":"https:\/\/laurbedigital.com.ar\/noticias\/wp-json\/wp\/v2\/posts\/128747\/revisions\/128749"}],"wp:featuredmedia":[{"embeddable":true,"href":"https:\/\/laurbedigital.com.ar\/noticias\/wp-json\/wp\/v2\/media\/89659"}],"wp:attachment":[{"href":"https:\/\/laurbedigital.com.ar\/noticias\/wp-json\/wp\/v2\/media?parent=128747"}],"wp:term":[{"taxonomy":"category","embeddable":true,"href":"https:\/\/laurbedigital.com.ar\/noticias\/wp-json\/wp\/v2\/categories?post=128747"},{"taxonomy":"post_tag","embeddable":true,"href":"https:\/\/laurbedigital.com.ar\/noticias\/wp-json\/wp\/v2\/tags?post=128747"}],"curies":[{"name":"wp","href":"https:\/\/api.w.org\/{rel}","templated":true}]}}