{"id":128745,"date":"2026-08-30T22:30:03","date_gmt":"2026-08-31T01:30:03","guid":{"rendered":"https:\/\/laurbedigital.com.ar\/noticias\/?p=128745"},"modified":"2026-08-30T22:30:03","modified_gmt":"2026-08-31T01:30:03","slug":"los-argentinos-prefieren-vivir-90-anos-con-salud-plena-antes-que-150-con-limitaciones-fisicas","status":"publish","type":"post","link":"https:\/\/laurbedigital.com.ar\/noticias\/2026\/08\/30\/los-argentinos-prefieren-vivir-90-anos-con-salud-plena-antes-que-150-con-limitaciones-fisicas\/","title":{"rendered":"Los argentinos prefieren vivir 90 a\u00f1os con salud plena antes que 150 con limitaciones f\u00edsicas"},"content":{"rendered":"<p data-path-to-node=\"6\">La aspiraci\u00f3n a una <b data-path-to-node=\"6\" data-index-in-node=\"20\">longevidad y salud<\/b> plena redefine las expectativas sociales en Argentina frente a las promesas futuristas de la biotecnolog\u00eda global. Frente a los discursos de magnates tecnol\u00f3gicos que invierten sumas extraordinarias en proyectos para extender la existencia humana m\u00e1s all\u00e1 de los 120 a\u00f1os, la ciudadan\u00eda expresa un criterio pragm\u00e1tico: el 83% de los argentinos prefiere alcanzar los 90 a\u00f1os en \u00f3ptimas condiciones f\u00edsicas y mentales antes que llegar a los 150 a\u00f1os padeciendo limitaciones motrices o cognitivas severas. La conclusi\u00f3n surge de un relevamiento exhaustivo elaborado por el Observatorio de Psicolog\u00eda Social Aplicada (OPSA) de la Facultad de Psicolog\u00eda de la Universidad de Buenos Aires (UBA), estructurado sobre una muestra representativa de 1.851 casos en todo el territorio nacional.<\/p>\n<h4 data-path-to-node=\"7\">Lucidez mental frente a la promesa est\u00e9tica del rejuvenecimiento<\/h4>\n<p data-path-to-node=\"8\">El informe acad\u00e9mico expone una distancia evidente entre las campa\u00f1as comerciales orientadas a la est\u00e9tica y las demandas reales de la poblaci\u00f3n. La sociedad no prioriza la apariencia exterior ni la ausencia de arrugas, sino la conservaci\u00f3n de la autonom\u00eda personal y la lucidez cognitiva para el desarrollo de la vida cotidiana.<\/p>\n<p data-path-to-node=\"9\">Ricardo Iacub, profesor titular de Psicolog\u00eda de la Tercera Edad y Vejez en la UBA y vocero de la investigaci\u00f3n, subraya que la demanda colectiva descarta la prolongaci\u00f3n cronol\u00f3gica desprovista de bienestar. En los segmentos poblacionales mayores de 50 a\u00f1os, la preservaci\u00f3n del equilibrio ps\u00edquico y la fortaleza f\u00edsica aparecen como los pilares determinantes que otorgan valor a la existencia. La ciudadan\u00eda valora la experiencia vital en la medida en que existan condiciones de autovalimiento, desestimando la idea de extender el ciclo biol\u00f3gico sin facultades plenas.<\/p>\n<h4 data-path-to-node=\"10\">El costo emocional de la soledad en la vejez extendida<\/h4>\n<p data-path-to-node=\"11\">La posibilidad te\u00f3rica de acceder a una vida indefinida suscita mayor resistencia que entusiasmo: el 43% de los encuestados manifiesta un rechazo abierto a la inmortalidad, mientras que un 27% la aceptar\u00eda y un 30% permanece indeciso. La dimensi\u00f3n vincular y afectiva se consolida como el factor condicionante decisivo en las determinaciones individuales.<\/p>\n<ul data-path-to-node=\"12\">\n<li>\n<p data-path-to-node=\"12,0,0\"><b data-path-to-node=\"12,0,0\" data-index-in-node=\"0\">V\u00ednculos compartidos:<\/b> El 54% de los participantes solo aceptar\u00eda acceder a tratamientos de vida indefinida si ese beneficio estuviera garantizado simult\u00e1neamente para su c\u00edrculo familiar y personas queridas. Apenas un 9% elegir\u00eda la inmortalidad de forma solitaria.<\/p>\n<\/li>\n<li>\n<p data-path-to-node=\"12,1,0\"><b data-path-to-node=\"12,1,0\" data-index-in-node=\"0\">El miedo al desarraigo afectivo:<\/b> El 70% de la muestra teme presenciar la muerte progresiva de sus seres queridos en un escenario de extensi\u00f3n vital extrema. Para los encuestados, el impacto de sobrevivir a su entorno afectivo supera ampliamente la incomodidad frente a las transformaciones socioculturales o la obligaci\u00f3n de reinventarse en \u00e9pocas futuras.<\/p>\n<\/li>\n<\/ul>\n<h4 data-path-to-node=\"13\">Confianza cient\u00edfica y el deseo de una vida finita<\/h4>\n<p data-path-to-node=\"14\">El estudio del OPSA revela una postura ambivalente frente a la aceleraci\u00f3n t\u00e9cnica: si bien el 89% considera altamente probable que la ciencia consiga elevar la esperanza de vida en las pr\u00f3ximas tres d\u00e9cadas, el entusiasmo por someterse a procedimientos experimentales disminuye notablemente. El 52% se aplicar\u00eda terapias comprobadas de reversi\u00f3n biol\u00f3gica, un 27% recurrir\u00eda a m\u00e9todos de extensi\u00f3n temporal ilimitada y solo el 15% aceptar\u00eda esquemas de preservaci\u00f3n digital de memorias y patrones cognitivos.<\/p>\n<p data-path-to-node=\"15\">Respecto al l\u00edmite temporal deseable, dos de cada tres personas (67%) manifiestan su preferencia por vivir hasta una edad precisa, mientras que \u00fanicamente el 17% desear\u00eda no tener una fecha final predeterminada. La barrera aspiracional promedio se sit\u00faa en los 90 a\u00f1os, un registro que adiciona una d\u00e9cada a la expectativa demogr\u00e1fica vigente en el pa\u00eds pero mantiene una noci\u00f3n de cierre natural. En cuanto a la veracidad de estos avances, el 49% interpreta que existen fundamentos cient\u00edficos aunque sobredimensionados por los medios, el 26% los califica como meras estrategias publicitarias y el 18% los considera avances consolidados.<\/p>\n<h4 data-path-to-node=\"16\">Dilemas bio\u00e9ticos y la barrera del esfuerzo laboral<\/h4>\n<p data-path-to-node=\"17\">La discusi\u00f3n sobre la prolongaci\u00f3n de la vida activa tambi\u00e9n suscita inquietudes \u00e9ticas y socioecon\u00f3micas de magnitud. Los efectos adversos desconocidos a largo plazo (23%), el riesgo de que las terapias queden reservadas con exclusividad a las clases adineradas (23%) y la alteraci\u00f3n de los procesos biol\u00f3gicos naturales (22%) componen las principales alarmas de la poblaci\u00f3n encuestada.<\/p>\n<p data-path-to-node=\"18\">Asimismo, la perspectiva de una longevidad ligada a la continuidad de las obligaciones laborales genera un rechazo generalizado. La hip\u00f3tesis de vivir dos siglos manteniendo una vida laboral activa hasta los 150 a\u00f1os es descartada por el 60% de los consultados, cosechando un 57% de desaprobaci\u00f3n incluso entre los menores de 30 a\u00f1os.<\/p>\n<p data-path-to-node=\"19\">Los hallazgos del relevamiento confirman que la sociedad argentina valora el tiempo de vida en funci\u00f3n de la salud integral, el lazo comunitario y la dignidad cotidiana. M\u00e1s que perseguir una carrera hacia la inmortalidad corporativa, la ciudadan\u00eda establece que la <b data-path-to-node=\"19\" data-index-in-node=\"266\">longevidad y salud<\/b> deben marchar de la mano, privilegiando una vida plena y con prop\u00f3sito antes que una existencia indefinida marcada por el deterioro y la soledad.<\/p>\n","protected":false},"excerpt":{"rendered":"<p>La aspiraci\u00f3n a una longevidad y salud plena redefine las expectativas sociales en Argentina frente a las promesas futuristas de<\/p>\n","protected":false},"author":1,"featured_media":108736,"comment_status":"closed","ping_status":"closed","sticky":false,"template":"","format":"standard","meta":{"kia_subtitle":"La b\u00fasqueda de longevidad y salud plena hasta los 90 a\u00f1os se impone sobre la inmortalidad seg\u00fan un estudio de la UBA que analiza el envejecimiento.","footnotes":"","jetpack_publicize_message":"","jetpack_publicize_feature_enabled":true,"jetpack_social_post_already_shared":true,"jetpack_social_options":{"image_generator_settings":{"template":"highway","default_image_id":0,"font":"","enabled":false},"version":2},"jetpack_post_was_ever_published":false},"categories":[3,41],"tags":[],"class_list":["post-128745","post","type-post","status-publish","format-standard","has-post-thumbnail","hentry","category-actualidad","category-nacionales"],"jetpack_publicize_connections":[],"jetpack_featured_media_url":"https:\/\/laurbedigital.com.ar\/noticias\/wp-content\/uploads\/2024\/09\/20240913-Jubilados.jpg","_links":{"self":[{"href":"https:\/\/laurbedigital.com.ar\/noticias\/wp-json\/wp\/v2\/posts\/128745","targetHints":{"allow":["GET"]}}],"collection":[{"href":"https:\/\/laurbedigital.com.ar\/noticias\/wp-json\/wp\/v2\/posts"}],"about":[{"href":"https:\/\/laurbedigital.com.ar\/noticias\/wp-json\/wp\/v2\/types\/post"}],"author":[{"embeddable":true,"href":"https:\/\/laurbedigital.com.ar\/noticias\/wp-json\/wp\/v2\/users\/1"}],"replies":[{"embeddable":true,"href":"https:\/\/laurbedigital.com.ar\/noticias\/wp-json\/wp\/v2\/comments?post=128745"}],"version-history":[{"count":1,"href":"https:\/\/laurbedigital.com.ar\/noticias\/wp-json\/wp\/v2\/posts\/128745\/revisions"}],"predecessor-version":[{"id":128746,"href":"https:\/\/laurbedigital.com.ar\/noticias\/wp-json\/wp\/v2\/posts\/128745\/revisions\/128746"}],"wp:featuredmedia":[{"embeddable":true,"href":"https:\/\/laurbedigital.com.ar\/noticias\/wp-json\/wp\/v2\/media\/108736"}],"wp:attachment":[{"href":"https:\/\/laurbedigital.com.ar\/noticias\/wp-json\/wp\/v2\/media?parent=128745"}],"wp:term":[{"taxonomy":"category","embeddable":true,"href":"https:\/\/laurbedigital.com.ar\/noticias\/wp-json\/wp\/v2\/categories?post=128745"},{"taxonomy":"post_tag","embeddable":true,"href":"https:\/\/laurbedigital.com.ar\/noticias\/wp-json\/wp\/v2\/tags?post=128745"}],"curies":[{"name":"wp","href":"https:\/\/api.w.org\/{rel}","templated":true}]}}