{"id":128739,"date":"2026-08-30T22:13:02","date_gmt":"2026-08-31T01:13:02","guid":{"rendered":"https:\/\/laurbedigital.com.ar\/noticias\/?p=128739"},"modified":"2026-08-30T22:13:20","modified_gmt":"2026-08-31T01:13:20","slug":"el-municipio-acompano-la-inauguracion-del-nuevo-salon-de-usos-multiples-del-club-atletico-brown","status":"publish","type":"post","link":"https:\/\/laurbedigital.com.ar\/noticias\/2026\/08\/30\/el-municipio-acompano-la-inauguracion-del-nuevo-salon-de-usos-multiples-del-club-atletico-brown\/","title":{"rendered":"El Municipio acompa\u00f1\u00f3 la inauguraci\u00f3n del nuevo Sal\u00f3n de Usos M\u00faltiples del Club Atl\u00e9tico Brown"},"content":{"rendered":"<p>En el marco de la presentaci\u00f3n formal del nuevo espacio, que mejorar\u00e1 las condiciones edilicias y fortalecer\u00e1 el desarrollo de las actividades destinadas a la comunidad, las autoridades municipales junto al presidente del club, Agust\u00edn Galeota, recorrieron las instalaciones del establecimiento.<\/p>\n<p>Adem\u00e1s, en reconocimiento a personas (referentes) vinculadas con la historia y la trayectoria del club, se impuso el nombre de Juan \u00c1ngel Carcacci y Arnaldo \u201cCoco\u201d Parasoli a dos de los espacios del lugar.<\/p>\n<p><strong><em>\u201cRealmente es una alegr\u00eda poder acompa\u00f1ar a las instituciones de nuestro distrito, en este caso al hist\u00f3rico Club Atl\u00e9tico Brown, el cual sigue generando m\u00e1s oportunidades para la comunidad con un proyecto integral de puesta en valor de las instalaciones de su sede social y sumando nuevas pr\u00e1cticas deportivas y recreativas\u201d, sostuvo al respecto Mariano Cascallares.<\/em><\/strong><\/p>\n<p>Cabe se\u00f1alar, que el lugar donde actualmente funciona el Sal\u00f3n de Usos M\u00faltiples se renov\u00f3 a partir de una iniciativa de la Comisi\u00f3n Directiva del Club que concret\u00f3 su recuperaci\u00f3n con el objetivo de ponerlo al servicio de los vecinos, ampliando la capacidad de funcionamiento de la hist\u00f3rica instituci\u00f3n.<\/p>\n<p><img loading=\"lazy\" decoding=\"async\" class=\"alignnone size-full wp-image-128741\" src=\"https:\/\/laurbedigital.com.ar\/noticias\/wp-content\/uploads\/2026\/08\/20260830-brown-salon1.png\" alt=\"\" width=\"768\" height=\"525\" title=\"\" srcset=\"https:\/\/laurbedigital.com.ar\/noticias\/wp-content\/uploads\/2026\/08\/20260830-brown-salon1.png 768w, https:\/\/laurbedigital.com.ar\/noticias\/wp-content\/uploads\/2026\/08\/20260830-brown-salon1-300x205.png 300w, https:\/\/laurbedigital.com.ar\/noticias\/wp-content\/uploads\/2026\/08\/20260830-brown-salon1-130x90.png 130w\" sizes=\"auto, (max-width: 768px) 100vw, 768px\" \/><\/p>\n<p>En efecto, con las nuevas instalaciones el club no solo ha incorporado nuevas actividades, tales como, gimnasia art\u00edstica, drone soccer, jiu-jitsu, tai chi, danzas urbanas y gimnasia para adultos, sino que tambi\u00e9n ampli\u00f3 y reorganiz\u00f3 otras disciplinas que ya se desarrollaban, generando mayores posibilidades de participaci\u00f3n para los socios.<\/p>\n<p>El lugar cuenta actualmente con 18 actividades deportivas, recreativas y culturales destinadas a personas de diferentes edades.<\/p>\n<p>Es para destacar que la intervenci\u00f3n forma parte de un proyecto integral de puesta en valor de la sede social de la entidad que incluye adem\u00e1s pintura y acondicionamiento, renovaci\u00f3n de mobiliario, carteler\u00eda y se\u00f1al\u00e9tica y recuperaci\u00f3n general del espacio de uso com\u00fan. De esta manera las instalaciones ser\u00e1n m\u00e1s funcionales y adecuadas para acompa\u00f1ar el crecimiento del club y potenciar el desarrollo de las actividades deportivas, recreativas y sociales.<\/p>\n","protected":false},"excerpt":{"rendered":"<p>En el marco de la presentaci\u00f3n formal del nuevo espacio, que mejorar\u00e1 las condiciones edilicias y fortalecer\u00e1 el desarrollo de<\/p>\n","protected":false},"author":1,"featured_media":128740,"comment_status":"closed","ping_status":"closed","sticky":false,"template":"","format":"standard","meta":{"kia_subtitle":"El intendente interino de Almirante Brown, Juan Fabiani, y la jefa de Gabinete Municipal, Paula Eichel, participaron de la inauguraci\u00f3n del nuevo Sal\u00f3n de Usos M\u00faltiples (SUM) del Club Atl\u00e9tico Brown de Adrogu\u00e9, una obra llevada adelante en el marco de un proyecto integral de recuperaci\u00f3n y puesta en valor de la Sede Social de la instituci\u00f3n deportiva.","footnotes":"","jetpack_publicize_message":"","jetpack_publicize_feature_enabled":true,"jetpack_social_post_already_shared":true,"jetpack_social_options":{"image_generator_settings":{"template":"highway","default_image_id":0,"font":"","enabled":false},"version":2},"jetpack_post_was_ever_published":false},"categories":[2,33],"tags":[],"class_list":["post-128739","post","type-post","status-publish","format-standard","has-post-thumbnail","hentry","category-alte-brown","category-alte-brown-alte-brown"],"jetpack_publicize_connections":[],"jetpack_featured_media_url":"https:\/\/laurbedigital.com.ar\/noticias\/wp-content\/uploads\/2026\/08\/20260830-brown-salon.png","_links":{"self":[{"href":"https:\/\/laurbedigital.com.ar\/noticias\/wp-json\/wp\/v2\/posts\/128739","targetHints":{"allow":["GET"]}}],"collection":[{"href":"https:\/\/laurbedigital.com.ar\/noticias\/wp-json\/wp\/v2\/posts"}],"about":[{"href":"https:\/\/laurbedigital.com.ar\/noticias\/wp-json\/wp\/v2\/types\/post"}],"author":[{"embeddable":true,"href":"https:\/\/laurbedigital.com.ar\/noticias\/wp-json\/wp\/v2\/users\/1"}],"replies":[{"embeddable":true,"href":"https:\/\/laurbedigital.com.ar\/noticias\/wp-json\/wp\/v2\/comments?post=128739"}],"version-history":[{"count":2,"href":"https:\/\/laurbedigital.com.ar\/noticias\/wp-json\/wp\/v2\/posts\/128739\/revisions"}],"predecessor-version":[{"id":128743,"href":"https:\/\/laurbedigital.com.ar\/noticias\/wp-json\/wp\/v2\/posts\/128739\/revisions\/128743"}],"wp:featuredmedia":[{"embeddable":true,"href":"https:\/\/laurbedigital.com.ar\/noticias\/wp-json\/wp\/v2\/media\/128740"}],"wp:attachment":[{"href":"https:\/\/laurbedigital.com.ar\/noticias\/wp-json\/wp\/v2\/media?parent=128739"}],"wp:term":[{"taxonomy":"category","embeddable":true,"href":"https:\/\/laurbedigital.com.ar\/noticias\/wp-json\/wp\/v2\/categories?post=128739"},{"taxonomy":"post_tag","embeddable":true,"href":"https:\/\/laurbedigital.com.ar\/noticias\/wp-json\/wp\/v2\/tags?post=128739"}],"curies":[{"name":"wp","href":"https:\/\/api.w.org\/{rel}","templated":true}]}}