{"id":12778,"date":"2018-04-23T23:37:40","date_gmt":"2018-04-24T02:37:40","guid":{"rendered":"http:\/\/laurbedigital.com.ar\/noticias\/?p=12778"},"modified":"2018-04-23T23:37:40","modified_gmt":"2018-04-24T02:37:40","slug":"senasa-continua-paro-96-horas-advierten-podrian-faltar-alimentos-los-supermercados","status":"publish","type":"post","link":"https:\/\/laurbedigital.com.ar\/noticias\/2018\/04\/23\/senasa-continua-paro-96-horas-advierten-podrian-faltar-alimentos-los-supermercados\/","title":{"rendered":"SENASA: Contin\u00faa el paro por 96 horas. Advierten que podr\u00edan faltar alimentos en los supermercados"},"content":{"rendered":"<p>As\u00ed lo afirmaron los trabajadores del Servicio de Sanidad y Calidad Agroalimentaria quienes desde hoy llevaban a cabo un paro por 24 horas, que en las \u00faltimas horas se extendi\u00f3 a 96, al conocerse los despidos de los trabajadores de Agricultura Familiar que se suman a los que el viernes recibieron los trabajadores de Agroindustria.<\/p>\n<p>Los trabajadores de SENASA esperan para las primeras horas del d\u00eda mi\u00e9rcoles nuevos despidos que esta vez afectar\u00edan al organismo, al tiempo que denunciaron la intenci\u00f3n de los funcionarios de privatizar los controles de los alimentos frescos para consumo interno y el cierre de oficinas locales por el no pago de alquileres.<\/p>\n","protected":false},"excerpt":{"rendered":"<p>As\u00ed lo afirmaron los trabajadores del Servicio de Sanidad y Calidad Agroalimentaria quienes desde hoy llevaban a cabo un paro<\/p>\n","protected":false},"author":1,"featured_media":12779,"comment_status":"closed","ping_status":"closed","sticky":false,"template":"","format":"standard","meta":{"kia_subtitle":"","footnotes":"","jetpack_publicize_message":"","jetpack_publicize_feature_enabled":true,"jetpack_social_post_already_shared":true,"jetpack_social_options":{"image_generator_settings":{"template":"highway","default_image_id":0,"font":"","enabled":false},"version":2}},"categories":[3,41],"tags":[],"class_list":["post-12778","post","type-post","status-publish","format-standard","has-post-thumbnail","hentry","category-actualidad","category-nacionales"],"jetpack_publicize_connections":[],"jetpack_featured_media_url":"https:\/\/laurbedigital.com.ar\/noticias\/wp-content\/uploads\/2018\/04\/20180423-nac1.jpg","_links":{"self":[{"href":"https:\/\/laurbedigital.com.ar\/noticias\/wp-json\/wp\/v2\/posts\/12778","targetHints":{"allow":["GET"]}}],"collection":[{"href":"https:\/\/laurbedigital.com.ar\/noticias\/wp-json\/wp\/v2\/posts"}],"about":[{"href":"https:\/\/laurbedigital.com.ar\/noticias\/wp-json\/wp\/v2\/types\/post"}],"author":[{"embeddable":true,"href":"https:\/\/laurbedigital.com.ar\/noticias\/wp-json\/wp\/v2\/users\/1"}],"replies":[{"embeddable":true,"href":"https:\/\/laurbedigital.com.ar\/noticias\/wp-json\/wp\/v2\/comments?post=12778"}],"version-history":[{"count":1,"href":"https:\/\/laurbedigital.com.ar\/noticias\/wp-json\/wp\/v2\/posts\/12778\/revisions"}],"predecessor-version":[{"id":12780,"href":"https:\/\/laurbedigital.com.ar\/noticias\/wp-json\/wp\/v2\/posts\/12778\/revisions\/12780"}],"wp:featuredmedia":[{"embeddable":true,"href":"https:\/\/laurbedigital.com.ar\/noticias\/wp-json\/wp\/v2\/media\/12779"}],"wp:attachment":[{"href":"https:\/\/laurbedigital.com.ar\/noticias\/wp-json\/wp\/v2\/media?parent=12778"}],"wp:term":[{"taxonomy":"category","embeddable":true,"href":"https:\/\/laurbedigital.com.ar\/noticias\/wp-json\/wp\/v2\/categories?post=12778"},{"taxonomy":"post_tag","embeddable":true,"href":"https:\/\/laurbedigital.com.ar\/noticias\/wp-json\/wp\/v2\/tags?post=12778"}],"curies":[{"name":"wp","href":"https:\/\/api.w.org\/{rel}","templated":true}]}}