{"id":126447,"date":"2026-05-03T03:19:58","date_gmt":"2026-05-03T06:19:58","guid":{"rendered":"https:\/\/laurbedigital.com.ar\/noticias\/?p=126447"},"modified":"2026-05-03T03:19:58","modified_gmt":"2026-05-03T06:19:58","slug":"3-de-mayo-dia-mundial-de-la-libertad-de-prensa-2","status":"publish","type":"post","link":"https:\/\/laurbedigital.com.ar\/noticias\/2026\/05\/03\/3-de-mayo-dia-mundial-de-la-libertad-de-prensa-2\/","title":{"rendered":"3 de mayo: D\u00eda Mundial de la Libertad de Prensa"},"content":{"rendered":"<h3><strong>\u00bfQu\u00e9 se entiende por libertad de prensa?<\/strong><\/h3>\n<p>La libertad de prensa es el derecho que tienen todos los medios de comunicaci\u00f3n de investigar y mantener informada a la sociedad en general sobre los hechos y acontecimientos que suceden en el d\u00eda a d\u00eda, sin que por ello, puedan ser v\u00edctimas de censura, acoso, hostigamiento o alg\u00fan tipo de coacci\u00f3n durante el ejercicio de su profesi\u00f3n.<\/p>\n<p>La libertad de prensa goza de una garant\u00eda constitucional, a trav\u00e9s de la cual, de forma totalmente libre y democr\u00e1tica, las personas pueden unirse para crear medios de comunicaci\u00f3n aut\u00f3nomos y libres de censura.<\/p>\n<h3 id=\"resTit_8\"><strong>Filmograf\u00eda sobre la libertad de prensa<\/strong><\/h3>\n<p>Son muchas las pel\u00edculas que se han llevado a la gran pantalla que tratan el tema de la libertad de prensa. A continuaci\u00f3n mencionamos algunas de las pel\u00edculas m\u00e1s importantes y emblem\u00e1ticas:<\/p>\n<ul>\n<li><em><strong>Ciudadano Kane (EEUU, 1941):<\/strong><\/em>\u00a0Considerada como una de las pel\u00edculas m\u00e1s ic\u00f3nicas del cine, refleja una dura cr\u00edtica al poder que tiene la prensa y todo lo que ella representa dentro de la sociedad.<\/li>\n<li><em><strong>Todos los hombres del presidente (EEUU, 1976):\u00a0<\/strong><\/em>En este film, basado en un hecho real, se pone en evidencia la libertad de expresi\u00f3n y la lucha ante los poderes pol\u00edticos dominados por un mundo de corrupci\u00f3n y anarqu\u00eda, donde la verdad debe sobreponerse a la censura para alcanzar la justicia.<\/li>\n<li><em><strong>El Dilema (EEUU, 1999):<\/strong><\/em>\u00a0Una excelente producci\u00f3n cinematogr\u00e1fica, en la cual se destapan los intereses de la industria del tabaco para usar sustancias t\u00f3xicas, que ayuden a crear m\u00e1s adicci\u00f3n en las personas. Esto sale a la luz p\u00fablica, gracias a la denuncia realizada por uno de sus empleados, siendo una noticia de gran envergadura, que llega a los noticieros y medios de comunicaci\u00f3n m\u00e1s importantes.<\/li>\n<li><em><strong>Ver\u00f3nica Guerin (Irlanda, 2003):\u00a0<\/strong><\/em>Es una pel\u00edcula basada en hechos reales, que cuenta la historia de una periodista de origen irland\u00e9s, que fue asesinada por investigar asuntos relacionados con las drogas en Irlanda y que por ello, tuvo que pagar un alto precio.<\/li>\n<li><em><strong>Zodiac (EEUU, 2007):<\/strong><\/em>\u00a0En este film se narra el trabajo period\u00edstico de unos investigadores, para dar con el paradero de un asesino en serie apodado el<em>\u00a0\u00abAsesino del Zod\u00edaco\u00bb<\/em>, qui\u00e9n asesino a un gran n\u00famero de personas durante las d\u00e9cadas de los sesenta y los setenta en la ciudad de San Francisco.<\/li>\n<li><em><strong>Maten al Mensajero (EEUU, 2014):\u00a0<\/strong><\/em>Basada en la historia real del periodista estadounidense Gary Webb, quien puso en evidencia las conexiones de la CIA con el mundo de la droga y el narcotr\u00e1fico en los barrios afroamericanos del pa\u00eds.<\/li>\n<li><em><strong>Spotlight: En Primera Plana (EEUU, 2015):\u00a0<\/strong><\/em>Un equipo de reporteros que conformaban la columna Spotlight del diario The Boston Globe descubri\u00f3 en una investigaci\u00f3n un gran n\u00famero de casos de pederastia cometidos por curas en el estado de Massachussets, sacudiendo los cimientos de la Iglesia Cat\u00f3lica.<\/li>\n<li><em><strong>The Post: Los Oscuros Secretos del Pent\u00e1gono (EEUU, 2017):<\/strong><\/em>\u00a0En el a\u00f1o 1971 periodistas de los diarios Washington Post y The New York Times expusieron ante la opini\u00f3n p\u00fablica el ocultamiento de informaci\u00f3n sobre la Guerra de Vietnam, por parte del gobierno estadounidense durante m\u00e1s de 30 a\u00f1os.<\/li>\n<\/ul>\n<p><img loading=\"lazy\" decoding=\"async\" class=\"alignnone wp-image-75488\" src=\"https:\/\/laurbedigital.com.ar\/noticias\/wp-content\/uploads\/2022\/05\/Prensa.jpg\" alt=\"\" width=\"635\" height=\"423\" title=\"\" srcset=\"https:\/\/laurbedigital.com.ar\/noticias\/wp-content\/uploads\/2022\/05\/Prensa.jpg 650w, https:\/\/laurbedigital.com.ar\/noticias\/wp-content\/uploads\/2022\/05\/Prensa-300x200.jpg 300w\" sizes=\"auto, (max-width: 635px) 100vw, 635px\" \/><\/p>\n<p>&nbsp;<\/p>\n","protected":false},"excerpt":{"rendered":"<p>\u00bfQu\u00e9 se entiende por libertad de prensa? La libertad de prensa es el derecho que tienen todos los medios de<\/p>\n","protected":false},"author":1,"featured_media":75487,"comment_status":"closed","ping_status":"closed","sticky":false,"template":"","format":"standard","meta":{"kia_subtitle":"Desde el a\u00f1o 1993 se celebra en todo el mundo el D\u00eda Mundial de la Libertad de Prensa, decretada por la ONU en la que se eval\u00faa el estado de la libertad de prensa a nivel mundial, la defensa a los ataques a la independencia de la prensa y de los periodistas y se rinde homenaje a aquellos profesionales del periodismo que han perdido la vida en el ejercicio de su labor.","footnotes":"","jetpack_publicize_message":"","jetpack_publicize_feature_enabled":true,"jetpack_social_post_already_shared":true,"jetpack_social_options":{"image_generator_settings":{"template":"highway","default_image_id":0,"font":"","enabled":false},"version":2}},"categories":[5,2594],"tags":[],"class_list":["post-126447","post","type-post","status-publish","format-standard","has-post-thumbnail","hentry","category-cultura","category-efemerides"],"jetpack_publicize_connections":[],"jetpack_featured_media_url":"https:\/\/laurbedigital.com.ar\/noticias\/wp-content\/uploads\/2022\/05\/20220503-Prensa.jpg","_links":{"self":[{"href":"https:\/\/laurbedigital.com.ar\/noticias\/wp-json\/wp\/v2\/posts\/126447","targetHints":{"allow":["GET"]}}],"collection":[{"href":"https:\/\/laurbedigital.com.ar\/noticias\/wp-json\/wp\/v2\/posts"}],"about":[{"href":"https:\/\/laurbedigital.com.ar\/noticias\/wp-json\/wp\/v2\/types\/post"}],"author":[{"embeddable":true,"href":"https:\/\/laurbedigital.com.ar\/noticias\/wp-json\/wp\/v2\/users\/1"}],"replies":[{"embeddable":true,"href":"https:\/\/laurbedigital.com.ar\/noticias\/wp-json\/wp\/v2\/comments?post=126447"}],"version-history":[{"count":1,"href":"https:\/\/laurbedigital.com.ar\/noticias\/wp-json\/wp\/v2\/posts\/126447\/revisions"}],"predecessor-version":[{"id":126448,"href":"https:\/\/laurbedigital.com.ar\/noticias\/wp-json\/wp\/v2\/posts\/126447\/revisions\/126448"}],"wp:featuredmedia":[{"embeddable":true,"href":"https:\/\/laurbedigital.com.ar\/noticias\/wp-json\/wp\/v2\/media\/75487"}],"wp:attachment":[{"href":"https:\/\/laurbedigital.com.ar\/noticias\/wp-json\/wp\/v2\/media?parent=126447"}],"wp:term":[{"taxonomy":"category","embeddable":true,"href":"https:\/\/laurbedigital.com.ar\/noticias\/wp-json\/wp\/v2\/categories?post=126447"},{"taxonomy":"post_tag","embeddable":true,"href":"https:\/\/laurbedigital.com.ar\/noticias\/wp-json\/wp\/v2\/tags?post=126447"}],"curies":[{"name":"wp","href":"https:\/\/api.w.org\/{rel}","templated":true}]}}