{"id":126441,"date":"2026-05-02T05:45:54","date_gmt":"2026-05-02T08:45:54","guid":{"rendered":"https:\/\/laurbedigital.com.ar\/noticias\/?p=126441"},"modified":"2026-05-02T05:45:54","modified_gmt":"2026-05-02T08:45:54","slug":"aumentos-de-mayo-2026-el-impacto-en-el-bolsillo-y-la-inflacion","status":"publish","type":"post","link":"https:\/\/laurbedigital.com.ar\/noticias\/2026\/05\/02\/aumentos-de-mayo-2026-el-impacto-en-el-bolsillo-y-la-inflacion\/","title":{"rendered":"Aumentos de mayo 2026: el impacto en el bolsillo y la inflaci\u00f3n"},"content":{"rendered":"<p data-path-to-node=\"3\">En el inicio del quinto mes de 2026, la econom\u00eda argentina enfrenta un escenario de alta sensibilidad debido a una serie de ajustes programados en rubros sensibles que impactan directamente en la estructura de costos de los hogares. Los <b data-path-to-node=\"3\" data-index-in-node=\"237\">aumentos de mayo 2026<\/b> se concentran en servicios b\u00e1sicos, transporte y vivienda, factores que act\u00faan como motores inerciales sobre el \u00cdndice de Precios al Consumidor (IPC). En un contexto donde la administraci\u00f3n central busca consolidar una tendencia a la baja en la inflaci\u00f3n, estos nuevos valores representan un desaf\u00edo log\u00edstico y social para los trabajadores y las empresas.<\/p>\n<h4 data-path-to-node=\"4\">La presi\u00f3n sobre la vivienda y el transporte<\/h4>\n<p data-path-to-node=\"5\">Uno de los incrementos m\u00e1s significativos se registra en el sector inmobiliario. Aquellos inquilinos que a\u00fan mantienen contratos bajo la ya derogada ley de alquileres deber\u00e1n afrontar la actualizaci\u00f3n anual basada en el \u00cdndice de Contratos de Locaci\u00f3n (ICL). Para este mes, el ajuste alcanza un <b data-path-to-node=\"5\" data-index-in-node=\"295\">32,05%<\/b>, una cifra que refleja el arrastre inflacionario del \u00faltimo a\u00f1o y que pone en jaque la capacidad de ahorro de las familias.<\/p>\n<p data-path-to-node=\"6\">Por otro lado, los <b data-path-to-node=\"6\" data-index-in-node=\"19\">combustibles<\/b> no escapan a la tendencia alcista. La suba en la nafta y el gasoil responde a la actualizaci\u00f3n parcial del impuesto a los combustibles l\u00edquidos y al di\u00f3xido de carbono. Como ha ocurrido en meses anteriores, las petroleras implementan estos ajustes de manera directa en los surtidores, afectando no solo el transporte particular sino tambi\u00e9n la log\u00edstica de distribuci\u00f3n de bienes y alimentos, lo que genera un efecto derrame sobre el resto de los precios de la econom\u00eda.<\/p>\n<h4 data-path-to-node=\"7\">Salud y conectividad: ajustes en servicios desregulados<\/h4>\n<p data-path-to-node=\"8\">El rubro de la salud privada tambi\u00e9n registra movimientos. Las empresas de <b data-path-to-node=\"8\" data-index-in-node=\"75\">prepagas<\/b> han anunciado incrementos que oscilan entre el 3% y el 3,9%. Estas variaciones dependen de la regi\u00f3n, el plan y la prestadora, pero mantienen una sinton\u00eda con la inflaci\u00f3n general. Tras el proceso de desregulaci\u00f3n iniciado a\u00f1os atr\u00e1s, las cuotas de medicina privada han pasado a ser una de las mayores cargas fijas para la clase media profesional.<\/p>\n<p data-path-to-node=\"9\">En la misma l\u00ednea, los servicios de <b data-path-to-node=\"9\" data-index-in-node=\"36\">telefon\u00eda celular, internet y televisi\u00f3n por cable<\/b> aplicar\u00e1n subas de entre el 3,5% y el 4,5%. Estos ajustes mensuales se han vuelto una constante luego de que el Gobierno eliminara los topes regulatorios, permitiendo que las operadoras alineen sus tarifas con sus propios costos operativos y proyecciones de inversi\u00f3n.<\/p>\n<h4 data-path-to-node=\"10\">El costo de moverse en el AMBA<\/h4>\n<p data-path-to-node=\"11\">Para los habitantes de la Ciudad Aut\u00f3noma de Buenos Aires y el conurbano bonaerense, el transporte p\u00fablico vuelve a ser un factor de ajuste. El boleto de colectivo sube un <b data-path-to-node=\"11\" data-index-in-node=\"172\">5,4%<\/b>, llevando el pasaje m\u00ednimo a valores que superan los $750 en CABA y que en zonas como La Plata pueden llegar a los $1.406. Esta actualizaci\u00f3n se replica en el sistema de <b data-path-to-node=\"11\" data-index-in-node=\"347\">subtes<\/b>, donde la tarifa con tarjeta SUBE registrada se posiciona en $1.490, mientras que el Premetro alcanza los $521.<\/p>\n<p data-path-to-node=\"12\">Circular en veh\u00edculo particular tampoco ser\u00e1 m\u00e1s econ\u00f3mico. Los peajes porte\u00f1os acompa\u00f1an el ajuste del 5,4%, situando el costo en las autopistas 25 de Mayo y Perito Moreno en m\u00e1s de $6.100 en hora pico. Adem\u00e1s, el costo de la <b data-path-to-node=\"12\" data-index-in-node=\"227\">Verificaci\u00f3n T\u00e9cnica Vehicular (VTV)<\/b> en CABA experiment\u00f3 un salto del 28%, llevando el tr\u00e1mite para autom\u00f3viles por encima de los $96.000.<\/p>\n<h4 data-path-to-node=\"13\">Tarifas de servicios p\u00fablicos y cierre del mes<\/h4>\n<p data-path-to-node=\"14\">Finalmente, las facturas de agua, luz y gas natural contin\u00faan con su esquema de actualizaci\u00f3n mensual. En el \u00c1rea Metropolitana de Buenos Aires (AMBA), los usuarios de agua corriente sufrir\u00e1n un incremento del 3%, con facturas promedio que rondar\u00e1n los $29.967. Dependiendo de la zonificaci\u00f3n, el costo del servicio puede alcanzar los $35.325 en los sectores de mayor poder adquisitivo, marcando una clara segmentaci\u00f3n en la quita de subsidios.<\/p>\n<h4 data-path-to-node=\"15\">Conclusi\u00f3n<\/h4>\n<p data-path-to-node=\"16\">Los <b data-path-to-node=\"16\" data-index-in-node=\"4\">aumentos de mayo 2026<\/b> configuran un panorama complejo para el consumo interno. Si bien algunos \u00edndices muestran se\u00f1ales de estabilizaci\u00f3n en sectores espec\u00edficos, la acumulaci\u00f3n de subas en servicios p\u00fablicos y transporte genera una presi\u00f3n constante sobre el salario real. El \u00e9xito del programa econ\u00f3mico en los pr\u00f3ximos meses depender\u00e1, en gran medida, de la capacidad de los ingresos para absorber estos ajustes sin que ello derive en una ca\u00edda dr\u00e1stica de la actividad comercial.<\/p>\n","protected":false},"excerpt":{"rendered":"<p>En el inicio del quinto mes de 2026, la econom\u00eda argentina enfrenta un escenario de alta sensibilidad debido a una<\/p>\n","protected":false},"author":1,"featured_media":126442,"comment_status":"closed","ping_status":"closed","sticky":false,"template":"","format":"standard","meta":{"kia_subtitle":"Los incrementos en alquileres, combustibles y prepagas encabezan una nueva ola de ajustes que presionar\u00e1 el \u00cdndice de Precios al Consumidor, afectando el poder adquisitivo y las metas oficiales.","footnotes":"","jetpack_publicize_message":"","jetpack_publicize_feature_enabled":true,"jetpack_social_post_already_shared":true,"jetpack_social_options":{"image_generator_settings":{"template":"highway","default_image_id":0,"font":"","enabled":false},"version":2}},"categories":[3,41],"tags":[],"class_list":["post-126441","post","type-post","status-publish","format-standard","has-post-thumbnail","hentry","category-actualidad","category-nacionales"],"jetpack_publicize_connections":[],"jetpack_featured_media_url":"https:\/\/laurbedigital.com.ar\/noticias\/wp-content\/uploads\/2026\/05\/20260502-AUMENTOS.png","_links":{"self":[{"href":"https:\/\/laurbedigital.com.ar\/noticias\/wp-json\/wp\/v2\/posts\/126441","targetHints":{"allow":["GET"]}}],"collection":[{"href":"https:\/\/laurbedigital.com.ar\/noticias\/wp-json\/wp\/v2\/posts"}],"about":[{"href":"https:\/\/laurbedigital.com.ar\/noticias\/wp-json\/wp\/v2\/types\/post"}],"author":[{"embeddable":true,"href":"https:\/\/laurbedigital.com.ar\/noticias\/wp-json\/wp\/v2\/users\/1"}],"replies":[{"embeddable":true,"href":"https:\/\/laurbedigital.com.ar\/noticias\/wp-json\/wp\/v2\/comments?post=126441"}],"version-history":[{"count":1,"href":"https:\/\/laurbedigital.com.ar\/noticias\/wp-json\/wp\/v2\/posts\/126441\/revisions"}],"predecessor-version":[{"id":126443,"href":"https:\/\/laurbedigital.com.ar\/noticias\/wp-json\/wp\/v2\/posts\/126441\/revisions\/126443"}],"wp:featuredmedia":[{"embeddable":true,"href":"https:\/\/laurbedigital.com.ar\/noticias\/wp-json\/wp\/v2\/media\/126442"}],"wp:attachment":[{"href":"https:\/\/laurbedigital.com.ar\/noticias\/wp-json\/wp\/v2\/media?parent=126441"}],"wp:term":[{"taxonomy":"category","embeddable":true,"href":"https:\/\/laurbedigital.com.ar\/noticias\/wp-json\/wp\/v2\/categories?post=126441"},{"taxonomy":"post_tag","embeddable":true,"href":"https:\/\/laurbedigital.com.ar\/noticias\/wp-json\/wp\/v2\/tags?post=126441"}],"curies":[{"name":"wp","href":"https:\/\/api.w.org\/{rel}","templated":true}]}}