{"id":126435,"date":"2026-05-02T04:14:47","date_gmt":"2026-05-02T07:14:47","guid":{"rendered":"https:\/\/laurbedigital.com.ar\/noticias\/?p=126435"},"modified":"2026-05-02T04:14:47","modified_gmt":"2026-05-02T07:14:47","slug":"caso-guadalupe-lucero-piden-investigar-al-abuelo-por-antecedentes","status":"publish","type":"post","link":"https:\/\/laurbedigital.com.ar\/noticias\/2026\/05\/02\/caso-guadalupe-lucero-piden-investigar-al-abuelo-por-antecedentes\/","title":{"rendered":"Caso Guadalupe Lucero: piden investigar al abuelo por antecedentes"},"content":{"rendered":"<p data-path-to-node=\"1\">\n<p data-path-to-node=\"3\">La investigaci\u00f3n por la desaparici\u00f3n de <b data-path-to-node=\"3\" data-index-in-node=\"40\">Guadalupe Lucero<\/b>, la ni\u00f1a vista por \u00faltima vez el 14 de junio de 2021 en la ciudad de San Luis, ha tomado un rumbo inesperado y sombr\u00edo. Tras la reciente imputaci\u00f3n de su abuelo paterno, <b data-path-to-node=\"3\" data-index-in-node=\"227\">Roque Lucero<\/b>, en una causa por abuso sexual gravemente ultrajante contra una menor con discapacidad, la querella y la familia materna han solicitado formalmente que la Justicia Federal lo investigue como sospechoso principal en la causa de la desaparici\u00f3n. El pedido surge tras el estallido de Yamila Cialone, madre de la peque\u00f1a, quien manifest\u00f3 su indignaci\u00f3n ante el ocultamiento de antecedentes que podr\u00edan haber sido clave desde el inicio de la b\u00fasqueda.<\/p>\n<h4 data-path-to-node=\"4\">Un giro dram\u00e1tico en la b\u00fasqueda de Guadalupe<\/h4>\n<p data-path-to-node=\"5\">A casi cinco a\u00f1os de aquel fr\u00edo lunes de junio en el que Guadalupe, de entonces 5 a\u00f1os, desapareci\u00f3 mientras jugaba frente a la casa de su t\u00eda en el Barrio 544 Viviendas, el entorno familiar vuelve a quedar bajo la lupa. La noticia de que Roque Lucero \u2014padre de Eric Lucero y abuelo de la ni\u00f1a\u2014 enfrenta cargos por un delito sexual aberrante ha reactivado las sospechas sobre el c\u00edrculo \u00edntimo.<\/p>\n<p data-path-to-node=\"6\">La querella del caso presentar\u00e1 este lunes una solicitud formal ante la Fiscal\u00eda Federal para que se realicen peritajes exhaustivos sobre el sospechoso. La prioridad absoluta de los investigadores ser\u00e1 determinar el paradero de Roque Lucero el d\u00eda de los hechos y realizar un rastreo de geolocalizaci\u00f3n de sus dispositivos m\u00f3viles para verificar si su ubicaci\u00f3n coincide con la zona donde se perdi\u00f3 el rastro de la menor.<\/p>\n<h4 data-path-to-node=\"7\">El reclamo de una madre frente a la negligencia judicial<\/h4>\n<p data-path-to-node=\"8\">Yamila Cialone no ocult\u00f3 su \u00abimpotencia\u00bb al enterarse de la situaci\u00f3n procesal del abuelo de su hija. En declaraciones recientes, la mujer carg\u00f3 contra la justicia provincial de San Luis por no haber alertado con anterioridad sobre los antecedentes o comportamientos del sospechoso. \u00abQueremos saber d\u00f3nde estuvo ese d\u00eda, d\u00f3nde daba su tel\u00e9fono\u00bb, sentenci\u00f3 Cialone, remarcando que el conocimiento temprano de estos perfiles criminales dentro del entorno familiar podr\u00eda haber modificado el curso de la b\u00fasqueda inicial.<\/p>\n<p data-path-to-node=\"9\">Por su parte, Silvia Dom\u00ednguez, abuela materna de Guadalupe, describi\u00f3 la novedad como \u00abun balde de agua fr\u00eda\u00bb. La familia materna cuestiona por qu\u00e9 la justicia provincial, que manejaba informaci\u00f3n sobre las conductas del imputado, no dio aviso inmediato a la Fiscal\u00eda Federal, que es la encargada de la causa nacional por la desaparici\u00f3n. Esta falta de coordinaci\u00f3n entre fueros es vista por la familia como una falla sist\u00e9mica que ha obstaculizado el acceso a la verdad.<\/p>\n<h4 data-path-to-node=\"10\">Detalles de la imputaci\u00f3n contra Roque Lucero<\/h4>\n<p data-path-to-node=\"11\">La causa que pesa sobre el abuelo paterno no es menor. Seg\u00fan reportes del medio local <i data-path-to-node=\"11\" data-index-in-node=\"86\">El Chorrillero<\/i>, la imputaci\u00f3n formal ocurri\u00f3 el pasado 20 de abril, aunque los detalles trascendieron recientemente. La acusaci\u00f3n se enmarca en una causa iniciada en noviembre de 2024 por abuso sexual gravemente ultrajante contra una menor con discapacidad.<\/p>\n<p data-path-to-node=\"12\">A pesar de la gravedad del cargo, Roque Lucero permanece en libertad, situaci\u00f3n que genera una alarma adicional en la comunidad y en la querella. El lunes 4 de mayo, los representantes legales de la madre de Guadalupe acudir\u00e1n a la sede judicial para insistir en que esta \u00abnueva\u00bb pista sea tratada con la rigurosidad que el caso demanda, entendiendo que los perfiles de ofensores sexuales suelen ser recurrentes y el acceso que el hombre ten\u00eda a la menor era directo.<\/p>\n<h4 data-path-to-node=\"13\">Los interrogantes del 14 de junio de 2021<\/h4>\n<p data-path-to-node=\"14\">La desaparici\u00f3n de Guadalupe Lucero sigue siendo una de las deudas m\u00e1s grandes de la justicia argentina contempor\u00e1nea. Aquella tarde, la ni\u00f1a jugaba con sus primos cuando, seg\u00fan los testimonios, una mujer vestida de negro se la habr\u00eda llevado. Sin embargo, las m\u00faltiples l\u00edneas de investigaci\u00f3n \u2014que incluyeron desde trata de personas hasta ajustes de cuentas\u2014 nunca arrojaron resultados positivos.<\/p>\n<p data-path-to-node=\"15\">Con la aparici\u00f3n de este antecedente del abuelo paterno, se reabre la hip\u00f3tesis de que el captor o el responsable de la desaparici\u00f3n podr\u00eda haber sido alguien con acceso irrestricto al c\u00edrculo familiar, capaz de manipular la escena sin levantar sospechas inmediatas. La fiscal\u00eda deber\u00e1 ahora cruzar los datos de las antenas telef\u00f3nicas de aquel 2021 con los movimientos reportados por Lucero, algo que la familia exige se realice con \u00abceleridad extrema\u00bb.<\/p>\n<h4 data-path-to-node=\"16\">Hacia una coordinaci\u00f3n judicial necesaria<\/h4>\n<p data-path-to-node=\"17\">Este caso pone de manifiesto, una vez m\u00e1s, las grietas en el sistema judicial argentino cuando se trata de la desaparici\u00f3n de menores. La falta de comunicaci\u00f3n entre la justicia ordinaria y la federal ha sido, en este caso, el factor que permiti\u00f3 que un hombre con conductas sospechosas pasara desapercibido durante a\u00f1os en el expediente principal de Guadalupe.<\/p>\n<p data-path-to-node=\"18\">El cierre de esta nueva etapa depender\u00e1 de la voluntad de los fiscales federales para tomar este indicio no como una causa aislada, sino como una pieza potencialmente central de un rompecabezas que lleva demasiado tiempo incompleto. Mientras tanto, el rostro de Guadalupe sigue presente en las paredes de San Luis, esperando una respuesta que la desidia institucional ha postergado por a\u00f1os.<\/p>\n","protected":false},"excerpt":{"rendered":"<p>La investigaci\u00f3n por la desaparici\u00f3n de Guadalupe Lucero, la ni\u00f1a vista por \u00faltima vez el 14 de junio de 2021<\/p>\n","protected":false},"author":1,"featured_media":126436,"comment_status":"closed","ping_status":"closed","sticky":false,"template":"","format":"standard","meta":{"kia_subtitle":"La madre de la menor desaparecida en San Luis exige rastrear los movimientos de Roque Lucero tras su imputaci\u00f3n por abuso sexual, criticando la falta de celeridad judicial.","footnotes":"","jetpack_publicize_message":"","jetpack_publicize_feature_enabled":true,"jetpack_social_post_already_shared":true,"jetpack_social_options":{"image_generator_settings":{"template":"highway","default_image_id":0,"font":"","enabled":false},"version":2}},"categories":[8],"tags":[],"class_list":["post-126435","post","type-post","status-publish","format-standard","has-post-thumbnail","hentry","category-policiales"],"jetpack_publicize_connections":[],"jetpack_featured_media_url":"https:\/\/laurbedigital.com.ar\/noticias\/wp-content\/uploads\/2026\/05\/20260502-LUCERO.png","_links":{"self":[{"href":"https:\/\/laurbedigital.com.ar\/noticias\/wp-json\/wp\/v2\/posts\/126435","targetHints":{"allow":["GET"]}}],"collection":[{"href":"https:\/\/laurbedigital.com.ar\/noticias\/wp-json\/wp\/v2\/posts"}],"about":[{"href":"https:\/\/laurbedigital.com.ar\/noticias\/wp-json\/wp\/v2\/types\/post"}],"author":[{"embeddable":true,"href":"https:\/\/laurbedigital.com.ar\/noticias\/wp-json\/wp\/v2\/users\/1"}],"replies":[{"embeddable":true,"href":"https:\/\/laurbedigital.com.ar\/noticias\/wp-json\/wp\/v2\/comments?post=126435"}],"version-history":[{"count":1,"href":"https:\/\/laurbedigital.com.ar\/noticias\/wp-json\/wp\/v2\/posts\/126435\/revisions"}],"predecessor-version":[{"id":126437,"href":"https:\/\/laurbedigital.com.ar\/noticias\/wp-json\/wp\/v2\/posts\/126435\/revisions\/126437"}],"wp:featuredmedia":[{"embeddable":true,"href":"https:\/\/laurbedigital.com.ar\/noticias\/wp-json\/wp\/v2\/media\/126436"}],"wp:attachment":[{"href":"https:\/\/laurbedigital.com.ar\/noticias\/wp-json\/wp\/v2\/media?parent=126435"}],"wp:term":[{"taxonomy":"category","embeddable":true,"href":"https:\/\/laurbedigital.com.ar\/noticias\/wp-json\/wp\/v2\/categories?post=126435"},{"taxonomy":"post_tag","embeddable":true,"href":"https:\/\/laurbedigital.com.ar\/noticias\/wp-json\/wp\/v2\/tags?post=126435"}],"curies":[{"name":"wp","href":"https:\/\/api.w.org\/{rel}","templated":true}]}}