{"id":126426,"date":"2026-05-01T03:38:41","date_gmt":"2026-05-01T06:38:41","guid":{"rendered":"https:\/\/laurbedigital.com.ar\/noticias\/?p=126426"},"modified":"2026-05-01T03:38:41","modified_gmt":"2026-05-01T06:38:41","slug":"la-cupula-de-cristal-el-nuevo-fenomeno-sueco-que-lidera-en-netflix","status":"publish","type":"post","link":"https:\/\/laurbedigital.com.ar\/noticias\/2026\/05\/01\/la-cupula-de-cristal-el-nuevo-fenomeno-sueco-que-lidera-en-netflix\/","title":{"rendered":"La c\u00fapula de cristal: el nuevo fen\u00f3meno sueco que lidera en Netflix"},"content":{"rendered":"<h4 data-path-to-node=\"3\">Una psic\u00f3loga frente a sus propios fantasmas<\/h4>\n<p data-path-to-node=\"4\"><b data-path-to-node=\"4\" data-index-in-node=\"0\">La c\u00fapula de cristal<\/b> se ha consolidado como la producci\u00f3n sueca del momento en <b data-path-to-node=\"4\" data-index-in-node=\"79\">Netflix<\/b>, capturando la atenci\u00f3n de audiencias globales con una propuesta que destila tensi\u00f3n en cada minuto. La historia sigue a Lejla, una psic\u00f3loga forense cuya vida profesional y personal colisionan de manera estrepitosa cuando decide colaborar en la investigaci\u00f3n por la desaparici\u00f3n de la hija de una amiga cercana. Sin embargo, lo que comienza como un caso policial convencional se transforma r\u00e1pidamente en un laberinto psicol\u00f3gico, ya que la b\u00fasqueda de la joven desaparecida remueve las cenizas de un trauma que Lejla cre\u00eda haber dejado atr\u00e1s: su propio secuestro durante la infancia.<\/p>\n<p data-path-to-node=\"5\">Con una estructura de apenas seis episodios que oscilan entre los 40 y 50 minutos, la serie logra lo que muchas producciones extensas fallan en conseguir: un ritmo fren\u00e9tico que no sacrifica la profundidad emocional de sus protagonistas. El guion utiliza los saltos temporales y las revelaciones dosificadas para mantener al espectador en un estado de alerta constante, mientras los g\u00e9lidos paisajes escandinavos act\u00faan como un personaje m\u00e1s, subrayando la soledad y el aislamiento que sufren las v\u00edctimas de cr\u00edmenes no resueltos.<\/p>\n<h4 data-path-to-node=\"6\">El auge imparable del nordic noir en el streaming<\/h4>\n<p data-path-to-node=\"7\">El \u00e9xito de <b data-path-to-node=\"7\" data-index-in-node=\"12\">La c\u00fapula de cristal<\/b> no es un hecho aislado, sino la confirmaci\u00f3n de que el g\u00e9nero conocido como <i data-path-to-node=\"7\" data-index-in-node=\"109\">nordic noir<\/i> sigue siendo una garant\u00eda de calidad para los suscriptores de la plataforma. La serie cuenta con el sello inconfundible de la reconocida escritora Camilla L\u00e4ckberg, quien co-cre\u00f3 la historia aportando su maestr\u00eda para entrelazar secretos familiares con cr\u00edmenes brutales. Bajo la direcci\u00f3n de Lisa Farzaneh y Henrik Bj\u00f6rn, la producci\u00f3n logra una est\u00e9tica visual s\u00f3lida, donde la paleta de colores fr\u00edos y los silencios cargados de significado refuerzan la atm\u00f3sfera de opresi\u00f3n y misterio.<\/p>\n<p data-path-to-node=\"8\">A diferencia de otros thrillers convencionales, esta miniserie no se limita a la resoluci\u00f3n de un enigma policial; explora las cicatrices invisibles que deja el cautiverio y la dificultad de reconstruir una identidad fragmentada. La actuaci\u00f3n de L\u00e9onie Vincent es, sin dudas, uno de los puntos m\u00e1s altos de la obra. Su interpretaci\u00f3n de Lejla es contenida pero profundamente expresiva, logrando transmitir la vulnerabilidad de una mujer que debe enfrentar sus peores temores para salvar a otra persona de un destino similar al suyo.<\/p>\n<h4 data-path-to-node=\"9\">Por qu\u00e9 es tendencia en Argentina y el mundo<\/h4>\n<p data-path-to-node=\"10\">El formato de \u00abmarat\u00f3n\u00bb es clave para explicar por qu\u00e9 esta serie se posiciona entre lo m\u00e1s visto en pa\u00edses como Argentina, Espa\u00f1a y M\u00e9xico. En un mercado saturado de contenido, el p\u00fablico valora las historias cerradas que pueden consumirse en un fin de semana sin perder el rigor narrativo. <b data-path-to-node=\"10\" data-index-in-node=\"292\">La c\u00fapula de cristal<\/b> cumple con esta premisa, ofreciendo un cierre satisfactorio que, no obstante, invita a la reflexi\u00f3n sobre la \u00e9tica del sistema judicial y el manejo del dolor en la sociedad contempor\u00e1nea.<\/p>\n<p data-path-to-node=\"11\">Adem\u00e1s del misterio central, la miniserie destaca por:<\/p>\n<ul data-path-to-node=\"12\">\n<li>\n<p data-path-to-node=\"12,0,0\"><b data-path-to-node=\"12,0,0\" data-index-in-node=\"0\">Narrativa psicol\u00f3gica:<\/b> Se aleja de los clich\u00e9s del g\u00e9nero para enfocarse en la mente de la investigadora.<\/p>\n<\/li>\n<li>\n<p data-path-to-node=\"12,1,0\"><b data-path-to-node=\"12,1,0\" data-index-in-node=\"0\">Ambientaci\u00f3n inmersiva:<\/b> Los bosques y las zonas rurales suecas aportan una capa de realismo y desolaci\u00f3n esencial.<\/p>\n<\/li>\n<li>\n<p data-path-to-node=\"12,2,0\"><b data-path-to-node=\"12,2,0\" data-index-in-node=\"0\">Formatos breves:<\/b> La tendencia de las miniseries de seis cap\u00edtulos sigue demostrando ser la favorita del algoritmo y de los usuarios.<\/p>\n<\/li>\n<\/ul>\n<h4 data-path-to-node=\"13\">Un relato no apto para menores<\/h4>\n<p data-path-to-node=\"14\">Es importante destacar que la plataforma ha catalogado esta serie como no apta para menores de edad. Esto se debe a la crudeza de algunas de sus escenas y, fundamentalmente, al tratamiento psicol\u00f3gico de temas sensibles como el abuso, el secuestro y la violencia sist\u00e9mica. No se trata de una violencia gratuita, sino de un elemento narrativo necesario para dimensionar la gravedad del trauma que atraviesa la protagonista y la urgencia de la b\u00fasqueda en el presente.<\/p>\n<p data-path-to-node=\"15\">El impacto global de estas producciones subraya que el talento escandinavo ha encontrado en el streaming el veh\u00edculo perfecto para exportar sus historias. Lo que antes era contenido de nicho para amantes del cine europeo, hoy se traduce a decenas de idiomas y lidera los rankings de audiencia compitiendo mano a mano con las grandes superproducciones de Hollywood.<\/p>\n<h4 data-path-to-node=\"16\">Conclusi\u00f3n<\/h4>\n<p data-path-to-node=\"17\"><b data-path-to-node=\"17\" data-index-in-node=\"0\">La c\u00fapula de cristal<\/b> es una pieza imprescindible para los amantes del suspenso que buscan algo m\u00e1s que una simple resoluci\u00f3n de cr\u00edmenes. Con una direcci\u00f3n impecable y una historia que cala hondo en las emociones humanas, la serie de <b data-path-to-node=\"17\" data-index-in-node=\"234\">Netflix<\/b> reafirma que el secreto del \u00e9xito reside en una buena historia, un ritmo equilibrado y personajes que resulten dolorosamente humanos. Si bien su paso por el cat\u00e1logo puede parecer fugaz debido a su brevedad, la huella que deja en el espectador es profunda, consolid\u00e1ndose como uno de los mejores estrenos europeos del a\u00f1o.<\/p>\n","protected":false},"excerpt":{"rendered":"<p>Una psic\u00f3loga frente a sus propios fantasmas La c\u00fapula de cristal se ha consolidado como la producci\u00f3n sueca del momento<\/p>\n","protected":false},"author":1,"featured_media":126415,"comment_status":"closed","ping_status":"closed","sticky":false,"template":"","format":"standard","meta":{"kia_subtitle":"La plataforma de streaming sorprende con una miniserie de seis episodios que combina suspenso, traumas del pasado y la cruda est\u00e9tica del nordic noir en una trama atrapante.","footnotes":"","jetpack_publicize_message":"","jetpack_publicize_feature_enabled":true,"jetpack_social_post_already_shared":true,"jetpack_social_options":{"image_generator_settings":{"template":"highway","default_image_id":0,"font":"","enabled":false},"version":2}},"categories":[2600,68],"tags":[],"class_list":["post-126426","post","type-post","status-publish","format-standard","has-post-thumbnail","hentry","category-espectaculo","category-cine-y-series"],"jetpack_publicize_connections":[],"jetpack_featured_media_url":"https:\/\/laurbedigital.com.ar\/noticias\/wp-content\/uploads\/2026\/05\/20260501-cupula.png","_links":{"self":[{"href":"https:\/\/laurbedigital.com.ar\/noticias\/wp-json\/wp\/v2\/posts\/126426","targetHints":{"allow":["GET"]}}],"collection":[{"href":"https:\/\/laurbedigital.com.ar\/noticias\/wp-json\/wp\/v2\/posts"}],"about":[{"href":"https:\/\/laurbedigital.com.ar\/noticias\/wp-json\/wp\/v2\/types\/post"}],"author":[{"embeddable":true,"href":"https:\/\/laurbedigital.com.ar\/noticias\/wp-json\/wp\/v2\/users\/1"}],"replies":[{"embeddable":true,"href":"https:\/\/laurbedigital.com.ar\/noticias\/wp-json\/wp\/v2\/comments?post=126426"}],"version-history":[{"count":1,"href":"https:\/\/laurbedigital.com.ar\/noticias\/wp-json\/wp\/v2\/posts\/126426\/revisions"}],"predecessor-version":[{"id":126427,"href":"https:\/\/laurbedigital.com.ar\/noticias\/wp-json\/wp\/v2\/posts\/126426\/revisions\/126427"}],"wp:featuredmedia":[{"embeddable":true,"href":"https:\/\/laurbedigital.com.ar\/noticias\/wp-json\/wp\/v2\/media\/126415"}],"wp:attachment":[{"href":"https:\/\/laurbedigital.com.ar\/noticias\/wp-json\/wp\/v2\/media?parent=126426"}],"wp:term":[{"taxonomy":"category","embeddable":true,"href":"https:\/\/laurbedigital.com.ar\/noticias\/wp-json\/wp\/v2\/categories?post=126426"},{"taxonomy":"post_tag","embeddable":true,"href":"https:\/\/laurbedigital.com.ar\/noticias\/wp-json\/wp\/v2\/tags?post=126426"}],"curies":[{"name":"wp","href":"https:\/\/api.w.org\/{rel}","templated":true}]}}