{"id":126424,"date":"2026-05-01T03:36:20","date_gmt":"2026-05-01T06:36:20","guid":{"rendered":"https:\/\/laurbedigital.com.ar\/noticias\/?p=126424"},"modified":"2026-05-01T03:36:20","modified_gmt":"2026-05-01T06:36:20","slug":"aumento-de-combustibles-el-gobierno-posterga-parte-del-ajuste-a-junio","status":"publish","type":"post","link":"https:\/\/laurbedigital.com.ar\/noticias\/2026\/05\/01\/aumento-de-combustibles-el-gobierno-posterga-parte-del-ajuste-a-junio\/","title":{"rendered":"Aumento de combustibles: el Gobierno posterga parte del ajuste a junio"},"content":{"rendered":"<p data-path-to-node=\"3\">El Gobierno Nacional oficializ\u00f3 este jueves una actualizaci\u00f3n desdoblada de los impuestos sobre los combustibles l\u00edquidos, buscando mitigar el impacto inmediato en el \u00edndice de precios al consumidor. A trav\u00e9s del <b data-path-to-node=\"3\" data-index-in-node=\"213\">Decreto 302\/2026<\/b>, publicado en el Bolet\u00edn Oficial, se estableci\u00f3 un incremento parcial en los tributos que rigen para la nafta y el gasoil a partir de mayo, mientras que el remanente de la carga impositiva se aplicar\u00e1 reci\u00e9n en el mes de junio. Esta maniobra fiscal intenta equilibrar la necesidad de recaudaci\u00f3n con la fragilidad del bolsillo de los ciudadanos en un contexto de alta sensibilidad inflacionaria.<\/p>\n<h4 data-path-to-node=\"4\">El impacto t\u00e9cnico en los surtidores<\/h4>\n<p data-path-to-node=\"5\">La medida implica un ajuste directo en el Impuesto a los Combustibles L\u00edquidos (ICL) y el Impuesto al Di\u00f3xido de Carbono (IDC). Seg\u00fan el esquema t\u00e9cnico detallado por el Ejecutivo, la carga tributaria para la nafta sin plomo y la nafta virgen registrar\u00e1 un ascenso de $10,398 por litro en concepto de ICL, sumado a $0,637 por IDC. En t\u00e9rminos pr\u00e1cticos, esto se traduce en una presi\u00f3n alcista que las petroleras \u2014YPF, Shell, Axion y Puma\u2014 trasladar\u00e1n de forma casi autom\u00e1tica a los precios de pizarra en las estaciones de servicio.<\/p>\n<p data-path-to-node=\"6\">En el caso del gasoil, el esquema presenta matices geogr\u00e1ficos. El tributo general sube $9,269 para el ICL y $1,056 para el IDC. Sin embargo, se mantiene un tratamiento diferencial para zonas espec\u00edficas como la Patagonia, el departamento mendocino de Malarg\u00fce y el partido bonaerense de Patagones, donde el incremento ser\u00e1 de $5,019, respetando los beneficios impositivos hist\u00f3ricos que poseen estas regiones por sus condiciones clim\u00e1ticas y log\u00edsticas.<\/p>\n<h4 data-path-to-node=\"7\">Estrategia fiscal: el diferimiento como amortiguador<\/h4>\n<p data-path-to-node=\"8\">La decisi\u00f3n de no aplicar la totalidad de las actualizaciones correspondientes a los per\u00edodos 2024 y 2025 de manera directa responde a un c\u00e1lculo pol\u00edtico y econ\u00f3mico. El texto oficial argumenta que resulta necesario \u00abdiferir parcialmente los incrementos remanentes\u00bb para sostener un \u00absendero fiscal sostenible\u00bb sin ahogar el incipiente crecimiento de la econom\u00eda. Al postergar el grueso del ajuste para junio, el Palacio de Hacienda intenta evitar que un salto brusco en los combustibles dispare las expectativas inflacionarias de mayo.<\/p>\n<p data-path-to-node=\"9\">Este desdoblamiento funciona como una tregua temporal. Sin embargo, analistas del sector energ\u00e9tico advierten que la presi\u00f3n acumulada sobre el precio final es significativa. Los <b data-path-to-node=\"9\" data-index-in-node=\"179\">aumentos de combustibles<\/b> no solo afectan a los conductores particulares, sino que tienen un efecto cascada sobre los costos log\u00edsticos y de transporte de mercader\u00edas, lo que eventualmente termina reflej\u00e1ndose en el precio de los alimentos y otros bienes de consumo masivo.<\/p>\n<h4 data-path-to-node=\"10\">El contexto internacional y la presi\u00f3n energ\u00e9tica<\/h4>\n<p data-path-to-node=\"11\">El escenario local no es ajeno a la volatilidad global. La persistente tensi\u00f3n en Medio Oriente ha mantenido los precios internacionales del crudo en niveles elevados, lo que presiona los costos de importaci\u00f3n de combustibles que el pa\u00eds a\u00fan requiere para cubrir su demanda interna. El Gobierno busca, mediante este decreto, generar un paraguas que amortig\u00fce el impacto de estas variables externas en el mercado dom\u00e9stico, aunque el margen de maniobra es cada vez m\u00e1s estrecho frente al compromiso de alcanzar el equilibrio fiscal.<\/p>\n<p data-path-to-node=\"12\">Para las empresas refinadoras, el retraso en la actualizaci\u00f3n impositiva es visto con cautela. Si bien el diferimiento evita una ca\u00edda mayor en el consumo \u2014que ya viene mostrando signos de retracci\u00f3n\u2014, tambi\u00e9n estira la brecha de rentabilidad en un sector que reclama paridad de importaci\u00f3n. En las estaciones de servicio, se espera que el ajuste de mayo sea solo el primer paso de un bimestre que ser\u00e1 determinante para el valor de la energ\u00eda en Argentina.<\/p>\n<h4 data-path-to-node=\"13\">Conclusi\u00f3n: un alivio ef\u00edmero para el bolsillo<\/h4>\n<p data-path-to-node=\"14\">La estrategia de \u00abcuotificar\u00bb el aumento de los impuestos a los combustibles ofrece un respiro moment\u00e1neo, pero confirma que la tendencia de los precios continuar\u00e1 al alza durante el primer semestre del a\u00f1o. Los consumidores deber\u00e1n prepararse para un nuevo ajuste en junio, mes en el que el Gobierno planea completar el traslado de los tributos pendientes. En un ecosistema econ\u00f3mico donde el combustible es el insumo base de la log\u00edstica nacional, la medida del Ejecutivo se percibe m\u00e1s como una postergaci\u00f3n del problema que como una soluci\u00f3n definitiva a la presi\u00f3n inflacionaria.<\/p>\n","protected":false},"excerpt":{"rendered":"<p>El Gobierno Nacional oficializ\u00f3 este jueves una actualizaci\u00f3n desdoblada de los impuestos sobre los combustibles l\u00edquidos, buscando mitigar el impacto<\/p>\n","protected":false},"author":1,"featured_media":126413,"comment_status":"closed","ping_status":"closed","sticky":false,"template":"","format":"standard","meta":{"kia_subtitle":"El Ejecutivo dispuso una suba impositiva parcial para mayo que impactar\u00e1 en los surtidores de todo el pa\u00eds, mientras que el traslado total de los tributos se difiri\u00f3 para junio.","footnotes":"","jetpack_publicize_message":"","jetpack_publicize_feature_enabled":true,"jetpack_social_post_already_shared":true,"jetpack_social_options":{"image_generator_settings":{"template":"highway","default_image_id":0,"font":"","enabled":false},"version":2}},"categories":[3,41],"tags":[],"class_list":["post-126424","post","type-post","status-publish","format-standard","has-post-thumbnail","hentry","category-actualidad","category-nacionales"],"jetpack_publicize_connections":[],"jetpack_featured_media_url":"https:\/\/laurbedigital.com.ar\/noticias\/wp-content\/uploads\/2026\/05\/20260501-COMBUSTIBLES.png","_links":{"self":[{"href":"https:\/\/laurbedigital.com.ar\/noticias\/wp-json\/wp\/v2\/posts\/126424","targetHints":{"allow":["GET"]}}],"collection":[{"href":"https:\/\/laurbedigital.com.ar\/noticias\/wp-json\/wp\/v2\/posts"}],"about":[{"href":"https:\/\/laurbedigital.com.ar\/noticias\/wp-json\/wp\/v2\/types\/post"}],"author":[{"embeddable":true,"href":"https:\/\/laurbedigital.com.ar\/noticias\/wp-json\/wp\/v2\/users\/1"}],"replies":[{"embeddable":true,"href":"https:\/\/laurbedigital.com.ar\/noticias\/wp-json\/wp\/v2\/comments?post=126424"}],"version-history":[{"count":1,"href":"https:\/\/laurbedigital.com.ar\/noticias\/wp-json\/wp\/v2\/posts\/126424\/revisions"}],"predecessor-version":[{"id":126425,"href":"https:\/\/laurbedigital.com.ar\/noticias\/wp-json\/wp\/v2\/posts\/126424\/revisions\/126425"}],"wp:featuredmedia":[{"embeddable":true,"href":"https:\/\/laurbedigital.com.ar\/noticias\/wp-json\/wp\/v2\/media\/126413"}],"wp:attachment":[{"href":"https:\/\/laurbedigital.com.ar\/noticias\/wp-json\/wp\/v2\/media?parent=126424"}],"wp:term":[{"taxonomy":"category","embeddable":true,"href":"https:\/\/laurbedigital.com.ar\/noticias\/wp-json\/wp\/v2\/categories?post=126424"},{"taxonomy":"post_tag","embeddable":true,"href":"https:\/\/laurbedigital.com.ar\/noticias\/wp-json\/wp\/v2\/tags?post=126424"}],"curies":[{"name":"wp","href":"https:\/\/api.w.org\/{rel}","templated":true}]}}