{"id":126410,"date":"2026-05-01T02:34:43","date_gmt":"2026-05-01T05:34:43","guid":{"rendered":"https:\/\/laurbedigital.com.ar\/noticias\/?p=126410"},"modified":"2026-05-01T02:34:43","modified_gmt":"2026-05-01T05:34:43","slug":"0dia-del-trabajador-por-que-se-celebra-este-1-de-mayo","status":"publish","type":"post","link":"https:\/\/laurbedigital.com.ar\/noticias\/2026\/05\/01\/0dia-del-trabajador-por-que-se-celebra-este-1-de-mayo\/","title":{"rendered":"0D\u00eda del Trabajador: por qu\u00e9 se celebra este 1\u00b0 de mayo"},"content":{"rendered":"<h3><strong>D\u00eda del Trabajador: \u00bfpor qu\u00e9 se celebra este 1\u00b0 de mayo?<\/strong><\/h3>\n<p><b>El D\u00eda del Trabajador se conmemora cada 1\u00b0 de mayo en Argentina, al igual que en muchas otras partes del mundo, en homenaje a los M\u00e1rtires de Chicago<\/b>, un grupo de sindicalistas anarquistas que fueron ejecutados en Estados Unidos luego de participar en las huelgas por la consecuci\u00f3n de las jornadas laborales de ocho horas en 1886.<\/p>\n<h3><strong>D\u00eda del Trabajador: el origen de la conmemoraci\u00f3n<\/strong><\/h3>\n<p>Al fines del Siglo XIX, en<b>\u00a0Chicago, que era la segunda ciudad con m\u00e1s habitantes de Estados Unidos y con gran parte de su<\/b> poblaci\u00f3n compuesta por obreros, se produjeron movimientos bajo el\u00a0<b>lema \u201cocho horas de trabajo, ocho horas de ocio y ocho horas de descanso\u201d, con el fin de acortar las extenuantes jornadas<\/b>\u00a0laborales, que pod\u00edan ser de hasta 18 horas.<\/p>\n<p><b>La \u00fanica limitaci\u00f3n que hab\u00eda en algunos Estados era la prohibici\u00f3n de que una persona trabajara 18 horas seguidas sin una causa justificada.\u00a0<\/b>La mayor\u00eda de los obreros estaban afiliados a la Noble Orden de los Caballeros del Trabajo, aunque ten\u00eda m\u00e1s preponderancia la American Federation of Labor. En su cuarto congreso, realizado\u00a0<b>el 17 de octubre de 1884, esta hab\u00eda resuelto que desde el 1 de mayo de 1886 la duraci\u00f3n legal de la jornada de trabajo deber\u00eda ser de ocho horas<\/b>. De lo contrario, habr\u00eda huelga.<\/p>\n<p>El 1 de mayo de 1886,\u00a0<b>200 mil trabajadores iniciaron la huelga mientras que otros 200 mil obten\u00edan esa conquista con la simple amenaza de paro<\/b>. En Chicago, donde las condiciones de los trabajadores eran mucho peores que en otras ciudades,\u00a0<b>las movilizaciones siguieron los d\u00edas 2 y 3, cuando tras una batalla campal una compa\u00f1\u00eda de polic\u00edas<\/b>\u00a0procedi\u00f3 a disparar a quemarropa sobre la gente, produciendo seis muertos y decenas de heridos.<\/p>\n<p><b>El d\u00eda 4 hubo una convocatoria masiva en Haymarket Square y una persona que nunca fue identificada arroj\u00f3 una bomba incendiaria que mat\u00f3 a siete polic\u00edas e hiri\u00f3 a otros sesenta.<\/b>\u00a0Las fuerzas de seguridad reprimieron con disparos, dejando un saldo de muertos y heridos entre los trabajadores.<\/p>\n<p>Por los graves acontecimientos,\u00a0<b>31 personas fueron enjuiciadas el 21 de junio de 1886<\/b>. Ocho de ellos fueron condenados en un proceso plagado de irregularidades: dos de ellos a cadena perpetua, uno a 15 a\u00f1os de trabajos forzados y cinco a la muerte en la horca.<\/p>\n<h3><strong>D\u00eda del Trabajador: \u00bfdesde cu\u00e1ndo se conmemora?<\/strong><\/h3>\n<p>Un a\u00f1o m\u00e1s tarde de la masacre de Chicago,\u00a0<b>en Illinois, se reconoci\u00f3 que el juicio a los M\u00e1rtires de Chicago no hab\u00eda respetado el derecho de los acusados<\/b>, y el gobernador perdon\u00f3 a los sindicalistas que estaban detenidos.<\/p>\n<p>En Par\u00eds,<b>\u00a0en 1889, durante un congreso de la Segunda Internacional\u00a0<\/b>(asociaci\u00f3n de partidos socialistas, laboristas y anarquistas de todo el mundo)<b>, se estableci\u00f3 el 1 de mayo como D\u00eda del Trabajador<\/b>\u00a0para conmemorar a los M\u00e1rtires de Chicago.<\/p>\n","protected":false},"excerpt":{"rendered":"<p>D\u00eda del Trabajador: \u00bfpor qu\u00e9 se celebra este 1\u00b0 de mayo? El D\u00eda del Trabajador se conmemora cada 1\u00b0 de<\/p>\n","protected":false},"author":1,"featured_media":115577,"comment_status":"closed","ping_status":"closed","sticky":false,"template":"","format":"standard","meta":{"kia_subtitle":"Como sucede todos los a\u00f1os, este domingo 1\u00b0 de mayo se conmemorar\u00e1 el D\u00eda del Trabajador en la Argentina. Conoc\u00e9 el motivo.","footnotes":"","jetpack_publicize_message":"","jetpack_publicize_feature_enabled":true,"jetpack_social_post_already_shared":true,"jetpack_social_options":{"image_generator_settings":{"template":"highway","default_image_id":0,"font":"","enabled":false},"version":2}},"categories":[5,2594],"tags":[],"class_list":["post-126410","post","type-post","status-publish","format-standard","has-post-thumbnail","hentry","category-cultura","category-efemerides"],"jetpack_publicize_connections":[],"jetpack_featured_media_url":"https:\/\/laurbedigital.com.ar\/noticias\/wp-content\/uploads\/2025\/05\/20250501-Dia-del-trabajador.jpg","_links":{"self":[{"href":"https:\/\/laurbedigital.com.ar\/noticias\/wp-json\/wp\/v2\/posts\/126410","targetHints":{"allow":["GET"]}}],"collection":[{"href":"https:\/\/laurbedigital.com.ar\/noticias\/wp-json\/wp\/v2\/posts"}],"about":[{"href":"https:\/\/laurbedigital.com.ar\/noticias\/wp-json\/wp\/v2\/types\/post"}],"author":[{"embeddable":true,"href":"https:\/\/laurbedigital.com.ar\/noticias\/wp-json\/wp\/v2\/users\/1"}],"replies":[{"embeddable":true,"href":"https:\/\/laurbedigital.com.ar\/noticias\/wp-json\/wp\/v2\/comments?post=126410"}],"version-history":[{"count":1,"href":"https:\/\/laurbedigital.com.ar\/noticias\/wp-json\/wp\/v2\/posts\/126410\/revisions"}],"predecessor-version":[{"id":126411,"href":"https:\/\/laurbedigital.com.ar\/noticias\/wp-json\/wp\/v2\/posts\/126410\/revisions\/126411"}],"wp:featuredmedia":[{"embeddable":true,"href":"https:\/\/laurbedigital.com.ar\/noticias\/wp-json\/wp\/v2\/media\/115577"}],"wp:attachment":[{"href":"https:\/\/laurbedigital.com.ar\/noticias\/wp-json\/wp\/v2\/media?parent=126410"}],"wp:term":[{"taxonomy":"category","embeddable":true,"href":"https:\/\/laurbedigital.com.ar\/noticias\/wp-json\/wp\/v2\/categories?post=126410"},{"taxonomy":"post_tag","embeddable":true,"href":"https:\/\/laurbedigital.com.ar\/noticias\/wp-json\/wp\/v2\/tags?post=126410"}],"curies":[{"name":"wp","href":"https:\/\/api.w.org\/{rel}","templated":true}]}}