{"id":126398,"date":"2026-04-29T03:29:40","date_gmt":"2026-04-29T06:29:40","guid":{"rendered":"https:\/\/laurbedigital.com.ar\/noticias\/?p=126398"},"modified":"2026-04-29T03:32:09","modified_gmt":"2026-04-29T06:32:09","slug":"dia-del-animal-en-argentina-homenaje-a-un-pionero-y-defensor-de-los-derechos-animales-3","status":"publish","type":"post","link":"https:\/\/laurbedigital.com.ar\/noticias\/2026\/04\/29\/dia-del-animal-en-argentina-homenaje-a-un-pionero-y-defensor-de-los-derechos-animales-3\/","title":{"rendered":"D\u00eda del Animal en Argentina: Homenaje a un pionero y defensor de los derechos animales"},"content":{"rendered":"<p data-sourcepos=\"7:1-7:406\"><strong>El D\u00eda del Animal en Argentina se celebra cada 29 de abril, una fecha que conmemora el fallecimiento de Ignacio Lucas Albarrac\u00edn, un abogado y activista cordob\u00e9s considerado precursor de la lucha por los derechos animales en el pa\u00eds. Albarrac\u00edn dedic\u00f3 gran parte de su vida a proteger a los animales de diversas formas de crueldad, dejando un legado invaluable que a\u00fan hoy resuena en la sociedad argentina.<\/strong><\/p>\n<p data-sourcepos=\"11:1-11:417\">Ignacio Lucas Albarrac\u00edn naci\u00f3 en C\u00f3rdoba en 1850 y desde temprana edad mostr\u00f3 una profunda sensibilidad hacia los animales. En 1885, fund\u00f3 la Sociedad Protectora de Animales de C\u00f3rdoba, la primera organizaci\u00f3n de este tipo en Argentina. A lo largo de su trayectoria, Albarrac\u00edn luch\u00f3 incansablemente contra pr\u00e1cticas como las ri\u00f1as de gallos, la doma de potros salvajes, las corridas de toros y el tiro a la paloma.<\/p>\n<p data-sourcepos=\"13:1-13:259\">Su incansable labor lo llev\u00f3 a impulsar diversas iniciativas legislativas, incluyendo la primera ley nacional de protecci\u00f3n animal, sancionada en 1954. Albarrac\u00edn falleci\u00f3 en 1926, dejando un legado imborrable en la historia de la defensa animal en Argentina.<\/p>\n<p data-sourcepos=\"15:1-15:312\">En su honor, cada 29 de abril se celebra el D\u00eda del Animal, una fecha para reflexionar sobre la importancia de respetar y proteger a todos los seres vivos. Es un d\u00eda para recordar la lucha de Albarrac\u00edn y para tomar conciencia de la responsabilidad que tenemos como sociedad hacia los animales que nos acompa\u00f1an.<\/p>\n<h4 data-sourcepos=\"17:1-17:77\"><strong>M\u00e1s all\u00e1 del homenaje, el D\u00eda del Animal tambi\u00e9n es una oportunidad para:<\/strong><\/h4>\n<ul data-sourcepos=\"19:1-24:0\">\n<li data-sourcepos=\"19:1-20:0\">\n<p data-sourcepos=\"19:3-19:228\"><strong>Promover la adopci\u00f3n responsable de mascotas:<\/strong> Miles de animales esperan un hogar en refugios y centros de adopci\u00f3n. Adoptar una mascota es un acto de amor y responsabilidad que puede cambiar la vida de un animal y la tuya.<\/p>\n<\/li>\n<li data-sourcepos=\"21:1-22:0\">\n<p data-sourcepos=\"21:3-21:239\"><strong>Denunciar el maltrato animal:<\/strong> Si eres testigo de un caso de maltrato animal, no dudes en denunciarlo. Existen diversas organizaciones y organismos p\u00fablicos que pueden ayudarte a proteger a los animales en situaci\u00f3n de vulnerabilidad.<\/p>\n<\/li>\n<li data-sourcepos=\"23:1-24:0\">\n<p data-sourcepos=\"23:3-23:267\"><strong>Educar sobre el cuidado responsable de las mascotas:<\/strong> Brindar informaci\u00f3n adecuada sobre las necesidades de los animales, desde la alimentaci\u00f3n hasta el cuidado veterinario, es fundamental para prevenir el maltrato y garantizar el bienestar de nuestras mascotas.<\/p>\n<\/li>\n<\/ul>\n<p data-sourcepos=\"25:1-25:240\">El D\u00eda del Animal es un recordatorio de que todos los seres vivos merecen respeto y protecci\u00f3n. Honremos el legado de Ignacio Lucas Albarrac\u00edn tomando acciones concretas para construir un mundo m\u00e1s compasivo y justo para todos los animales.<\/p>\n","protected":false},"excerpt":{"rendered":"<p>El D\u00eda del Animal en Argentina se celebra cada 29 de abril, una fecha que conmemora el fallecimiento de Ignacio<\/p>\n","protected":false},"author":1,"featured_media":104466,"comment_status":"closed","ping_status":"closed","sticky":false,"template":"","format":"standard","meta":{"kia_subtitle":"Cada 29 de abril se conmemora el fallecimiento de Ignacio Lucas Albarrac\u00edn, figura clave en la lucha por el bienestar animal en el pa\u00eds.","footnotes":"","jetpack_publicize_message":"","jetpack_publicize_feature_enabled":true,"jetpack_social_post_already_shared":true,"jetpack_social_options":{"image_generator_settings":{"template":"highway","default_image_id":0,"font":"","enabled":false},"version":2}},"categories":[5,2594],"tags":[],"class_list":["post-126398","post","type-post","status-publish","format-standard","has-post-thumbnail","hentry","category-cultura","category-efemerides"],"jetpack_publicize_connections":[],"jetpack_featured_media_url":"https:\/\/laurbedigital.com.ar\/noticias\/wp-content\/uploads\/2024\/04\/20240429-Dia-del-Animal.jpg","_links":{"self":[{"href":"https:\/\/laurbedigital.com.ar\/noticias\/wp-json\/wp\/v2\/posts\/126398","targetHints":{"allow":["GET"]}}],"collection":[{"href":"https:\/\/laurbedigital.com.ar\/noticias\/wp-json\/wp\/v2\/posts"}],"about":[{"href":"https:\/\/laurbedigital.com.ar\/noticias\/wp-json\/wp\/v2\/types\/post"}],"author":[{"embeddable":true,"href":"https:\/\/laurbedigital.com.ar\/noticias\/wp-json\/wp\/v2\/users\/1"}],"replies":[{"embeddable":true,"href":"https:\/\/laurbedigital.com.ar\/noticias\/wp-json\/wp\/v2\/comments?post=126398"}],"version-history":[{"count":1,"href":"https:\/\/laurbedigital.com.ar\/noticias\/wp-json\/wp\/v2\/posts\/126398\/revisions"}],"predecessor-version":[{"id":126399,"href":"https:\/\/laurbedigital.com.ar\/noticias\/wp-json\/wp\/v2\/posts\/126398\/revisions\/126399"}],"wp:featuredmedia":[{"embeddable":true,"href":"https:\/\/laurbedigital.com.ar\/noticias\/wp-json\/wp\/v2\/media\/104466"}],"wp:attachment":[{"href":"https:\/\/laurbedigital.com.ar\/noticias\/wp-json\/wp\/v2\/media?parent=126398"}],"wp:term":[{"taxonomy":"category","embeddable":true,"href":"https:\/\/laurbedigital.com.ar\/noticias\/wp-json\/wp\/v2\/categories?post=126398"},{"taxonomy":"post_tag","embeddable":true,"href":"https:\/\/laurbedigital.com.ar\/noticias\/wp-json\/wp\/v2\/tags?post=126398"}],"curies":[{"name":"wp","href":"https:\/\/api.w.org\/{rel}","templated":true}]}}