{"id":126392,"date":"2026-04-29T03:24:51","date_gmt":"2026-04-29T06:24:51","guid":{"rendered":"https:\/\/laurbedigital.com.ar\/noticias\/?p=126392"},"modified":"2026-04-29T03:24:51","modified_gmt":"2026-04-29T06:24:51","slug":"colapso-del-transporte-en-el-amba-menos-unidades-y-boletos-mas-caros","status":"publish","type":"post","link":"https:\/\/laurbedigital.com.ar\/noticias\/2026\/04\/29\/colapso-del-transporte-en-el-amba-menos-unidades-y-boletos-mas-caros\/","title":{"rendered":"Colapso del transporte en el AMBA: menos unidades y boletos m\u00e1s caros"},"content":{"rendered":"<p data-path-to-node=\"3\">El sistema de transporte p\u00fablico por automotor en el \u00c1rea Metropolitana de Buenos Aires (AMBA) atraviesa una crisis estructural que combina un deterioro hist\u00f3rico con un ajuste acelerado en el \u00faltimo a\u00f1o. Seg\u00fan un reciente informe de la Facultad de Ciencias Econ\u00f3micas de la Universidad de Buenos Aires (UBA), la flota de colectivos ha experimentado una reducci\u00f3n dr\u00e1stica: hoy circulan casi <b data-path-to-node=\"3\" data-index-in-node=\"392\">2.500 unidades menos<\/b> que hace seis a\u00f1os. Este vaciamiento del servicio ocurre en un contexto de escalada tarifaria, donde el boleto m\u00ednimo registr\u00f3 un incremento superior al <b data-path-to-node=\"3\" data-index-in-node=\"566\">1.200%<\/b>, golpeando el bolsillo de millones de usuarios que enfrentan esperas cada vez m\u00e1s prolongadas.<\/p>\n<h4 data-path-to-node=\"4\">La ca\u00edda de la flota y el recorte del servicio<\/h4>\n<p data-path-to-node=\"5\">El an\u00e1lisis documenta que en noviembre de 2019 el parque automotor activo era de 19.348 unidades, cifra que para marzo de 2026 cay\u00f3 a <b data-path-to-node=\"5\" data-index-in-node=\"134\">16.989 micros<\/b>. Esta p\u00e9rdida de capital de trabajo, cercana al 12% estructural, se vio agravada este mes por una decisi\u00f3n de las c\u00e1maras empresariales de recortar un <b data-path-to-node=\"5\" data-index-in-node=\"299\">40% adicional<\/b> las frecuencias ante la falta de recursos para cubrir el costo del gasoil. En la pr\u00e1ctica, esto significa que la mayor\u00eda de las l\u00edneas est\u00e1n operando a un 70% de su capacidad instalada, generando paradas abarrotadas y un servicio que las empresas est\u00e1n a punto de declarar en emergencia t\u00e9cnica.<\/p>\n<h4 data-path-to-node=\"6\">El laberinto de los subsidios y la deuda estatal<\/h4>\n<p data-path-to-node=\"7\">La sostenibilidad del sistema se encuentra comprometida por una deuda de compensaciones tarifarias que supera los <b data-path-to-node=\"7\" data-index-in-node=\"114\">$128.000 millones<\/b>. El Estado nacional y la Provincia de Buenos Aires mantienen demoras en los pagos que impiden a las compa\u00f1\u00edas afrontar los aumentos en los insumos b\u00e1sicos y las paritarias salariales. Seg\u00fan el investigador Rafael Skiadaressis, la fragmentaci\u00f3n de los subsidios por jurisdicciones y la suspensi\u00f3n del boleto integrado han generado desajustes que el ajuste fiscal del Gobierno nacional no ha logrado compensar ni con las subas de tarifas ni con transferencias directas.<\/p>\n<h4 data-path-to-node=\"8\">Conflicto gremial y falta de inversi\u00f3n<\/h4>\n<p data-path-to-node=\"9\">La crisis financiera se traduce inevitablemente en tensi\u00f3n social. Este martes 28 de abril, las l\u00edneas <b data-path-to-node=\"9\" data-index-in-node=\"103\">707, 333, 407 y 437<\/b> del conurbano norte cumplieron ocho d\u00edas de paro por salarios adeudados, afectando a miles de pasajeros. Las empresas argumentan que, sin una actualizaci\u00f3n del esquema de subsidios que reconozca los precios reales de los repuestos y el combustible, la renovaci\u00f3n de la flota es imposible. El resultado es un parque automotor cada vez m\u00e1s envejecido, con mayor frecuencia de fallas mec\u00e1nicas y un riesgo creciente para la seguridad vial.<\/p>\n<h4 data-path-to-node=\"10\">Perspectivas de un sistema en retirada<\/h4>\n<p data-path-to-node=\"11\">El informe de la UBA es tajante: sin una pol\u00edtica de fondo que garantice la sustentabilidad, el horizonte es de mayor precariedad. El traslado de los costos operativos al usuario, sumado al congelamiento de las compensaciones estatales, ha configurado un escenario donde el transporte deja de ser un derecho garantizado para convertirse en una variable de ajuste econ\u00f3mico. Para los usuarios del AMBA, la realidad cotidiana se resume en un servicio que cuesta doce veces m\u00e1s que hace seis a\u00f1os, pero que ofrece menos recorridos, menos unidades y una incertidumbre constante sobre la llegada del pr\u00f3ximo colectivo.<\/p>\n","protected":false},"excerpt":{"rendered":"<p>El sistema de transporte p\u00fablico por automotor en el \u00c1rea Metropolitana de Buenos Aires (AMBA) atraviesa una crisis estructural que<\/p>\n","protected":false},"author":1,"featured_media":126384,"comment_status":"closed","ping_status":"closed","sticky":false,"template":"","format":"standard","meta":{"kia_subtitle":"Un informe de la UBA revela que el sistema opera con 2.500 colectivos menos que en 2019, mientras la deuda por subsidios supera los $128.000 millones y el servicio sufre recortes.","footnotes":"","jetpack_publicize_message":"","jetpack_publicize_feature_enabled":true,"jetpack_social_post_already_shared":true,"jetpack_social_options":{"image_generator_settings":{"template":"highway","default_image_id":0,"font":"","enabled":false},"version":2}},"categories":[3,13],"tags":[],"class_list":["post-126392","post","type-post","status-publish","format-standard","has-post-thumbnail","hentry","category-actualidad","category-region"],"jetpack_publicize_connections":[],"jetpack_featured_media_url":"https:\/\/laurbedigital.com.ar\/noticias\/wp-content\/uploads\/2026\/04\/20260429-TRANSPORTE.png","_links":{"self":[{"href":"https:\/\/laurbedigital.com.ar\/noticias\/wp-json\/wp\/v2\/posts\/126392","targetHints":{"allow":["GET"]}}],"collection":[{"href":"https:\/\/laurbedigital.com.ar\/noticias\/wp-json\/wp\/v2\/posts"}],"about":[{"href":"https:\/\/laurbedigital.com.ar\/noticias\/wp-json\/wp\/v2\/types\/post"}],"author":[{"embeddable":true,"href":"https:\/\/laurbedigital.com.ar\/noticias\/wp-json\/wp\/v2\/users\/1"}],"replies":[{"embeddable":true,"href":"https:\/\/laurbedigital.com.ar\/noticias\/wp-json\/wp\/v2\/comments?post=126392"}],"version-history":[{"count":1,"href":"https:\/\/laurbedigital.com.ar\/noticias\/wp-json\/wp\/v2\/posts\/126392\/revisions"}],"predecessor-version":[{"id":126393,"href":"https:\/\/laurbedigital.com.ar\/noticias\/wp-json\/wp\/v2\/posts\/126392\/revisions\/126393"}],"wp:featuredmedia":[{"embeddable":true,"href":"https:\/\/laurbedigital.com.ar\/noticias\/wp-json\/wp\/v2\/media\/126384"}],"wp:attachment":[{"href":"https:\/\/laurbedigital.com.ar\/noticias\/wp-json\/wp\/v2\/media?parent=126392"}],"wp:term":[{"taxonomy":"category","embeddable":true,"href":"https:\/\/laurbedigital.com.ar\/noticias\/wp-json\/wp\/v2\/categories?post=126392"},{"taxonomy":"post_tag","embeddable":true,"href":"https:\/\/laurbedigital.com.ar\/noticias\/wp-json\/wp\/v2\/tags?post=126392"}],"curies":[{"name":"wp","href":"https:\/\/api.w.org\/{rel}","templated":true}]}}