{"id":126390,"date":"2026-04-29T03:23:29","date_gmt":"2026-04-29T06:23:29","guid":{"rendered":"https:\/\/laurbedigital.com.ar\/noticias\/?p=126390"},"modified":"2026-04-29T03:23:29","modified_gmt":"2026-04-29T06:23:29","slug":"abordaje-interministerial-ante-amenazas-en-escuelas-bonaerenses","status":"publish","type":"post","link":"https:\/\/laurbedigital.com.ar\/noticias\/2026\/04\/29\/abordaje-interministerial-ante-amenazas-en-escuelas-bonaerenses\/","title":{"rendered":"Abordaje interministerial ante amenazas en escuelas bonaerenses"},"content":{"rendered":"<p data-path-to-node=\"3\">En un contexto de creciente preocupaci\u00f3n por la seguridad en el \u00e1mbito escolar, el Gobierno de la Provincia de Buenos Aires llev\u00f3 a cabo un encuentro de trabajo interministerial para coordinar respuestas ante los recientes episodios de amenazas y mensajes intimidatorios en escuelas. La reuni\u00f3n, encabezada por los ministros <b data-path-to-node=\"3\" data-index-in-node=\"325\">Andr\u00e9s Larroque<\/b> (Desarrollo de la Comunidad), <b data-path-to-node=\"3\" data-index-in-node=\"371\">Carlos Bianco<\/b> (Gobierno), <b data-path-to-node=\"3\" data-index-in-node=\"397\">Javier Alonso<\/b> (Seguridad) y la directora general de Cultura y Educaci\u00f3n, <b data-path-to-node=\"3\" data-index-in-node=\"470\">Flavia Terigi<\/b>, busc\u00f3 establecer una estrategia que combine la prevenci\u00f3n temprana con un fuerte acompa\u00f1amiento a las juventudes.<\/p>\n<h4 data-path-to-node=\"4\">Una respuesta articulada frente a la crisis social<\/h4>\n<p data-path-to-node=\"5\">La iniciativa se desarroll\u00f3 bajo la \u00f3rbita de la Comisi\u00f3n Interministerial para la Promoci\u00f3n y Protecci\u00f3n de los Derechos del Ni\u00f1o. Durante el encuentro, los funcionarios coincidieron en que estas manifestaciones de violencia no son hechos aislados, sino que responden a un \u00abclima de \u00e9poca\u00bb influenciado por la situaci\u00f3n socioecon\u00f3mica nacional. En este sentido, Larroque subray\u00f3 que el deber de la Provincia es proteger a las escuelas como espacios de contenci\u00f3n frente a lo que calific\u00f3 como un modelo de \u00abdeserci\u00f3n del Estado\u00bb promovido por la actual gesti\u00f3n nacional.<\/p>\n<p data-path-to-node=\"6\">Por su parte, Carlos Bianco alert\u00f3 sobre la vulnerabilidad de los j\u00f3venes ante la falta de perspectivas de futuro y vincul\u00f3 estos comportamientos con otras problem\u00e1ticas emergentes, como la <b data-path-to-node=\"6\" data-index-in-node=\"190\">ludopat\u00eda adolescente<\/b>. La estrategia provincial apunta a fortalecer los lazos comunitarios y territoriales en lugar de aplicar medidas puramente restrictivas.<\/p>\n<h4 data-path-to-node=\"7\">Prevenci\u00f3n t\u00e9cnica y rechazo al punitivismo<\/h4>\n<p data-path-to-node=\"8\">Desde la cartera de Educaci\u00f3n, Flavia Terigi enfatiz\u00f3 la necesidad de eludir la \u00abtentaci\u00f3n f\u00e1cil del punitivismo\u00bb al analizar estas conductas. La funcionaria destac\u00f3 que, ante las amenazas de tiroteos, la articulaci\u00f3n directa con el Ministerio de Seguridad permiti\u00f3 una <b data-path-to-node=\"8\" data-index-in-node=\"270\">advertencia temprana<\/b>, brindando pautas claras de actuaci\u00f3n a inspectores y directivos en todo el territorio bonaerense para evitar el p\u00e1nico y garantizar la seguridad de los 5,2 millones de estudiantes del sistema.<\/p>\n<p data-path-to-node=\"9\">Javier Alonso detall\u00f3 que actualmente se encuentran bajo estudio exhaustivo unos <b data-path-to-node=\"9\" data-index-in-node=\"81\">60 casos identificados<\/b>. Estos episodios est\u00e1n siendo abordados no solo desde una perspectiva de seguridad, sino con la intervenci\u00f3n de especialistas en salud mental para comprender el trasfondo de cada situaci\u00f3n particular.<\/p>\n<h4 data-path-to-node=\"10\">Contexto de hostilidad y discursos de odio<\/h4>\n<p data-path-to-node=\"11\">La Directora Ejecutiva del Organismo Provincial de Ni\u00f1ez y Adolescencia (OPNyA), Andrea C\u00e1ceres, advirti\u00f3 que este fen\u00f3meno se produce en un entorno de alta hostilidad. Seg\u00fan la funcionaria, la proliferaci\u00f3n de discursos de odio desde el nivel central del Gobierno nacional impacta negativamente en las ni\u00f1eces, generando sentimientos de soledad y desamparo. Ante esto, la Provincia ratific\u00f3 su compromiso de potenciar los \u00e1mbitos de escucha y encuentro.<\/p>\n<p data-path-to-node=\"12\">De la jornada participaron tambi\u00e9n representantes de Salud Mental, Justicia, Trabajo y Mujeres, junto a referentes gremiales docentes, consolidando un bloque multidisciplinario. El objetivo final es garantizar que la escuela siga siendo un territorio de paz y aprendizaje, blindado ante la violencia que atraviesa el tejido social.<\/p>\n","protected":false},"excerpt":{"rendered":"<p>En un contexto de creciente preocupaci\u00f3n por la seguridad en el \u00e1mbito escolar, el Gobierno de la Provincia de Buenos<\/p>\n","protected":false},"author":1,"featured_media":126380,"comment_status":"closed","ping_status":"closed","sticky":false,"template":"","format":"standard","meta":{"kia_subtitle":"El Gobierno provincial activ\u00f3 una mesa de trabajo conjunta para enfrentar mensajes intimidatorios y violencia en establecimientos educativos, priorizando la contenci\u00f3n social frente a los discursos de odio.","footnotes":"","jetpack_publicize_message":"","jetpack_publicize_feature_enabled":true,"jetpack_social_post_already_shared":true,"jetpack_social_options":{"image_generator_settings":{"template":"highway","default_image_id":0,"font":"","enabled":false},"version":2}},"categories":[3,56],"tags":[],"class_list":["post-126390","post","type-post","status-publish","format-standard","has-post-thumbnail","hentry","category-actualidad","category-buenos-aires"],"jetpack_publicize_connections":[],"jetpack_featured_media_url":"https:\/\/laurbedigital.com.ar\/noticias\/wp-content\/uploads\/2026\/04\/20260429-GBA.png","_links":{"self":[{"href":"https:\/\/laurbedigital.com.ar\/noticias\/wp-json\/wp\/v2\/posts\/126390","targetHints":{"allow":["GET"]}}],"collection":[{"href":"https:\/\/laurbedigital.com.ar\/noticias\/wp-json\/wp\/v2\/posts"}],"about":[{"href":"https:\/\/laurbedigital.com.ar\/noticias\/wp-json\/wp\/v2\/types\/post"}],"author":[{"embeddable":true,"href":"https:\/\/laurbedigital.com.ar\/noticias\/wp-json\/wp\/v2\/users\/1"}],"replies":[{"embeddable":true,"href":"https:\/\/laurbedigital.com.ar\/noticias\/wp-json\/wp\/v2\/comments?post=126390"}],"version-history":[{"count":1,"href":"https:\/\/laurbedigital.com.ar\/noticias\/wp-json\/wp\/v2\/posts\/126390\/revisions"}],"predecessor-version":[{"id":126391,"href":"https:\/\/laurbedigital.com.ar\/noticias\/wp-json\/wp\/v2\/posts\/126390\/revisions\/126391"}],"wp:featuredmedia":[{"embeddable":true,"href":"https:\/\/laurbedigital.com.ar\/noticias\/wp-json\/wp\/v2\/media\/126380"}],"wp:attachment":[{"href":"https:\/\/laurbedigital.com.ar\/noticias\/wp-json\/wp\/v2\/media?parent=126390"}],"wp:term":[{"taxonomy":"category","embeddable":true,"href":"https:\/\/laurbedigital.com.ar\/noticias\/wp-json\/wp\/v2\/categories?post=126390"},{"taxonomy":"post_tag","embeddable":true,"href":"https:\/\/laurbedigital.com.ar\/noticias\/wp-json\/wp\/v2\/tags?post=126390"}],"curies":[{"name":"wp","href":"https:\/\/api.w.org\/{rel}","templated":true}]}}