{"id":126372,"date":"2026-04-28T13:42:31","date_gmt":"2026-04-28T16:42:31","guid":{"rendered":"https:\/\/laurbedigital.com.ar\/noticias\/?p=126372"},"modified":"2026-04-28T13:42:31","modified_gmt":"2026-04-28T16:42:31","slug":"el-concejo-deliberante-de-alte-brown-aprobo-por-amplia-mayoria-la-rendicion-de-cuentas-2025","status":"publish","type":"post","link":"https:\/\/laurbedigital.com.ar\/noticias\/2026\/04\/28\/el-concejo-deliberante-de-alte-brown-aprobo-por-amplia-mayoria-la-rendicion-de-cuentas-2025\/","title":{"rendered":"El Concejo Deliberante de Alte Brown aprob\u00f3 por amplia mayor\u00eda la rendici\u00f3n de cuentas 2025"},"content":{"rendered":"<div dir=\"ltr\">\n<div>\n<p>Durante el tratamiento del expediente, las y los concejales manifestaron sus posiciones respecto de la iniciativa, que finalmente obtuvo un respaldo mayoritario.<\/p>\n<p><em>En este sentido, el titular de la Comisi\u00f3n de Hacienda, Walter Mar\u00edn, destac\u00f3 \u201cla correcta ejecuci\u00f3n de los recursos percibidos; el equilibrio fiscal y la solvencia econ\u00f3mica de la Comuna browniana a\u00fan en tiempos de dificultad\u201d.<\/em><\/p>\n<p><em>A su turno, la presidenta del bloque oficialista, Micaela Ort\u00edz, valor\u00f3 \u201cel rol del Estado Municipal en el cumplimiento de las metas pol\u00edticas que equivalen a garantizar los servicios y el plan de acci\u00f3n en cada localidad y cada barrio del distrito\u00bb.<\/em><\/p>\n<p><img loading=\"lazy\" decoding=\"async\" class=\"alignnone size-full wp-image-126374\" src=\"https:\/\/laurbedigital.com.ar\/noticias\/wp-content\/uploads\/2026\/04\/20260427-hcd1-1.png\" alt=\"\" width=\"768\" height=\"428\" title=\"\" srcset=\"https:\/\/laurbedigital.com.ar\/noticias\/wp-content\/uploads\/2026\/04\/20260427-hcd1-1.png 768w, https:\/\/laurbedigital.com.ar\/noticias\/wp-content\/uploads\/2026\/04\/20260427-hcd1-1-300x167.png 300w\" sizes=\"auto, (max-width: 768px) 100vw, 768px\" \/><\/p>\n<p><em>Mientras que el presidente del Concejo Deliberante, Nicolas Jawtuschenko, indic\u00f3 que \u201cel Ejecutivo Municipal envi\u00f3 la Rendici\u00f3n de Cuentas conforme a los marcos legales vigentes, la cual fue analizada previamente en las Comisiones de Hacienda y Legales, con el acceso a la informaci\u00f3n requerida\u201d.<\/em><\/p>\n<p>De esta manera, la Rendici\u00f3n de Cuentas 2025 fue aprobada por amplia mayor\u00eda con 16 votos afirmativos y 8 negativos, con el acompa\u00f1amiento de la totalidad del bloque oficialista y el respaldo del bloque de la UCR.<\/p>\n<\/div>\n<\/div>\n","protected":false},"excerpt":{"rendered":"<p>Durante el tratamiento del expediente, las y los concejales manifestaron sus posiciones respecto de la iniciativa, que finalmente obtuvo un<\/p>\n","protected":false},"author":1,"featured_media":126373,"comment_status":"closed","ping_status":"closed","sticky":false,"template":"","format":"standard","meta":{"kia_subtitle":"El Concejo Deliberante de Almirante Brown aprob\u00f3 por amplia mayor\u00eda la Rendici\u00f3n de Cuentas 2025 elevada por el Ejecutivo Municipal, durante una sesi\u00f3n especial llevada a cabo esta ma\u00f1ana.","footnotes":"","jetpack_publicize_message":"","jetpack_publicize_feature_enabled":true,"jetpack_social_post_already_shared":true,"jetpack_social_options":{"image_generator_settings":{"template":"highway","default_image_id":0,"font":"","enabled":false},"version":2}},"categories":[2,33],"tags":[],"class_list":["post-126372","post","type-post","status-publish","format-standard","has-post-thumbnail","hentry","category-alte-brown","category-alte-brown-alte-brown"],"jetpack_publicize_connections":[],"jetpack_featured_media_url":"https:\/\/laurbedigital.com.ar\/noticias\/wp-content\/uploads\/2026\/04\/20260427-hcd1.png","_links":{"self":[{"href":"https:\/\/laurbedigital.com.ar\/noticias\/wp-json\/wp\/v2\/posts\/126372","targetHints":{"allow":["GET"]}}],"collection":[{"href":"https:\/\/laurbedigital.com.ar\/noticias\/wp-json\/wp\/v2\/posts"}],"about":[{"href":"https:\/\/laurbedigital.com.ar\/noticias\/wp-json\/wp\/v2\/types\/post"}],"author":[{"embeddable":true,"href":"https:\/\/laurbedigital.com.ar\/noticias\/wp-json\/wp\/v2\/users\/1"}],"replies":[{"embeddable":true,"href":"https:\/\/laurbedigital.com.ar\/noticias\/wp-json\/wp\/v2\/comments?post=126372"}],"version-history":[{"count":1,"href":"https:\/\/laurbedigital.com.ar\/noticias\/wp-json\/wp\/v2\/posts\/126372\/revisions"}],"predecessor-version":[{"id":126375,"href":"https:\/\/laurbedigital.com.ar\/noticias\/wp-json\/wp\/v2\/posts\/126372\/revisions\/126375"}],"wp:featuredmedia":[{"embeddable":true,"href":"https:\/\/laurbedigital.com.ar\/noticias\/wp-json\/wp\/v2\/media\/126373"}],"wp:attachment":[{"href":"https:\/\/laurbedigital.com.ar\/noticias\/wp-json\/wp\/v2\/media?parent=126372"}],"wp:term":[{"taxonomy":"category","embeddable":true,"href":"https:\/\/laurbedigital.com.ar\/noticias\/wp-json\/wp\/v2\/categories?post=126372"},{"taxonomy":"post_tag","embeddable":true,"href":"https:\/\/laurbedigital.com.ar\/noticias\/wp-json\/wp\/v2\/tags?post=126372"}],"curies":[{"name":"wp","href":"https:\/\/api.w.org\/{rel}","templated":true}]}}