{"id":126367,"date":"2026-04-28T13:21:03","date_gmt":"2026-04-28T16:21:03","guid":{"rendered":"https:\/\/laurbedigital.com.ar\/noticias\/?p=126367"},"modified":"2026-04-28T13:21:03","modified_gmt":"2026-04-28T16:21:03","slug":"monsenor-lugones-entronizo-la-imagen-de-la-virgen-de-lujan-en-el-viaducto-papa-francisco-de-alte-brown","status":"publish","type":"post","link":"https:\/\/laurbedigital.com.ar\/noticias\/2026\/04\/28\/monsenor-lugones-entronizo-la-imagen-de-la-virgen-de-lujan-en-el-viaducto-papa-francisco-de-alte-brown\/","title":{"rendered":"Monse\u00f1or Lugones entroniz\u00f3 la imagen de la Virgen de Luj\u00e1n en el Viaducto \u00abpapa Francisco\u00bb de Alte Brown"},"content":{"rendered":"<div>La actividad, que se llev\u00f3 a cabo en la mega obra situada en la intersecci\u00f3n de Hip\u00f3lito Yrigoyen y Ruta 4, cont\u00f3 con la presencia del intendente interino de Almirante Brown, Juan Fabiani; la jefa de Gabinete, Paula Eichel, y el presidente del Concejo Deliberante, Nicol\u00e1s Jawtuschenko.<\/div>\n<div><\/div>\n<div>La entronizaci\u00f3n se realiz\u00f3 en este espacio emblem\u00e1tico del distrito, donde qued\u00f3 emplazada la imagen donada por la comunidad de la Parroquia San Cayetano de Burzaco, integrando as\u00ed un s\u00edmbolo central de la fe con una obra de gran importancia para la comunidad.<\/div>\n<div><\/div>\n<div>En este contexto, la Virgen de Luj\u00e1n, Patrona de la Rep\u00fablica Argentina, se erige como uno de los s\u00edmbolos m\u00e1s representativos de la fe cat\u00f3lica en el pa\u00eds, convocando hist\u00f3ricamente a multitudinarias expresiones de devoci\u00f3n popular.<\/div>\n<div><\/div>\n<div>Por su parte, el Viaducto Papa Francisco, inaugurado en 2025, constituye una obra de infraestructura clave para el distrito, ya que mejora la circulaci\u00f3n y la conectividad en una zona de acceso directo al Parque Industrial, impactando positivamente en la vida cotidiana de los vecinos, fortaleciendo as\u00ed la identidad cultural y espiritual de la comunidad.<\/div>\n<div><\/div>\n<div><img loading=\"lazy\" decoding=\"async\" class=\"alignnone size-full wp-image-126369\" src=\"https:\/\/laurbedigital.com.ar\/noticias\/wp-content\/uploads\/2026\/04\/20260427-lujan1.png\" alt=\"\" width=\"768\" height=\"510\" title=\"\" srcset=\"https:\/\/laurbedigital.com.ar\/noticias\/wp-content\/uploads\/2026\/04\/20260427-lujan1.png 768w, https:\/\/laurbedigital.com.ar\/noticias\/wp-content\/uploads\/2026\/04\/20260427-lujan1-300x199.png 300w\" sizes=\"auto, (max-width: 768px) 100vw, 768px\" \/><\/div>\n<div><\/div>\n<div>Mariano Cascallares destac\u00f3 en este contexto que \u201cse trata de un momento muy especial para Almirante Brown, porque la entronizaci\u00f3n de la Virgen de Luj\u00e1n une la fe, la historia y el compromiso de nuestros vecinos en un espacio que es s\u00edmbolo de crecimiento y desarrollo para Burzaco y para todo Almirante Brown\u201d.<\/div>\n<div><\/div>\n<div>De la jornada participaron tambi\u00e9n el cura p\u00e1rroco de la Parroquia Inmaculada Concepci\u00f3n de Burzaco, Diego Barboza; el cura p\u00e1rroco de la Parroquia Nuestra Se\u00f1ora de Lourdes de Monte Grande, Eduardo Brusa; el secretario de Gesti\u00f3n Descentralizada, Atilio Gari; la subsecretaria de la Agencia de Gesti\u00f3n Urbana, Carla Ortwein; el concejal Pablo Repetto; la delegada municipal de Burzaco, Andrea Capasso; y la coordinadora de Mesa de Di\u00e1logo Municipal y Culto, D\u00e9bora Acu\u00f1a.<\/div>\n","protected":false},"excerpt":{"rendered":"<p>La actividad, que se llev\u00f3 a cabo en la mega obra situada en la intersecci\u00f3n de Hip\u00f3lito Yrigoyen y Ruta<\/p>\n","protected":false},"author":1,"featured_media":126368,"comment_status":"closed","ping_status":"closed","sticky":false,"template":"","format":"standard","meta":{"kia_subtitle":"En un acto cargado de gran emoci\u00f3n, el obispo de la Di\u00f3cesis de Lomas de Zamora, monse\u00f1or Jorge Lugones, entroniz\u00f3 la imagen de la Virgen de Luj\u00e1n en el hist\u00f3rico Viaducto Papa Francisco, ubicado en la localidad de Burzaco.","footnotes":"","jetpack_publicize_message":"","jetpack_publicize_feature_enabled":true,"jetpack_social_post_already_shared":true,"jetpack_social_options":{"image_generator_settings":{"template":"highway","default_image_id":0,"font":"","enabled":false},"version":2}},"categories":[2,33,43],"tags":[],"class_list":["post-126367","post","type-post","status-publish","format-standard","has-post-thumbnail","hentry","category-alte-brown","category-alte-brown-alte-brown","category-burzaco"],"jetpack_publicize_connections":[],"jetpack_featured_media_url":"https:\/\/laurbedigital.com.ar\/noticias\/wp-content\/uploads\/2026\/04\/20260427-lujan.png","_links":{"self":[{"href":"https:\/\/laurbedigital.com.ar\/noticias\/wp-json\/wp\/v2\/posts\/126367","targetHints":{"allow":["GET"]}}],"collection":[{"href":"https:\/\/laurbedigital.com.ar\/noticias\/wp-json\/wp\/v2\/posts"}],"about":[{"href":"https:\/\/laurbedigital.com.ar\/noticias\/wp-json\/wp\/v2\/types\/post"}],"author":[{"embeddable":true,"href":"https:\/\/laurbedigital.com.ar\/noticias\/wp-json\/wp\/v2\/users\/1"}],"replies":[{"embeddable":true,"href":"https:\/\/laurbedigital.com.ar\/noticias\/wp-json\/wp\/v2\/comments?post=126367"}],"version-history":[{"count":2,"href":"https:\/\/laurbedigital.com.ar\/noticias\/wp-json\/wp\/v2\/posts\/126367\/revisions"}],"predecessor-version":[{"id":126371,"href":"https:\/\/laurbedigital.com.ar\/noticias\/wp-json\/wp\/v2\/posts\/126367\/revisions\/126371"}],"wp:featuredmedia":[{"embeddable":true,"href":"https:\/\/laurbedigital.com.ar\/noticias\/wp-json\/wp\/v2\/media\/126368"}],"wp:attachment":[{"href":"https:\/\/laurbedigital.com.ar\/noticias\/wp-json\/wp\/v2\/media?parent=126367"}],"wp:term":[{"taxonomy":"category","embeddable":true,"href":"https:\/\/laurbedigital.com.ar\/noticias\/wp-json\/wp\/v2\/categories?post=126367"},{"taxonomy":"post_tag","embeddable":true,"href":"https:\/\/laurbedigital.com.ar\/noticias\/wp-json\/wp\/v2\/tags?post=126367"}],"curies":[{"name":"wp","href":"https:\/\/api.w.org\/{rel}","templated":true}]}}