{"id":126364,"date":"2026-04-28T00:39:04","date_gmt":"2026-04-28T03:39:04","guid":{"rendered":"https:\/\/laurbedigital.com.ar\/noticias\/?p=126364"},"modified":"2026-04-28T00:39:04","modified_gmt":"2026-04-28T03:39:04","slug":"dia-mundial-de-la-seguridad-y-salud-en-el-trabajo","status":"publish","type":"post","link":"https:\/\/laurbedigital.com.ar\/noticias\/2026\/04\/28\/dia-mundial-de-la-seguridad-y-salud-en-el-trabajo\/","title":{"rendered":"28 de abril: D\u00eda Mundial de la Seguridad y Salud en el Trabajo"},"content":{"rendered":"<p data-sourcepos=\"7:1-7:329\">Cada 28 de abril, se conmemora el D\u00eda Mundial de la Seguridad y Salud en el Trabajo, una fecha instaurada por la Organizaci\u00f3n Internacional del Trabajo (OIT) en 2003 para recordar a las v\u00edctimas de accidentes laborales y enfermedades profesionales, y promover la creaci\u00f3n de una cultura preventiva en todos los \u00e1mbitos laborales.<\/p>\n<h3 data-sourcepos=\"9:1-9:22\"><strong>Un problema global<\/strong><\/h3>\n<p data-sourcepos=\"11:1-11:265\">Los accidentes de trabajo y las enfermedades profesionales son un problema de salud p\u00fablica que afecta a millones de personas en todo el mundo. Seg\u00fan la OIT, cada a\u00f1o se producen m\u00e1s de 330 millones de accidentes laborales, de los cuales 2,3 millones son mortales.<\/p>\n<h3 data-sourcepos=\"13:1-13:33\"><strong>La responsabilidad compartida<\/strong><\/h3>\n<p data-sourcepos=\"15:1-15:482\">La responsabilidad de garantizar la seguridad y salud en el trabajo recae en todos los actores: gobiernos, empleadores, trabajadores y sindicatos. Los gobiernos deben establecer leyes y normas que protejan a los trabajadores, mientras que los empleadores deben implementar medidas preventivas y proporcionar capacitaci\u00f3n a sus empleados. Los trabajadores tambi\u00e9n tienen la responsabilidad de cuidar su propia salud y seguridad, y de informar sobre cualquier riesgo que identifiquen.<\/p>\n<h3 data-sourcepos=\"17:1-17:24\"><strong>Un futuro m\u00e1s seguro<\/strong><\/h3>\n<p data-sourcepos=\"19:1-19:251\">Es posible crear un futuro en el que el trabajo sea seguro y saludable para todos. Para ello, es necesario que todos los actores involucrados se comprometan con la prevenci\u00f3n y trabajen juntos para crear una cultura de seguridad y salud en el trabajo.<\/p>\n<h3 data-sourcepos=\"21:1-21:23\"><strong>\u00bfQu\u00e9 podemos hacer?<\/strong><\/h3>\n<p data-sourcepos=\"23:1-23:120\">Todos podemos contribuir a la prevenci\u00f3n de accidentes y enfermedades laborales. Algunas acciones que podemos tomar son:<\/p>\n<ul data-sourcepos=\"25:1-30:0\">\n<li data-sourcepos=\"25:1-25:75\"><strong>Informarnos sobre los riesgos laborales en nuestro puesto de trabajo.<\/strong><\/li>\n<li data-sourcepos=\"26:1-26:73\"><strong>Seguir las normas de seguridad y salud establecidas por la empresa.<\/strong><\/li>\n<li data-sourcepos=\"27:1-27:60\"><strong>Utilizar los equipos de protecci\u00f3n personal adecuados.<\/strong><\/li>\n<li data-sourcepos=\"28:1-28:65\"><strong>Denunciar cualquier situaci\u00f3n de riesgo que identifiquemos.<\/strong><\/li>\n<li data-sourcepos=\"29:1-30:0\"><strong>Exigir a nuestros empleadores que cumplan con las normas de seguridad y salud.<\/strong><\/li>\n<\/ul>\n","protected":false},"excerpt":{"rendered":"<p>Cada 28 de abril, se conmemora el D\u00eda Mundial de la Seguridad y Salud en el Trabajo, una fecha instaurada<\/p>\n","protected":false},"author":1,"featured_media":104437,"comment_status":"closed","ping_status":"closed","sticky":false,"template":"","format":"standard","meta":{"kia_subtitle":"Un llamado a la acci\u00f3n para prevenir accidentes y enfermedades laborales","footnotes":"","jetpack_publicize_message":"","jetpack_publicize_feature_enabled":true,"jetpack_social_post_already_shared":true,"jetpack_social_options":{"image_generator_settings":{"template":"highway","default_image_id":0,"font":"","enabled":false},"version":2}},"categories":[5,2594],"tags":[],"class_list":["post-126364","post","type-post","status-publish","format-standard","has-post-thumbnail","hentry","category-cultura","category-efemerides"],"jetpack_publicize_connections":[],"jetpack_featured_media_url":"https:\/\/laurbedigital.com.ar\/noticias\/wp-content\/uploads\/2024\/04\/20240428-Seguridad-Trabajo.jpg","_links":{"self":[{"href":"https:\/\/laurbedigital.com.ar\/noticias\/wp-json\/wp\/v2\/posts\/126364","targetHints":{"allow":["GET"]}}],"collection":[{"href":"https:\/\/laurbedigital.com.ar\/noticias\/wp-json\/wp\/v2\/posts"}],"about":[{"href":"https:\/\/laurbedigital.com.ar\/noticias\/wp-json\/wp\/v2\/types\/post"}],"author":[{"embeddable":true,"href":"https:\/\/laurbedigital.com.ar\/noticias\/wp-json\/wp\/v2\/users\/1"}],"replies":[{"embeddable":true,"href":"https:\/\/laurbedigital.com.ar\/noticias\/wp-json\/wp\/v2\/comments?post=126364"}],"version-history":[{"count":2,"href":"https:\/\/laurbedigital.com.ar\/noticias\/wp-json\/wp\/v2\/posts\/126364\/revisions"}],"predecessor-version":[{"id":126366,"href":"https:\/\/laurbedigital.com.ar\/noticias\/wp-json\/wp\/v2\/posts\/126364\/revisions\/126366"}],"wp:featuredmedia":[{"embeddable":true,"href":"https:\/\/laurbedigital.com.ar\/noticias\/wp-json\/wp\/v2\/media\/104437"}],"wp:attachment":[{"href":"https:\/\/laurbedigital.com.ar\/noticias\/wp-json\/wp\/v2\/media?parent=126364"}],"wp:term":[{"taxonomy":"category","embeddable":true,"href":"https:\/\/laurbedigital.com.ar\/noticias\/wp-json\/wp\/v2\/categories?post=126364"},{"taxonomy":"post_tag","embeddable":true,"href":"https:\/\/laurbedigital.com.ar\/noticias\/wp-json\/wp\/v2\/tags?post=126364"}],"curies":[{"name":"wp","href":"https:\/\/api.w.org\/{rel}","templated":true}]}}