{"id":126362,"date":"2026-04-28T00:36:42","date_gmt":"2026-04-28T03:36:42","guid":{"rendered":"https:\/\/laurbedigital.com.ar\/noticias\/?p=126362"},"modified":"2026-04-28T00:36:42","modified_gmt":"2026-04-28T03:36:42","slug":"electrolux-deja-de-fabricar-heladeras-en-argentina-y-comienza-a-importar","status":"publish","type":"post","link":"https:\/\/laurbedigital.com.ar\/noticias\/2026\/04\/28\/electrolux-deja-de-fabricar-heladeras-en-argentina-y-comienza-a-importar\/","title":{"rendered":"Electrolux deja de fabricar heladeras en Argentina y comienza a importar"},"content":{"rendered":"<p data-path-to-node=\"3\">El mapa industrial argentino contin\u00faa sufriendo transformaciones profundas ante la ca\u00edda del consumo y el cambio en las reglas de comercio exterior. El gigante sueco de electrodom\u00e9sticos, Electrolux Group, anunci\u00f3 que dejar\u00e1 de producir heladeras en su planta de Rosario, Santa Fe. La medida implica que la emblem\u00e1tica marca Gafa pasar\u00e1 a ser abastecida mediante importaciones, profundizando un proceso de desindustrializaci\u00f3n que la firma ya hab\u00eda iniciado a principios de a\u00f1o con el cese de fabricaci\u00f3n de cocinas.<\/p>\n<h3 data-path-to-node=\"4\">Un cambio de modelo operativo en Santa Fe<\/h3>\n<p data-path-to-node=\"5\">La planta ubicada en la zona sur de Rosario, operada localmente bajo la raz\u00f3n social FriMetal, mantendr\u00e1 sus puertas abiertas pero con una estructura significativamente reducida. Seg\u00fan informaron desde la compa\u00f1\u00eda, la estrategia a largo plazo consiste en redefinir el esquema de abastecimiento para ganar competitividad. A partir de ahora, la unidad productiva rosarina se limitar\u00e1 exclusivamente a la fabricaci\u00f3n de lavarropas y freezers, eliminando por completo la l\u00ednea de \u00abfr\u00edo c\u00edclico\u00bb.<\/p>\n<p data-path-to-node=\"6\">\u00abEl portafolio de heladeras ser\u00e1 abastecido a trav\u00e9s de la red global de manufactura de la compa\u00f1\u00eda\u00bb, detall\u00f3 Electrolux en un comunicado oficial. Esta decisi\u00f3n se traduce en que los productos que antes se ensamblaban con mano de obra local ahora llegar\u00e1n terminados desde otros centros productivos de la firma en el exterior, buscando optimizar costos frente a un mercado interno que no logra repuntar.<\/p>\n<h4 data-path-to-node=\"7\">El impacto social: despidos y suspensiones<\/h4>\n<p data-path-to-node=\"8\">La reconversi\u00f3n productiva tiene un costo humano inmediato. Se estima que la eliminaci\u00f3n de la l\u00ednea de heladeras afectar\u00e1 a cerca de 100 trabajadores. Este recorte se suma a un historial reciente de inestabilidad: en octubre de 2025, la empresa ya hab\u00eda aplicado suspensiones rotativas sobre 400 empleados tras un acuerdo con la Uni\u00f3n Obrera Metal\u00fargica (UOM) debido al sobrestock y la nula demanda.<\/p>\n<table data-path-to-node=\"9\">\n<thead>\n<tr>\n<td><strong>Categor\u00eda de Producto<\/strong><\/td>\n<td><strong>Estado de Producci\u00f3n en Rosario<\/strong><\/td>\n<\/tr>\n<\/thead>\n<tbody>\n<tr>\n<td><span data-path-to-node=\"9,1,0,0\"><b data-path-to-node=\"9,1,0,0\" data-index-in-node=\"0\">Heladeras (Gafa)<\/b><\/span><\/td>\n<td><span data-path-to-node=\"9,1,1,0\"><b data-path-to-node=\"9,1,1,0\" data-index-in-node=\"0\">Cese total de producci\u00f3n<\/b> (se importar\u00e1n).<\/span><\/td>\n<\/tr>\n<tr>\n<td><span data-path-to-node=\"9,2,0,0\"><b data-path-to-node=\"9,2,0,0\" data-index-in-node=\"0\">Cocinas<\/b><\/span><\/td>\n<td><span data-path-to-node=\"9,2,1,0\">Interrumpida desde enero de 2026.<\/span><\/td>\n<\/tr>\n<tr>\n<td><span data-path-to-node=\"9,3,0,0\"><b data-path-to-node=\"9,3,0,0\" data-index-in-node=\"0\">Lavarropas<\/b><\/span><\/td>\n<td><span data-path-to-node=\"9,3,1,0\">Contin\u00faa la fabricaci\u00f3n local.<\/span><\/td>\n<\/tr>\n<tr>\n<td><span data-path-to-node=\"9,4,0,0\"><b data-path-to-node=\"9,4,0,0\" data-index-in-node=\"0\">Freezers<\/b><\/span><\/td>\n<td><span data-path-to-node=\"9,4,1,0\">Contin\u00faa la fabricaci\u00f3n local.<\/span><\/td>\n<\/tr>\n<\/tbody>\n<\/table>\n<h3 data-path-to-node=\"11\">Los factores del \u00e9xodo productivo<\/h3>\n<p data-path-to-node=\"12\">La decisi\u00f3n de Electrolux no es un hecho aislado, sino la respuesta a una combinaci\u00f3n de variables macroecon\u00f3micas que asfixian a la industria nacional. Entre los factores principales se destacan:<\/p>\n<ol start=\"1\" data-path-to-node=\"13\">\n<li>\n<p data-path-to-node=\"13,0,0\"><b data-path-to-node=\"13,0,0\" data-index-in-node=\"0\">Derrumbe del consumo:<\/b> La capacidad de compra de los hogares ha ca\u00eddo a niveles cr\u00edticos, especialmente en bienes durables.<\/p>\n<\/li>\n<li>\n<p data-path-to-node=\"13,1,0\"><b data-path-to-node=\"13,1,0\" data-index-in-node=\"0\">Apertura de importaciones:<\/b> El ingreso creciente de productos terminados dificulta la competencia de las f\u00e1bricas locales, que operan con costos impositivos y log\u00edsticos m\u00e1s elevados.<\/p>\n<\/li>\n<li>\n<p data-path-to-node=\"13,2,0\"><b data-path-to-node=\"13,2,0\" data-index-in-node=\"0\">Acumulaci\u00f3n de stock:<\/b> Ante la falta de ventas, las empresas se ven obligadas a frenar m\u00e1quinas para no seguir acumulando mercader\u00eda que no tiene salida en el mostrador.<\/p>\n<\/li>\n<\/ol>\n<h3 data-path-to-node=\"14\">Conclusi\u00f3n: \u00bfhacia una econom\u00eda de servicios e importaci\u00f3n?<\/h3>\n<p data-path-to-node=\"15\">El caso de Electrolux refleja la crisis de competitividad que atraviesa el sector metalmec\u00e1nico en Argentina. Mientras la empresa asegura que este movimiento busca asegurar la \u00abcontinuidad de su propuesta en el mercado\u00bb, lo cierto es que la etiqueta \u00abIndustria Argentina\u00bb pierde un nuevo e importante exponente. La planta de Rosario, que supo ser un polo vibrante de actividad, se encamina a ser un centro de ensamblaje menor y log\u00edstica, supeditado a las decisiones de una red global que hoy encuentra m\u00e1s eficiente importar que producir en el pa\u00eds.<\/p>\n","protected":false},"excerpt":{"rendered":"<p>El mapa industrial argentino contin\u00faa sufriendo transformaciones profundas ante la ca\u00edda del consumo y el cambio en las reglas de<\/p>\n","protected":false},"author":1,"featured_media":126349,"comment_status":"closed","ping_status":"closed","sticky":false,"template":"","format":"standard","meta":{"kia_subtitle":"La multinacional sueca desmantela su l\u00ednea de producci\u00f3n de heladeras en Rosario para abastecerse de su red global. La decisi\u00f3n pone en riesgo cerca de 100 puestos de trabajo.","footnotes":"","jetpack_publicize_message":"","jetpack_publicize_feature_enabled":true,"jetpack_social_post_already_shared":true,"jetpack_social_options":{"image_generator_settings":{"template":"highway","default_image_id":0,"font":"","enabled":false},"version":2}},"categories":[3,41],"tags":[],"class_list":["post-126362","post","type-post","status-publish","format-standard","has-post-thumbnail","hentry","category-actualidad","category-nacionales"],"jetpack_publicize_connections":[],"jetpack_featured_media_url":"https:\/\/laurbedigital.com.ar\/noticias\/wp-content\/uploads\/2026\/04\/20260427-electrolux.png","_links":{"self":[{"href":"https:\/\/laurbedigital.com.ar\/noticias\/wp-json\/wp\/v2\/posts\/126362","targetHints":{"allow":["GET"]}}],"collection":[{"href":"https:\/\/laurbedigital.com.ar\/noticias\/wp-json\/wp\/v2\/posts"}],"about":[{"href":"https:\/\/laurbedigital.com.ar\/noticias\/wp-json\/wp\/v2\/types\/post"}],"author":[{"embeddable":true,"href":"https:\/\/laurbedigital.com.ar\/noticias\/wp-json\/wp\/v2\/users\/1"}],"replies":[{"embeddable":true,"href":"https:\/\/laurbedigital.com.ar\/noticias\/wp-json\/wp\/v2\/comments?post=126362"}],"version-history":[{"count":1,"href":"https:\/\/laurbedigital.com.ar\/noticias\/wp-json\/wp\/v2\/posts\/126362\/revisions"}],"predecessor-version":[{"id":126363,"href":"https:\/\/laurbedigital.com.ar\/noticias\/wp-json\/wp\/v2\/posts\/126362\/revisions\/126363"}],"wp:featuredmedia":[{"embeddable":true,"href":"https:\/\/laurbedigital.com.ar\/noticias\/wp-json\/wp\/v2\/media\/126349"}],"wp:attachment":[{"href":"https:\/\/laurbedigital.com.ar\/noticias\/wp-json\/wp\/v2\/media?parent=126362"}],"wp:term":[{"taxonomy":"category","embeddable":true,"href":"https:\/\/laurbedigital.com.ar\/noticias\/wp-json\/wp\/v2\/categories?post=126362"},{"taxonomy":"post_tag","embeddable":true,"href":"https:\/\/laurbedigital.com.ar\/noticias\/wp-json\/wp\/v2\/tags?post=126362"}],"curies":[{"name":"wp","href":"https:\/\/api.w.org\/{rel}","templated":true}]}}