{"id":126358,"date":"2026-04-28T00:31:53","date_gmt":"2026-04-28T03:31:53","guid":{"rendered":"https:\/\/laurbedigital.com.ar\/noticias\/?p=126358"},"modified":"2026-04-28T00:32:21","modified_gmt":"2026-04-28T03:32:21","slug":"condena-a-felipe-pettinato-los-fundamentos-tras-la-pena-de-tres-anos-en-suspenso","status":"publish","type":"post","link":"https:\/\/laurbedigital.com.ar\/noticias\/2026\/04\/28\/condena-a-felipe-pettinato-los-fundamentos-tras-la-pena-de-tres-anos-en-suspenso\/","title":{"rendered":"Condena a Felipe Pettinato: los fundamentos tras la pena de tres a\u00f1os en suspenso"},"content":{"rendered":"<p data-path-to-node=\"3\">La justicia porte\u00f1a dict\u00f3 sentencia en uno de los casos m\u00e1s medi\u00e1ticos de los \u00faltimos a\u00f1os. El Tribunal Oral en lo Criminal N\u00b014 conden\u00f3 a <b data-path-to-node=\"3\" data-index-in-node=\"139\">Felipe Pettinato<\/b> a tres a\u00f1os de prisi\u00f3n de ejecuci\u00f3n en suspenso por el incendio ocurrido en mayo de 2022 en su departamento del barrio de Belgrano, donde perdi\u00f3 la vida el neur\u00f3logo Melchor Rodrigo. Pese a la acusaci\u00f3n inicial de la querella, los magistrados descartaron el dolo y encuadraron el hecho como una conducta negligente vinculada a un consumo problem\u00e1tico de sustancias.<\/p>\n<h3 data-path-to-node=\"4\">Los motivos de una condena sin prisi\u00f3n efectiva<\/h3>\n<p data-path-to-node=\"5\">Los jueces Enrique Gamboa, Gustavo Valle y Gabriel Vega detallaron en los fundamentos del fallo que no se pudo comprobar una intenci\u00f3n de matar. Por el contrario, definieron el accionar del imitador como una \u00ab<b data-path-to-node=\"5\" data-index-in-node=\"209\">imprudencia grave<\/b>\u00ab. Seg\u00fan el tribunal, el siniestro se origin\u00f3 por un descuido al intentar encender un cigarrillo en un contexto de manipulaci\u00f3n de sustancias inflamables.<\/p>\n<p data-path-to-node=\"6\">Un punto clave que inclin\u00f3 la balanza hacia una pena menor fue la actitud de Pettinato tras el inicio del fuego. Testigos presenciales, entre ellos bomberos y m\u00e9dicos, declararon que el joven intent\u00f3, aunque de manera deficiente, auxiliar a su amigo. El fallo destaca que Pettinato \u00abno actu\u00f3 con desaprensi\u00f3n ni desinter\u00e9s\u00bb, e incluso citan su propia confesi\u00f3n espont\u00e1nea en el lugar de los hechos, donde admiti\u00f3 haberse \u00abmandado una cagada\u00bb.<\/p>\n<h4 data-path-to-node=\"7\">Atenuantes: adicciones y contexto compartido<\/h4>\n<p data-path-to-node=\"8\">La sentencia hace especial hincapi\u00e9 en el entorno de vulnerabilidad qu\u00edmica en el que se encontraban tanto el victimario como la v\u00edctima. Los magistrados se\u00f1alaron:<\/p>\n<ul data-path-to-node=\"9\">\n<li>\n<p data-path-to-node=\"9,0,0\"><b data-path-to-node=\"9,0,0\" data-index-in-node=\"0\">Consumo problem\u00e1tico:<\/b> La severa adicci\u00f3n de Pettinato fue considerada un atenuante para amortiguar la escala penal.<\/p>\n<\/li>\n<li>\n<p data-path-to-node=\"9,1,0\"><b data-path-to-node=\"9,1,0\" data-index-in-node=\"0\">Contexto de la reuni\u00f3n:<\/b> La defensa logr\u00f3 acreditar que ambos se hab\u00edan reunido para consumir un medicamento estimulante denominado Rubifen, lo que brind\u00f3 el marco de la tragedia.<\/p>\n<\/li>\n<li>\n<p data-path-to-node=\"9,2,0\"><b data-path-to-node=\"9,2,0\" data-index-in-node=\"0\">Situaci\u00f3n de la v\u00edctima:<\/b> El tribunal tambi\u00e9n mencion\u00f3 la adicci\u00f3n de Rodrigo como parte del escenario que propici\u00f3 el desenlace fatal.<\/p>\n<\/li>\n<\/ul>\n<h3 data-path-to-node=\"11\">La aritm\u00e9tica judicial: la unificaci\u00f3n de penas<\/h3>\n<p data-path-to-node=\"12\">Una de las mayores dudas del p\u00fablico fue la cifra exacta de la condena. Los jueces explicaron que recurrieron a una unificaci\u00f3n con una causa previa. Pettinato ya contaba con una condena de 9 meses de prisi\u00f3n en suspenso por abuso sexual simple, dictada por un juzgado de San Isidro.<\/p>\n<p data-path-to-node=\"13\">Al sumar los dos a\u00f1os propuestos por el incendio m\u00e1s los meses de la causa anterior, la cuenta result\u00f3 en los tres a\u00f1os de <b data-path-to-node=\"13\" data-index-in-node=\"123\">prisi\u00f3n en suspenso<\/b> definitivos. Al ser una pena que no supera dicho margen, el condenado no ir\u00e1 a la c\u00e1rcel, pero deber\u00e1 cumplir estrictas reglas de conducta, incluyendo un tratamiento de rehabilitaci\u00f3n contra las drogas y el seguimiento de la Direcci\u00f3n de Control y Asistencia de Ejecuci\u00f3n Penal.<\/p>\n<table data-path-to-node=\"14\">\n<thead>\n<tr>\n<td><strong>Obligaciones de la Condena<\/strong><\/td>\n<td><strong>Detalle T\u00e9cnico<\/strong><\/td>\n<\/tr>\n<\/thead>\n<tbody>\n<tr>\n<td><span data-path-to-node=\"14,1,0,0\"><b data-path-to-node=\"14,1,0,0\" data-index-in-node=\"0\">Tratamiento M\u00e9dico<\/b><\/span><\/td>\n<td><span data-path-to-node=\"14,1,1,0\">Obligatoriedad de desintoxicaci\u00f3n y rehabilitaci\u00f3n.<\/span><\/td>\n<\/tr>\n<tr>\n<td><span data-path-to-node=\"14,2,0,0\"><b data-path-to-node=\"14,2,0,0\" data-index-in-node=\"0\">Registro de ADN<\/b><\/span><\/td>\n<td><span data-path-to-node=\"14,2,1,0\">Incorporaci\u00f3n al Registro Nacional de Datos Gen\u00e9ticos por el delito previo.<\/span><\/td>\n<\/tr>\n<tr>\n<td><span data-path-to-node=\"14,3,0,0\"><b data-path-to-node=\"14,3,0,0\" data-index-in-node=\"0\">Control Judicial<\/b><\/span><\/td>\n<td><span data-path-to-node=\"14,3,1,0\">Supervisi\u00f3n permanente por parte del Patronato de Liberados.<\/span><\/td>\n<\/tr>\n<\/tbody>\n<\/table>\n<h3 data-path-to-node=\"15\">La reacci\u00f3n de la familia y el entorno<\/h3>\n<p data-path-to-node=\"16\">La familia de Melchor Rodrigo manifest\u00f3 su indignaci\u00f3n ante lo que consideran una pena insuficiente y confirmaron que apelar\u00e1n la decisi\u00f3n ante instancias superiores. Por su parte, Tamara Pettinato defendi\u00f3 p\u00fablicamente a su hermano a trav\u00e9s de sus redes sociales, asegurando que la condena \u00abno fue justa\u00bb y que el proceso judicial no logr\u00f3 probar fehacientemente la mec\u00e1nica del hecho, insistiendo en que la acusaci\u00f3n siempre estuvo \u00abalejada de la realidad\u00bb.<\/p>\n<p data-path-to-node=\"17\">En conclusi\u00f3n, la justicia opt\u00f3 por un camino intermedio: reconoce la responsabilidad de Pettinato en la muerte del m\u00e9dico, pero entiende que su capacidad de autodeterminaci\u00f3n estaba alterada por el consumo de estupefacientes, transformando un posible homicidio en un accidente evitable derivado de una negligencia extrema.<\/p>\n","protected":false},"excerpt":{"rendered":"<p>La justicia porte\u00f1a dict\u00f3 sentencia en uno de los casos m\u00e1s medi\u00e1ticos de los \u00faltimos a\u00f1os. El Tribunal Oral en<\/p>\n","protected":false},"author":1,"featured_media":126352,"comment_status":"closed","ping_status":"closed","sticky":false,"template":"","format":"standard","meta":{"kia_subtitle":"El Tribunal N\u00b014 determin\u00f3 que la muerte del neur\u00f3logo Melchor Rodrigo fue producto de una \"imprudencia grave\" y no de un acto intencional, valorando las adicciones como atenuantes.","footnotes":"","jetpack_publicize_message":"","jetpack_publicize_feature_enabled":true,"jetpack_social_post_already_shared":true,"jetpack_social_options":{"image_generator_settings":{"template":"highway","default_image_id":0,"font":"","enabled":false},"version":2}},"categories":[8],"tags":[],"class_list":["post-126358","post","type-post","status-publish","format-standard","has-post-thumbnail","hentry","category-policiales"],"jetpack_publicize_connections":[],"jetpack_featured_media_url":"https:\/\/laurbedigital.com.ar\/noticias\/wp-content\/uploads\/2026\/04\/20260427-pettinato.png","_links":{"self":[{"href":"https:\/\/laurbedigital.com.ar\/noticias\/wp-json\/wp\/v2\/posts\/126358","targetHints":{"allow":["GET"]}}],"collection":[{"href":"https:\/\/laurbedigital.com.ar\/noticias\/wp-json\/wp\/v2\/posts"}],"about":[{"href":"https:\/\/laurbedigital.com.ar\/noticias\/wp-json\/wp\/v2\/types\/post"}],"author":[{"embeddable":true,"href":"https:\/\/laurbedigital.com.ar\/noticias\/wp-json\/wp\/v2\/users\/1"}],"replies":[{"embeddable":true,"href":"https:\/\/laurbedigital.com.ar\/noticias\/wp-json\/wp\/v2\/comments?post=126358"}],"version-history":[{"count":3,"href":"https:\/\/laurbedigital.com.ar\/noticias\/wp-json\/wp\/v2\/posts\/126358\/revisions"}],"predecessor-version":[{"id":126361,"href":"https:\/\/laurbedigital.com.ar\/noticias\/wp-json\/wp\/v2\/posts\/126358\/revisions\/126361"}],"wp:featuredmedia":[{"embeddable":true,"href":"https:\/\/laurbedigital.com.ar\/noticias\/wp-json\/wp\/v2\/media\/126352"}],"wp:attachment":[{"href":"https:\/\/laurbedigital.com.ar\/noticias\/wp-json\/wp\/v2\/media?parent=126358"}],"wp:term":[{"taxonomy":"category","embeddable":true,"href":"https:\/\/laurbedigital.com.ar\/noticias\/wp-json\/wp\/v2\/categories?post=126358"},{"taxonomy":"post_tag","embeddable":true,"href":"https:\/\/laurbedigital.com.ar\/noticias\/wp-json\/wp\/v2\/tags?post=126358"}],"curies":[{"name":"wp","href":"https:\/\/api.w.org\/{rel}","templated":true}]}}