{"id":126354,"date":"2026-04-28T00:30:23","date_gmt":"2026-04-28T03:30:23","guid":{"rendered":"https:\/\/laurbedigital.com.ar\/noticias\/?p=126354"},"modified":"2026-04-28T00:30:23","modified_gmt":"2026-04-28T03:30:23","slug":"el-consumo-masivo-se-desplomo-51-en-marzo-y-registra-su-peor-caida-en-15-meses","status":"publish","type":"post","link":"https:\/\/laurbedigital.com.ar\/noticias\/2026\/04\/28\/el-consumo-masivo-se-desplomo-51-en-marzo-y-registra-su-peor-caida-en-15-meses\/","title":{"rendered":"El consumo masivo se desplom\u00f3 5,1% en marzo y registra su peor ca\u00edda en 15 meses"},"content":{"rendered":"<p data-path-to-node=\"3\">El escenario econ\u00f3mico dom\u00e9stico sum\u00f3 un nuevo indicador de alerta. El <b data-path-to-node=\"3\" data-index-in-node=\"71\">consumo masivo se desplom\u00f3<\/b> un 5,1% durante marzo en comparaci\u00f3n con el mismo mes del a\u00f1o anterior, marcando el registro m\u00e1s bajo de los \u00faltimos 15 meses. Seg\u00fan el informe de la consultora Scentia, la contracci\u00f3n no solo es profunda, sino que ya encadena un trimestre completo en terreno negativo, reflejando una crisis que golpea con especial dureza a los rubros b\u00e1sicos como alimentos y limpieza.<\/p>\n<h3 data-path-to-node=\"4\">Radiograf\u00eda de un derrumbe generalizado<\/h3>\n<p data-path-to-node=\"5\">La baja en las ventas no discrimin\u00f3 canales de comercializaci\u00f3n. Las grandes cadenas de supermercados lideraron la ca\u00edda con un retroceso del 7% interanual, mientras que los comercios de cercan\u00eda y autoservicios registraron una baja del 5,1%. Incluso los kioscos, term\u00f3metro del consumo cotidiano, mostraron una retracci\u00f3n del 4,5%.<\/p>\n<p data-path-to-node=\"6\">En lo que va de 2026, el consumo masivo acumula una contracci\u00f3n del 3,1%. Este dato confirma una tendencia que los hogares perciben a diario: la imposibilidad de sostener el nivel de compras frente a precios que avanzan a un ritmo superior a los ingresos. Las \u00fanicas excepciones a la regla fueron el comercio electr\u00f3nico, que creci\u00f3 un 34,3% (impulsado por promociones y cuotas), y el sector farmac\u00e9utico, con un marginal 0,9%.<\/p>\n<h4 data-path-to-node=\"7\">Los rubros m\u00e1s castigados por el ajuste<\/h4>\n<p data-path-to-node=\"8\">El informe detalla que las categor\u00edas esenciales fueron las que sufrieron los retrocesos m\u00e1s marcados, obligando a las familias a postergar incluso la higiene personal y del hogar.<\/p>\n<table data-path-to-node=\"9\">\n<thead>\n<tr>\n<td><strong>Categor\u00eda<\/strong><\/td>\n<td><strong>Variaci\u00f3n Interanual (Marzo)<\/strong><\/td>\n<\/tr>\n<\/thead>\n<tbody>\n<tr>\n<td><span data-path-to-node=\"9,1,0,0\"><b data-path-to-node=\"9,1,0,0\" data-index-in-node=\"0\">Limpieza de ropa y hogar<\/b><\/span><\/td>\n<td><span data-path-to-node=\"9,1,1,0\">-12,0%<\/span><\/td>\n<\/tr>\n<tr>\n<td><span data-path-to-node=\"9,2,0,0\"><b data-path-to-node=\"9,2,0,0\" data-index-in-node=\"0\">Perecederos<\/b><\/span><\/td>\n<td><span data-path-to-node=\"9,2,1,0\">-9,7%<\/span><\/td>\n<\/tr>\n<tr>\n<td><span data-path-to-node=\"9,3,0,0\"><b data-path-to-node=\"9,3,0,0\" data-index-in-node=\"0\">Desayuno y merienda<\/b><\/span><\/td>\n<td><span data-path-to-node=\"9,3,1,0\">-8,2%<\/span><\/td>\n<\/tr>\n<tr>\n<td><span data-path-to-node=\"9,4,0,0\"><b data-path-to-node=\"9,4,0,0\" data-index-in-node=\"0\">Higiene y cosm\u00e9tica<\/b><\/span><\/td>\n<td><span data-path-to-node=\"9,4,1,0\">-5,0%<\/span><\/td>\n<\/tr>\n<tr>\n<td><span data-path-to-node=\"9,5,0,0\"><b data-path-to-node=\"9,5,0,0\" data-index-in-node=\"0\">Alimentaci\u00f3n<\/b><\/span><\/td>\n<td><span data-path-to-node=\"9,5,1,0\">-4,1%<\/span><\/td>\n<\/tr>\n<tr>\n<td><span data-path-to-node=\"9,6,0,0\"><b data-path-to-node=\"9,6,0,0\" data-index-in-node=\"0\">Bebidas con alcohol<\/b><\/span><\/td>\n<td><span data-path-to-node=\"9,6,1,0\">+2,6%<\/span><\/td>\n<\/tr>\n<\/tbody>\n<\/table>\n<h3 data-path-to-node=\"11\">Salarios en jaque: el motor de la crisis<\/h3>\n<p data-path-to-node=\"12\">Detr\u00e1s del <b data-path-to-node=\"12\" data-index-in-node=\"11\">consumo masivo se desplom\u00f3<\/b> una realidad insoslayable: el deterioro del poder adquisitivo. Durante el primer trimestre de 2026, los salarios de los trabajadores privados registrados acumularon tres meses consecutivos de ca\u00edda en t\u00e9rminos reales. En marzo, los incrementos paritarios rondaron el 2,3%, quedando nuevamente por debajo del 3,4% que arroj\u00f3 el \u00cdndice de Precios al Consumidor (IPC).<\/p>\n<p data-path-to-node=\"13\">La brecha entre inflaci\u00f3n y salarios se ha vuelto estructural. Mientras que en los primeros dos meses del a\u00f1o las subas pactadas fueron de apenas 1,7% y 0,8%, la inflaci\u00f3n acumulada en ese per\u00edodo alcanz\u00f3 el 2,9%. Esta din\u00e1mica ha dejado a los acuerdos salariales desactualizados, consolidando una p\u00e9rdida de capacidad de compra que afecta incluso a los sectores con mejores ingresos.<\/p>\n<h4 data-path-to-node=\"14\">El Salario M\u00ednimo en niveles cr\u00edticos<\/h4>\n<p data-path-to-node=\"15\">La situaci\u00f3n es a\u00fan m\u00e1s dram\u00e1tica para quienes perciben el Salario M\u00ednimo, Vital y M\u00f3vil (SMVM). En marzo, este haber se situ\u00f3 en $352.400, lo que representa una ca\u00edda real cercana al 39% desde finales de 2023. Este desplome sit\u00faa al salario m\u00ednimo argentino entre los m\u00e1s bajos de Am\u00e9rica Latina, superando \u00fanicamente a los de Cuba y Venezuela.<\/p>\n<h3 data-path-to-node=\"16\">Conclusi\u00f3n: un cambio en las prioridades del hogar<\/h3>\n<p data-path-to-node=\"17\">El derrumbe del consumo masivo en marzo evidencia que las familias argentinas ya no solo est\u00e1n recortando consumos superfluos o de esparcimiento, sino que est\u00e1n teniendo dificultades para cubrir la canasta de bienes b\u00e1sicos. Con un salario m\u00ednimo que pierde terreno frente a la regi\u00f3n y paritarias que no logran alcanzar el ritmo de los precios, el panorama para el segundo trimestre del a\u00f1o se presenta complejo, con un consumo que dif\u00edcilmente encuentre un piso mientras los ingresos sigan en retroceso.<\/p>\n","protected":false},"excerpt":{"rendered":"<p>El escenario econ\u00f3mico dom\u00e9stico sum\u00f3 un nuevo indicador de alerta. El consumo masivo se desplom\u00f3 un 5,1% durante marzo en<\/p>\n","protected":false},"author":1,"featured_media":126350,"comment_status":"closed","ping_status":"closed","sticky":false,"template":"","format":"standard","meta":{"kia_subtitle":"El derrumbe fue generalizado en todo el pa\u00eds y afect\u00f3 principalmente a productos esenciales. Los salarios volvieron a perder contra la inflaci\u00f3n, consolidando tres meses de retroceso en el poder adquisitivo.","footnotes":"","jetpack_publicize_message":"","jetpack_publicize_feature_enabled":true,"jetpack_social_post_already_shared":true,"jetpack_social_options":{"image_generator_settings":{"template":"highway","default_image_id":0,"font":"","enabled":false},"version":2}},"categories":[3,41],"tags":[],"class_list":["post-126354","post","type-post","status-publish","format-standard","has-post-thumbnail","hentry","category-actualidad","category-nacionales"],"jetpack_publicize_connections":[],"jetpack_featured_media_url":"https:\/\/laurbedigital.com.ar\/noticias\/wp-content\/uploads\/2026\/04\/20260427-super.png","_links":{"self":[{"href":"https:\/\/laurbedigital.com.ar\/noticias\/wp-json\/wp\/v2\/posts\/126354","targetHints":{"allow":["GET"]}}],"collection":[{"href":"https:\/\/laurbedigital.com.ar\/noticias\/wp-json\/wp\/v2\/posts"}],"about":[{"href":"https:\/\/laurbedigital.com.ar\/noticias\/wp-json\/wp\/v2\/types\/post"}],"author":[{"embeddable":true,"href":"https:\/\/laurbedigital.com.ar\/noticias\/wp-json\/wp\/v2\/users\/1"}],"replies":[{"embeddable":true,"href":"https:\/\/laurbedigital.com.ar\/noticias\/wp-json\/wp\/v2\/comments?post=126354"}],"version-history":[{"count":2,"href":"https:\/\/laurbedigital.com.ar\/noticias\/wp-json\/wp\/v2\/posts\/126354\/revisions"}],"predecessor-version":[{"id":126357,"href":"https:\/\/laurbedigital.com.ar\/noticias\/wp-json\/wp\/v2\/posts\/126354\/revisions\/126357"}],"wp:featuredmedia":[{"embeddable":true,"href":"https:\/\/laurbedigital.com.ar\/noticias\/wp-json\/wp\/v2\/media\/126350"}],"wp:attachment":[{"href":"https:\/\/laurbedigital.com.ar\/noticias\/wp-json\/wp\/v2\/media?parent=126354"}],"wp:term":[{"taxonomy":"category","embeddable":true,"href":"https:\/\/laurbedigital.com.ar\/noticias\/wp-json\/wp\/v2\/categories?post=126354"},{"taxonomy":"post_tag","embeddable":true,"href":"https:\/\/laurbedigital.com.ar\/noticias\/wp-json\/wp\/v2\/tags?post=126354"}],"curies":[{"name":"wp","href":"https:\/\/api.w.org\/{rel}","templated":true}]}}