{"id":126348,"date":"2026-04-28T00:28:18","date_gmt":"2026-04-28T03:28:18","guid":{"rendered":"https:\/\/laurbedigital.com.ar\/noticias\/?p=126348"},"modified":"2026-04-28T00:28:18","modified_gmt":"2026-04-28T03:28:18","slug":"crisis-ferroviaria-trabajadores-advierten-una-inminente-reduccion-de-frecuencias-en-el-amba","status":"publish","type":"post","link":"https:\/\/laurbedigital.com.ar\/noticias\/2026\/04\/28\/crisis-ferroviaria-trabajadores-advierten-una-inminente-reduccion-de-frecuencias-en-el-amba\/","title":{"rendered":"Crisis ferroviaria: trabajadores advierten una inminente reducci\u00f3n de frecuencias en el AMBA"},"content":{"rendered":"<p data-path-to-node=\"3\">La tensi\u00f3n entre el sector ferroviario y el Gobierno nacional alcanz\u00f3 un nuevo pico de alerta. El sindicato de maquinistas La Fraternidad, liderado por Omar Maturano, advirti\u00f3 que a partir de la segunda semana de mayo se implementar\u00e1 una <b data-path-to-node=\"3\" data-index-in-node=\"238\">reducci\u00f3n de frecuencia de los trenes<\/b> en los ramales de pasajeros del \u00c1rea Metropolitana de Buenos Aires (AMBA). Seg\u00fan la organizaci\u00f3n gremial, esta medida es la consecuencia directa de una desinversi\u00f3n sostenida que afecta la operatividad y seguridad de las l\u00edneas Roca, Sarmiento, San Mart\u00edn y Mitre, entre otras.<\/p>\n<h3 data-path-to-node=\"4\">El impacto del ajuste en el transporte p\u00fablico<\/h3>\n<p data-path-to-node=\"5\">La advertencia gremial se\u00f1ala que el recorte podr\u00eda alcanzar hasta 18 servicios diarios por l\u00ednea. Esta situaci\u00f3n no es un hecho aislado, sino que se enmarca en un proceso de degradaci\u00f3n que los trabajadores vienen denunciando con vehemencia. Desde el sector aseguran que, en los \u00faltimos dos a\u00f1os, los servicios ferroviarios ya registraron una ca\u00edda cercana al 33% en promedio debido a la escasez de material rodante y la falta cr\u00edtica de repuestos.<\/p>\n<p data-path-to-node=\"6\">A pesar de la contundencia de la denuncia, fuentes oficiales negaron ante consultas period\u00edsticas que exista una modificaci\u00f3n prevista del cronograma de horarios. Sin embargo, la realidad en las estaciones y talleres cuenta una historia diferente: la falta de personal sin reemplazos y el deterioro visible de la infraestructura ferroviaria est\u00e1n forzando una par\u00e1lisis t\u00e9cnica que el Gobierno, en su b\u00fasqueda por privatizar el sistema, parece no combatir.<\/p>\n<h4 data-path-to-node=\"7\">El deterioro estructural y la emergencia ferroviaria<\/h4>\n<p data-path-to-node=\"8\">La crisis no se limita al conurbano bonaerense. La situaci\u00f3n de los trenes de larga distancia es terminal en varios tramos. Actualmente, se encuentran suspendidos recorridos vitales como Buenos Aires-Mendoza, San Luis, Retiro-Tucum\u00e1n y Retiro-C\u00f3rdoba, adem\u00e1s del servicio a Pehuaj\u00f3 y diversos trenes regionales en el interior del pa\u00eds. Esta desconexi\u00f3n territorial afecta principalmente a los sectores m\u00e1s vulnerables que dependen del ferrocarril como \u00fanico medio de transporte accesible.<\/p>\n<h4 data-path-to-node=\"9\">Cuadro de situaci\u00f3n: Servicios afectados y estado operativo<\/h4>\n<table data-path-to-node=\"10\">\n<thead>\n<tr>\n<td><strong>Servicio \/ L\u00ednea<\/strong><\/td>\n<td><strong>Estado de Alerta \/ Situaci\u00f3n Actual<\/strong><\/td>\n<\/tr>\n<\/thead>\n<tbody>\n<tr>\n<td><span data-path-to-node=\"10,1,0,0\"><b data-path-to-node=\"10,1,0,0\" data-index-in-node=\"0\">L\u00edneas AMBA<\/b> (Roca, Sarmiento, Mitre, San Mart\u00edn)<\/span><\/td>\n<td><span data-path-to-node=\"10,1,1,0\">Reducci\u00f3n prevista de hasta 18 servicios diarios por falta de mantenimiento.<\/span><\/td>\n<\/tr>\n<tr>\n<td><span data-path-to-node=\"10,2,0,0\"><b data-path-to-node=\"10,2,0,0\" data-index-in-node=\"0\">Larga Distancia<\/b> (Tucum\u00e1n, C\u00f3rdoba, Mendoza)<\/span><\/td>\n<td><span data-path-to-node=\"10,2,1,0\">Servicios mayoritariamente suspendidos por falta de inversi\u00f3n estatal.<\/span><\/td>\n<\/tr>\n<tr>\n<td><span data-path-to-node=\"10,3,0,0\"><b data-path-to-node=\"10,3,0,0\" data-index-in-node=\"0\">Trenes de Carga<\/b><\/span><\/td>\n<td><span data-path-to-node=\"10,3,1,0\">Circulaci\u00f3n restringida a 15-20 km\/h; promedio de 3 descarrilamientos diarios.<\/span><\/td>\n<\/tr>\n<tr>\n<td><span data-path-to-node=\"10,4,0,0\"><b data-path-to-node=\"10,4,0,0\" data-index-in-node=\"0\">Infraestructura<\/b><\/span><\/td>\n<td><span data-path-to-node=\"10,4,1,0\">Faltante cr\u00edtico de repuestos, se\u00f1ales obsoletas y v\u00edas en mal estado.<\/span><\/td>\n<\/tr>\n<\/tbody>\n<\/table>\n<h3 data-path-to-node=\"12\">Fondos bajo la lupa: \u00bfqu\u00e9 pas\u00f3 con la emergencia ferroviaria?<\/h3>\n<p data-path-to-node=\"13\">Un punto de fuerte controversia radica en la gesti\u00f3n de los recursos. Mediante el Decreto 525\/2024, se declar\u00f3 la \u00abemergencia ferroviaria\u00bb, asignando una partida de aproximadamente 1.400 millones de d\u00f3lares para mejorar la seguridad operativa y la calidad del servicio. No obstante, desde La Fraternidad afirman que dicho presupuesto no se ha traducido en mejoras tangibles.<\/p>\n<p data-path-to-node=\"14\">\u00abEl resultado de esa inversi\u00f3n no se ve en las v\u00edas ni en las formaciones\u00bb, sostienen desde el gremio. Por el contrario, denuncian que la degradaci\u00f3n se aceler\u00f3, sugiriendo que el objetivo final del Ejecutivo es el vaciamiento del sistema para justificar una futura concesi\u00f3n al sector privado. El transporte de cargas es el term\u00f3metro m\u00e1s alarmante de esta desidia: con velocidades m\u00e1ximas que apenas superan a la de una bicicleta y siniestros diarios, la log\u00edstica nacional se encuentra al borde del colapso.<\/p>\n<h4 data-path-to-node=\"15\">Un futuro incierto para el usuario<\/h4>\n<p data-path-to-node=\"16\">La <b data-path-to-node=\"16\" data-index-in-node=\"3\">reducci\u00f3n de frecuencia de los trenes<\/b> representa un golpe directo al bolsillo y al tiempo de los trabajadores que utilizan el servicio diariamente. Con frecuencias cada vez m\u00e1s espaciadas, el hacinamiento y la falta de previsibilidad se convertir\u00e1n en la norma del invierno que se avecina. Los trabajadores ferroviarios han hecho un llamado a la conciencia social, advirtiendo que, sin una inversi\u00f3n real en mantenimiento y repuestos, el sistema podr\u00eda sufrir un da\u00f1o estructural irreversible.<\/p>\n<p data-path-to-node=\"17\">En conclusi\u00f3n, el escenario ferroviario para mediados de mayo se presenta sombr\u00edo. Entre la negativa oficial de un ajuste y la realidad t\u00e9cnica que denuncian los sindicatos, el usuario queda atrapado en una incertidumbre que afecta su movilidad b\u00e1sica. La resoluci\u00f3n de esta crisis depender\u00e1 de si el Gobierno decide ejecutar los fondos de emergencia o si permitir\u00e1 que la inercia de la desinversi\u00f3n termine por frenar definitivamente las formaciones.<\/p>\n","protected":false},"excerpt":{"rendered":"<p>La tensi\u00f3n entre el sector ferroviario y el Gobierno nacional alcanz\u00f3 un nuevo pico de alerta. El sindicato de maquinistas<\/p>\n","protected":false},"author":1,"featured_media":126351,"comment_status":"closed","ping_status":"closed","sticky":false,"template":"","format":"standard","meta":{"kia_subtitle":"El gremio La Fraternidad denunci\u00f3 que la falta de inversi\u00f3n y repuestos obligar\u00e1 a recortar servicios en las l\u00edneas metropolitanas desde mediados de mayo, profundizando el deterioro del sistema.","footnotes":"","jetpack_publicize_message":"","jetpack_publicize_feature_enabled":true,"jetpack_social_post_already_shared":true,"jetpack_social_options":{"image_generator_settings":{"template":"highway","default_image_id":0,"font":"","enabled":false},"version":2}},"categories":[3,13],"tags":[],"class_list":["post-126348","post","type-post","status-publish","format-standard","has-post-thumbnail","hentry","category-actualidad","category-region"],"jetpack_publicize_connections":[],"jetpack_featured_media_url":"https:\/\/laurbedigital.com.ar\/noticias\/wp-content\/uploads\/2026\/04\/20260427-tren.png","_links":{"self":[{"href":"https:\/\/laurbedigital.com.ar\/noticias\/wp-json\/wp\/v2\/posts\/126348","targetHints":{"allow":["GET"]}}],"collection":[{"href":"https:\/\/laurbedigital.com.ar\/noticias\/wp-json\/wp\/v2\/posts"}],"about":[{"href":"https:\/\/laurbedigital.com.ar\/noticias\/wp-json\/wp\/v2\/types\/post"}],"author":[{"embeddable":true,"href":"https:\/\/laurbedigital.com.ar\/noticias\/wp-json\/wp\/v2\/users\/1"}],"replies":[{"embeddable":true,"href":"https:\/\/laurbedigital.com.ar\/noticias\/wp-json\/wp\/v2\/comments?post=126348"}],"version-history":[{"count":1,"href":"https:\/\/laurbedigital.com.ar\/noticias\/wp-json\/wp\/v2\/posts\/126348\/revisions"}],"predecessor-version":[{"id":126353,"href":"https:\/\/laurbedigital.com.ar\/noticias\/wp-json\/wp\/v2\/posts\/126348\/revisions\/126353"}],"wp:featuredmedia":[{"embeddable":true,"href":"https:\/\/laurbedigital.com.ar\/noticias\/wp-json\/wp\/v2\/media\/126351"}],"wp:attachment":[{"href":"https:\/\/laurbedigital.com.ar\/noticias\/wp-json\/wp\/v2\/media?parent=126348"}],"wp:term":[{"taxonomy":"category","embeddable":true,"href":"https:\/\/laurbedigital.com.ar\/noticias\/wp-json\/wp\/v2\/categories?post=126348"},{"taxonomy":"post_tag","embeddable":true,"href":"https:\/\/laurbedigital.com.ar\/noticias\/wp-json\/wp\/v2\/tags?post=126348"}],"curies":[{"name":"wp","href":"https:\/\/api.w.org\/{rel}","templated":true}]}}