{"id":126343,"date":"2026-04-27T15:32:23","date_gmt":"2026-04-27T18:32:23","guid":{"rendered":"https:\/\/laurbedigital.com.ar\/noticias\/?p=126343"},"modified":"2026-04-27T15:32:23","modified_gmt":"2026-04-27T18:32:23","slug":"el-ausentismo-en-la-escuela-secundaria-crecio-siete-puntos-en-los-ultimos-dos-anos","status":"publish","type":"post","link":"https:\/\/laurbedigital.com.ar\/noticias\/2026\/04\/27\/el-ausentismo-en-la-escuela-secundaria-crecio-siete-puntos-en-los-ultimos-dos-anos\/","title":{"rendered":"El ausentismo en la escuela secundaria creci\u00f3 siete puntos en los \u00faltimos dos a\u00f1os"},"content":{"rendered":"<h3 data-path-to-node=\"3\">Un fen\u00f3meno que atraviesa todas las provincias<\/h3>\n<p data-path-to-node=\"4\">La escuela secundaria argentina enfrenta un desaf\u00edo estructural que va m\u00e1s all\u00e1 de lo pedag\u00f3gico: la p\u00e9rdida de la presencialidad como valor fundamental. Seg\u00fan el informe <b data-path-to-node=\"4\" data-index-in-node=\"171\">\u00abAusentismo: \u00bfqu\u00e9 sabemos acerca de cu\u00e1nto faltan los estudiantes de secundaria?\u00bb<\/b>, elaborado por la organizaci\u00f3n Argentinos por la Educaci\u00f3n, las inasistencias en el nivel medio crecieron siete puntos porcentuales entre 2022 y 2024. Este incremento no es un fen\u00f3meno aislado, sino que se observa sin excepci\u00f3n en las 24 jurisdicciones del pa\u00eds.<\/p>\n<p data-path-to-node=\"5\">El estudio, basado en los cuestionarios de las pruebas <b data-path-to-node=\"5\" data-index-in-node=\"55\">Aprender 2024<\/b> y <b data-path-to-node=\"5\" data-index-in-node=\"71\">PISA 2022<\/b>, revela una alarmante polarizaci\u00f3n de la asistencia. Mientras que el grupo de alumnos que falta poco se mantiene estable, el segmento de ausentismo severo se expande: el <b data-path-to-node=\"5\" data-index-in-node=\"251\">21% de los adolescentes falta entre 15 y 19 d\u00edas al a\u00f1o<\/b>, el 20% se ausenta entre 20 y 29 d\u00edas, y un <b data-path-to-node=\"5\" data-index-in-node=\"351\">10% falta 30 d\u00edas o m\u00e1s<\/b>. Para los directores de escuela, este comportamiento es hoy el principal obst\u00e1culo para el aprendizaje, superando incluso a la falta de recursos o el ausentismo docente.<\/p>\n<h4 data-path-to-node=\"6\">Los motivos detr\u00e1s del banco vac\u00edo<\/h4>\n<p data-path-to-node=\"7\">Al indagar sobre las razones que alejan a los j\u00f3venes del aula, los propios estudiantes se\u00f1alan una multiplicidad de factores que var\u00edan seg\u00fan el sector de gesti\u00f3n y el contexto socioecon\u00f3mico.<\/p>\n<ul data-path-to-node=\"8\">\n<li>\n<p data-path-to-node=\"8,0,0\"><b data-path-to-node=\"8,0,0\" data-index-in-node=\"0\">Salud y desgano:<\/b> El 62% menciona problemas de salud propios. Sin embargo, el segundo motivo m\u00e1s invocado es la <b data-path-to-node=\"8,0,0\" data-index-in-node=\"111\">falta de ganas (39%)<\/b>, una tendencia que se acent\u00faa en las escuelas de gesti\u00f3n privada (49%) frente a las estatales (34%).<\/p>\n<\/li>\n<li>\n<p data-path-to-node=\"8,1,0\"><b data-path-to-node=\"8,1,0\" data-index-in-node=\"0\">La barrera de la puntualidad:<\/b> El 32% admite que las llegadas tarde derivan en inasistencias totales. Bajo la l\u00f3gica de que la tardanza ya implica \u00abmedia falta\u00bb, muchos alumnos optan por no asistir de forma directa.<\/p>\n<\/li>\n<li>\n<p data-path-to-node=\"8,2,0\"><b data-path-to-node=\"8,2,0\" data-index-in-node=\"0\">Pantallas y falta de sue\u00f1o:<\/b> Docentes advierten que el uso de dispositivos hasta altas horas de la madrugada genera un desfasaje en el descanso que impide a los j\u00f3venes levantarse para la jornada escolar.<\/p>\n<\/li>\n<li>\n<p data-path-to-node=\"8,3,0\"><b data-path-to-node=\"8,3,0\" data-index-in-node=\"0\">Viajes y ocio:<\/b> En el sector privado, el ausentismo suele estar planificado. Las familias priorizan vacaciones en temporada baja o viajes extensos, asumiendo que el contenido perdido puede recuperarse fuera del aula.<\/p>\n<\/li>\n<\/ul>\n<h4 data-path-to-node=\"9\">La fractura de la alianza familia-escuela<\/h4>\n<p data-path-to-node=\"10\">M\u00e1s all\u00e1 de las causas individuales, especialistas como Pablo Urbaitel, docente e investigador de la UNR, se\u00f1alan que estamos ante una <b data-path-to-node=\"10\" data-index-in-node=\"135\">crisis de legitimidad simb\u00f3lica<\/b>. La antigua alianza entre padres y docentes se ha debilitado: el saber pedag\u00f3gico hoy est\u00e1 cuestionado y la escuela ha dejado de ser el eje que vertebra la agenda familiar.<\/p>\n<p data-path-to-node=\"11\">La presencialidad ha perdido su car\u00e1cter obligatorio en el imaginario social. En un mundo hiperconectado, el prestigio del aula como \u00fanico lugar de acceso al conocimiento se ha resquebrajado. Esto genera un c\u00edrculo vicioso: ante el ausentismo recurrente, las pretensiones educativas bajan y la escuela se vuelve m\u00e1s laxa para adaptarse a una realidad fragmentada.<\/p>\n<h4 data-path-to-node=\"12\">Impacto regional y falta de datos oficiales<\/h4>\n<p data-path-to-node=\"13\">El mapa del ausentismo muestra realidades muy diversas seg\u00fan la geograf\u00eda. La provincia de <b data-path-to-node=\"13\" data-index-in-node=\"91\">Buenos Aires lidera el ranking<\/b>, donde el 66% de los alumnos acumula al menos 15 faltas anuales, seguida por la Ciudad de Buenos Aires con un 59%. En el extremo opuesto, provincias como Santiago del Estero (28%) y San Juan (29%) mantienen niveles de asistencia m\u00e1s estables.<\/p>\n<p data-path-to-node=\"14\">Una de las cr\u00edticas centrales del informe es la <b data-path-to-node=\"14\" data-index-in-node=\"48\">ausencia de sistemas de datos nominales abiertos<\/b> por parte del Estado. Actualmente, la magnitud del problema se conoce principalmente a trav\u00e9s de lo que los propios alumnos reportan en evaluaciones externas, lo que dificulta el dise\u00f1o de pol\u00edticas p\u00fablicas precisas para atacar la deserci\u00f3n encubierta que el ausentismo representa.<\/p>\n<h3 data-path-to-node=\"15\">Conclusi\u00f3n: el desaf\u00edo de recuperar el sentido del aula<\/h3>\n<p data-path-to-node=\"16\">El ausentismo no es solo un problema de cantidad de d\u00edas, sino de calidad de los aprendizajes. Cuando la asistencia se vuelve intermitente, la continuidad pedag\u00f3gica se rompe, afectando especialmente a los estudiantes con mayores dificultades. Recuperar el valor de \u00abestar presente\u00bb requiere un compromiso renovado de las familias y una escuela que logre ofrecer un sentido atractivo y relevante para los j\u00f3venes del siglo XXI.<\/p>\n","protected":false},"excerpt":{"rendered":"<p>Un fen\u00f3meno que atraviesa todas las provincias La escuela secundaria argentina enfrenta un desaf\u00edo estructural que va m\u00e1s all\u00e1 de<\/p>\n","protected":false},"author":1,"featured_media":126327,"comment_status":"closed","ping_status":"closed","sticky":false,"template":"","format":"standard","meta":{"kia_subtitle":"Un informe de Argentinos por la Educaci\u00f3n advierte que el 30% de los alumnos acumula m\u00e1s de 20 faltas anuales, evidenciando una crisis en el v\u00ednculo entre familias e instituciones.","footnotes":"","jetpack_publicize_message":"","jetpack_publicize_feature_enabled":true,"jetpack_social_post_already_shared":true,"jetpack_social_options":{"image_generator_settings":{"template":"highway","default_image_id":0,"font":"","enabled":false},"version":2}},"categories":[3,41],"tags":[],"class_list":["post-126343","post","type-post","status-publish","format-standard","has-post-thumbnail","hentry","category-actualidad","category-nacionales"],"jetpack_publicize_connections":[],"jetpack_featured_media_url":"https:\/\/laurbedigital.com.ar\/noticias\/wp-content\/uploads\/2026\/04\/20260427-SECUNDARIO.png","_links":{"self":[{"href":"https:\/\/laurbedigital.com.ar\/noticias\/wp-json\/wp\/v2\/posts\/126343","targetHints":{"allow":["GET"]}}],"collection":[{"href":"https:\/\/laurbedigital.com.ar\/noticias\/wp-json\/wp\/v2\/posts"}],"about":[{"href":"https:\/\/laurbedigital.com.ar\/noticias\/wp-json\/wp\/v2\/types\/post"}],"author":[{"embeddable":true,"href":"https:\/\/laurbedigital.com.ar\/noticias\/wp-json\/wp\/v2\/users\/1"}],"replies":[{"embeddable":true,"href":"https:\/\/laurbedigital.com.ar\/noticias\/wp-json\/wp\/v2\/comments?post=126343"}],"version-history":[{"count":1,"href":"https:\/\/laurbedigital.com.ar\/noticias\/wp-json\/wp\/v2\/posts\/126343\/revisions"}],"predecessor-version":[{"id":126344,"href":"https:\/\/laurbedigital.com.ar\/noticias\/wp-json\/wp\/v2\/posts\/126343\/revisions\/126344"}],"wp:featuredmedia":[{"embeddable":true,"href":"https:\/\/laurbedigital.com.ar\/noticias\/wp-json\/wp\/v2\/media\/126327"}],"wp:attachment":[{"href":"https:\/\/laurbedigital.com.ar\/noticias\/wp-json\/wp\/v2\/media?parent=126343"}],"wp:term":[{"taxonomy":"category","embeddable":true,"href":"https:\/\/laurbedigital.com.ar\/noticias\/wp-json\/wp\/v2\/categories?post=126343"},{"taxonomy":"post_tag","embeddable":true,"href":"https:\/\/laurbedigital.com.ar\/noticias\/wp-json\/wp\/v2\/tags?post=126343"}],"curies":[{"name":"wp","href":"https:\/\/api.w.org\/{rel}","templated":true}]}}