{"id":126337,"date":"2026-04-27T14:32:55","date_gmt":"2026-04-27T17:32:55","guid":{"rendered":"https:\/\/laurbedigital.com.ar\/noticias\/?p=126337"},"modified":"2026-04-27T14:32:55","modified_gmt":"2026-04-27T17:32:55","slug":"hallazgo-de-ocho-fetos-en-una-clinica-de-san-martin-destapa-una-posible-red-de-trata","status":"publish","type":"post","link":"https:\/\/laurbedigital.com.ar\/noticias\/2026\/04\/27\/hallazgo-de-ocho-fetos-en-una-clinica-de-san-martin-destapa-una-posible-red-de-trata\/","title":{"rendered":"Hallazgo de ocho fetos en una cl\u00ednica de San Mart\u00edn destapa una posible red de trata"},"content":{"rendered":"<h3 data-path-to-node=\"3\">Un operativo que comenz\u00f3 con una b\u00fasqueda y termin\u00f3 en horror<\/h3>\n<p data-path-to-node=\"4\">Lo que inici\u00f3 como la b\u00fasqueda de una reci\u00e9n nacida en la localidad santiague\u00f1a de Monte Quemado ha desembocado en un escenario de pesadilla en el conurbano bonaerense. La Justicia Federal orden\u00f3 el allanamiento de la <b data-path-to-node=\"4\" data-index-in-node=\"218\">Cl\u00ednica Santa Mar\u00eda<\/b>, ubicada en la localidad de Villa Ballester, partido de San Mart\u00edn, tras seguir el rastro de una ni\u00f1a de 12 a\u00f1os v\u00edctima de violaci\u00f3n que cursaba un embarazo de ocho meses.<\/p>\n<p data-path-to-node=\"5\">Al ingresar al establecimiento, los efectivos de la Direcci\u00f3n de Investigaciones de Trata de Personas no solo se toparon con la reticencia de los directivos \u2014quienes inicialmente negaron la presencia de la menor\u2014, sino con un hallazgo escalofriante en un dep\u00f3sito: <b data-path-to-node=\"5\" data-index-in-node=\"265\">ocho fetos humanos ocultos en bolsas de basura<\/b>. Seg\u00fan fuentes policiales, cinco de ellos estaban completamente formados, dos presentaban signos de desmembramiento y los restantes se encontraban en estadios iniciales de desarrollo.<\/p>\n<h4 data-path-to-node=\"6\">La ruta del traslado: el rol de una ONG bajo sospecha<\/h4>\n<p data-path-to-node=\"7\">La investigaci\u00f3n ha puesto la lupa sobre una organizaci\u00f3n no gubernamental dedicada a la salud reproductiva, que habr\u00eda sido la encargada de financiar y coordinar el traslado de la ni\u00f1a y su madre de 48 a\u00f1os desde Santiago del Estero hacia Buenos Aires. Seg\u00fan los datos que maneja la <b data-path-to-node=\"7\" data-index-in-node=\"284\">Polic\u00eda de Santiago del Estero<\/b> en intercambio con las fuerzas provinciales, la ONG habr\u00eda pagado los pasajes, el alojamiento en el barrio porte\u00f1o de Palermo y la internaci\u00f3n en la cl\u00ednica ginecol\u00f3gica.<\/p>\n<p data-path-to-node=\"8\">Aunque la organizaci\u00f3n declara en su sitio web realizar interrupciones del embarazo dentro del marco de la Ley IVE (Interrupci\u00f3n Voluntaria del Embarazo), la avanzada edad gestacional de la menor \u2014ocho meses\u2014 excede los l\u00edmites legales para dicho procedimiento. Este dato, sumado a que madre e hija abandonaron la cl\u00ednica apenas horas antes del allanamiento tras recibir un alta sospechosa a las 15:00 horas, ha encendido las alarmas de los investigadores.<\/p>\n<h4 data-path-to-node=\"9\">La hip\u00f3tesis m\u00e1s inquietante: sustracci\u00f3n y venta de beb\u00e9s<\/h4>\n<p data-path-to-node=\"10\">El <b data-path-to-node=\"10\" data-index-in-node=\"3\">Juzgado Federal de Tres de Febrero<\/b>, a trav\u00e9s de la Secretar\u00eda N\u00b09, trabaja sobre una hip\u00f3tesis central que hiela la sangre: que el beb\u00e9 de la ni\u00f1a de 12 a\u00f1os haya nacido vivo y haya sido entregado o vendido a terceros. De confirmarse esta l\u00ednea, el caso se encuadrar\u00eda bajo los delitos de <b data-path-to-node=\"10\" data-index-in-node=\"292\">trata de personas y sustracci\u00f3n de menores<\/b>.<\/p>\n<p data-path-to-node=\"11\">Durante el procedimiento en la cl\u00ednica, los peritos incautaron anotaciones, registros de ingresos y documentos m\u00e9dicos que podr\u00edan revelar una sistematicidad en estas pr\u00e1cticas. El an\u00e1lisis forense de los fetos hallados ser\u00e1 determinante para establecer si alguno de ellos corresponde al beb\u00e9 que gestaba la menor de Monte Quemado o si se trata de evidencias de otros procedimientos il\u00edcitos realizados en el inmueble.<\/p>\n<h4 data-path-to-node=\"12\">Situaci\u00f3n judicial actual<\/h4>\n<p data-path-to-node=\"13\">Mientras la causa federal avanza sobre la red de trata, en el \u00e1mbito ordinario interviene la <b data-path-to-node=\"13\" data-index-in-node=\"93\">UFI N\u00b07 del Departamento Judicial de San Mart\u00edn<\/b>. Las autoridades buscan intensamente el paradero de la ni\u00f1a y su madre para garantizar su resguardo y tomar declaraci\u00f3n testimonial. La madre, en una breve comunicaci\u00f3n previa, hab\u00eda asegurado \u00abdesconocer\u00bb el paradero de su nieto, una respuesta que la Justicia considera clave para entender el nivel de coacci\u00f3n o complicidad en el traslado.<\/p>\n<h3 data-path-to-node=\"14\">Conclusi\u00f3n: una trama de vulnerabilidad extrema<\/h3>\n<p data-path-to-node=\"15\">Este caso deja al descubierto la fragilidad de los sistemas de protecci\u00f3n de menores en el interior del pa\u00eds y la posible existencia de estructuras que utilizan la fachada de la asistencia sanitaria para cometer delitos de lesa humanidad. La conexi\u00f3n entre Santiago del Estero y San Mart\u00edn sugiere una log\u00edstica aceitada que ahora la Justicia intenta desbaratar. El foco est\u00e1 puesto en determinar qui\u00e9nes son los responsables de la desaparici\u00f3n del reci\u00e9n nacido y cu\u00e1l es el origen de los restos hallados en la cl\u00ednica de Villa Ballester.<\/p>\n","protected":false},"excerpt":{"rendered":"<p>Un operativo que comenz\u00f3 con una b\u00fasqueda y termin\u00f3 en horror Lo que inici\u00f3 como la b\u00fasqueda de una reci\u00e9n<\/p>\n","protected":false},"author":1,"featured_media":126320,"comment_status":"closed","ping_status":"closed","sticky":false,"template":"","format":"standard","meta":{"kia_subtitle":"La polic\u00eda buscaba al beb\u00e9 de una ni\u00f1a de 12 a\u00f1os trasladada desde Santiago del Estero, pero el operativo deriv\u00f3 en un descubrimiento macabro y la sospecha de venta de reci\u00e9n nacidos.","footnotes":"","jetpack_publicize_message":"","jetpack_publicize_feature_enabled":true,"jetpack_social_post_already_shared":true,"jetpack_social_options":{"image_generator_settings":{"template":"highway","default_image_id":0,"font":"","enabled":false},"version":2}},"categories":[8],"tags":[],"class_list":["post-126337","post","type-post","status-publish","format-standard","has-post-thumbnail","hentry","category-policiales"],"jetpack_publicize_connections":[],"jetpack_featured_media_url":"https:\/\/laurbedigital.com.ar\/noticias\/wp-content\/uploads\/2026\/04\/20260427-CLINICA.png","_links":{"self":[{"href":"https:\/\/laurbedigital.com.ar\/noticias\/wp-json\/wp\/v2\/posts\/126337","targetHints":{"allow":["GET"]}}],"collection":[{"href":"https:\/\/laurbedigital.com.ar\/noticias\/wp-json\/wp\/v2\/posts"}],"about":[{"href":"https:\/\/laurbedigital.com.ar\/noticias\/wp-json\/wp\/v2\/types\/post"}],"author":[{"embeddable":true,"href":"https:\/\/laurbedigital.com.ar\/noticias\/wp-json\/wp\/v2\/users\/1"}],"replies":[{"embeddable":true,"href":"https:\/\/laurbedigital.com.ar\/noticias\/wp-json\/wp\/v2\/comments?post=126337"}],"version-history":[{"count":1,"href":"https:\/\/laurbedigital.com.ar\/noticias\/wp-json\/wp\/v2\/posts\/126337\/revisions"}],"predecessor-version":[{"id":126338,"href":"https:\/\/laurbedigital.com.ar\/noticias\/wp-json\/wp\/v2\/posts\/126337\/revisions\/126338"}],"wp:featuredmedia":[{"embeddable":true,"href":"https:\/\/laurbedigital.com.ar\/noticias\/wp-json\/wp\/v2\/media\/126320"}],"wp:attachment":[{"href":"https:\/\/laurbedigital.com.ar\/noticias\/wp-json\/wp\/v2\/media?parent=126337"}],"wp:term":[{"taxonomy":"category","embeddable":true,"href":"https:\/\/laurbedigital.com.ar\/noticias\/wp-json\/wp\/v2\/categories?post=126337"},{"taxonomy":"post_tag","embeddable":true,"href":"https:\/\/laurbedigital.com.ar\/noticias\/wp-json\/wp\/v2\/tags?post=126337"}],"curies":[{"name":"wp","href":"https:\/\/api.w.org\/{rel}","templated":true}]}}