{"id":126335,"date":"2026-04-27T14:31:00","date_gmt":"2026-04-27T17:31:00","guid":{"rendered":"https:\/\/laurbedigital.com.ar\/noticias\/?p=126335"},"modified":"2026-04-27T14:31:00","modified_gmt":"2026-04-27T17:31:00","slug":"rodrigo-de-la-serna-protagonizara-gordon-la-nueva-apuesta-de-netflix-sobre-el-criminal-mas-oscuro-de-los-70","status":"publish","type":"post","link":"https:\/\/laurbedigital.com.ar\/noticias\/2026\/04\/27\/rodrigo-de-la-serna-protagonizara-gordon-la-nueva-apuesta-de-netflix-sobre-el-criminal-mas-oscuro-de-los-70\/","title":{"rendered":"Rodrigo de la Serna protagonizar\u00e1 Gordon, la nueva apuesta de Netflix sobre el criminal m\u00e1s oscuro de los 70"},"content":{"rendered":"<h3 data-path-to-node=\"3\">Un thriller psicol\u00f3gico sobre el horror y la impunidad<\/h3>\n<p data-path-to-node=\"4\">Netflix ha comenzado a desandar el camino hacia uno de sus estrenos m\u00e1s ambiciosos de 2026. La plataforma revel\u00f3 las primeras im\u00e1genes de <b data-path-to-node=\"4\" data-index-in-node=\"138\">\u00abGordon\u00bb<\/b>, una serie que marca el regreso de <b data-path-to-node=\"4\" data-index-in-node=\"182\">Rodrigo de la Serna<\/b> al streaming con un papel que promete ser bisagra en su carrera. Bajo la direcci\u00f3n y el rol de <i data-path-to-node=\"4\" data-index-in-node=\"297\">showrunner<\/i> de <b data-path-to-node=\"4\" data-index-in-node=\"311\">Pablo Trapero<\/b>, la producci\u00f3n se sumerge en la vida de <b data-path-to-node=\"4\" data-index-in-node=\"365\">An\u00edbal Gordon<\/b>, un delincuente com\u00fan que se transform\u00f3 en una pieza clave del terrorismo de Estado en la Argentina de la d\u00e9cada de 1970.<\/p>\n<p data-path-to-node=\"5\">El avance, aunque breve, establece una atm\u00f3sfera opresiva y cruda. La serie no busca ser una cr\u00f3nica policial convencional, sino un <b data-path-to-node=\"5\" data-index-in-node=\"132\">retrato psicol\u00f3gico<\/b> de un personaje cuya biograf\u00eda se confunde con los a\u00f1os m\u00e1s sangrientos del pa\u00eds. Con una ambientaci\u00f3n de \u00e9poca que recrea con precisi\u00f3n las calles, los veh\u00edculos y la est\u00e9tica de los setenta, la ficci\u00f3n se propone interpelar al espectador sobre la naturaleza del mal y los mecanismos de la violencia pol\u00edtica.<\/p>\n<h4 data-path-to-node=\"6\">Rodrigo de la Serna: una transformaci\u00f3n radical<\/h4>\n<p data-path-to-node=\"7\">Las primeras im\u00e1genes difundidas por la plataforma muestran a un De la Serna completamente mimetizado con el l\u00edder de la banda que oper\u00f3 en el centro clandestino Automotores Orletti. Su interpretaci\u00f3n de Gordon se perfila como un trabajo de gran intensidad, oscilando entre la <b data-path-to-node=\"7\" data-index-in-node=\"277\">frialdad de un asesino profesional<\/b> y las contradicciones de un hombre que supo navegar entre el hampa y los servicios de inteligencia.<\/p>\n<p data-path-to-node=\"8\">El elenco que acompa\u00f1a a De la Serna refuerza la calidad de la propuesta:<\/p>\n<ul data-path-to-node=\"9\">\n<li>\n<p data-path-to-node=\"9,0,0\"><b data-path-to-node=\"9,0,0\" data-index-in-node=\"0\">Mat\u00edas Recalt:<\/b> Tras su consagraci\u00f3n en \u00abLa sociedad de la nieve\u00bb, asume un rol central.<\/p>\n<\/li>\n<li>\n<p data-path-to-node=\"9,1,0\"><b data-path-to-node=\"9,1,0\" data-index-in-node=\"0\">Camila Peralta y Fiorella Bottaioli:<\/b> Figuras emergentes que completan el n\u00facleo dram\u00e1tico.<\/p>\n<\/li>\n<li>\n<p data-path-to-node=\"9,2,0\"><b data-path-to-node=\"9,2,0\" data-index-in-node=\"0\">Mat\u00edas Mayer:<\/b> Tendr\u00e1 una participaci\u00f3n especial dentro de la trama.<\/p>\n<\/li>\n<\/ul>\n<h4 data-path-to-node=\"10\">Basada en la investigaci\u00f3n de Marcelo Larraquy<\/h4>\n<p data-path-to-node=\"11\">El sustento narrativo de la serie proviene de la novela hom\u00f3nima de <b data-path-to-node=\"11\" data-index-in-node=\"68\">Marcelo Larraquy<\/b>, quien tambi\u00e9n colabor\u00f3 en los guiones. La historia de An\u00edbal Gordon es la de un criminal multifac\u00e9tico: asaltante de bancos, miembro de la Triple A y agente de inteligencia. La ficci\u00f3n explora c\u00f3mo este hombre pas\u00f3 de la delincuencia com\u00fan a coordinar secuestros y asesinatos, manteniendo v\u00ednculos estrechos con los sectores m\u00e1s oscuros del poder.<\/p>\n<p data-path-to-node=\"12\">La producci\u00f3n ejecutiva est\u00e1 a cargo de <b data-path-to-node=\"12\" data-index-in-node=\"40\">Adri\u00e1n Suar y Diego Andrasnik<\/b> (Preludio Producciones), mientras que el guion fue desarrollado por <b data-path-to-node=\"12\" data-index-in-node=\"138\">Marcos Osorio Vidal y el propio Trapero<\/b>. Esta alianza entre el cine de autor de Trapero y la capacidad de producci\u00f3n de Suar sugiere un producto que equilibrar\u00e1 el impacto visual con el rigor hist\u00f3rico.<\/p>\n<h4 data-path-to-node=\"13\">El calendario de estreno para 2026<\/h4>\n<p data-path-to-node=\"14\">Si bien Netflix no ha confirmado el d\u00eda exacto del lanzamiento, el sello de <b data-path-to-node=\"14\" data-index-in-node=\"76\">\u00abEstreno 2026\u00bb<\/b> ya posiciona a \u00abGordon\u00bb como el evento audiovisual argentino del a\u00f1o. Se espera que, tras este primer vistazo, se conozcan m\u00e1s detalles sobre la estructura de la serie, que contar\u00eda con una narrativa que busca explorar no solo los cr\u00edmenes, sino tambi\u00e9n la vida familiar y la red de impunidad que protegi\u00f3 a sus protagonistas durante a\u00f1os.<\/p>\n<h3 data-path-to-node=\"15\">Conclusi\u00f3n: una mirada necesaria al pasado<\/h3>\n<p data-path-to-node=\"16\">Con \u00abGordon\u00bb, la plataforma busca repetir el \u00e9xito de otras producciones nacionales que revisitan la historia reciente, pero con un enfoque m\u00e1s cercano al <b data-path-to-node=\"16\" data-index-in-node=\"155\">thriller criminal<\/b>. La combinaci\u00f3n de un actor de la talla de Rodrigo de la Serna con la mirada cruda de Pablo Trapero asegura una serie que, lejos de ser condescendiente, pondr\u00e1 el foco en la complejidad de un villano real que marc\u00f3 a fuego la memoria colectiva argentina.<\/p>\n","protected":false},"excerpt":{"rendered":"<p>Un thriller psicol\u00f3gico sobre el horror y la impunidad Netflix ha comenzado a desandar el camino hacia uno de sus<\/p>\n","protected":false},"author":1,"featured_media":126323,"comment_status":"closed","ping_status":"closed","sticky":false,"template":"","format":"standard","meta":{"kia_subtitle":"La plataforma present\u00f3 el primer adelanto de la serie dirigida por Pablo Trapero, inspirada en hechos reales y basada en la investigaci\u00f3n de Marcelo Larraquy.","footnotes":"","jetpack_publicize_message":"","jetpack_publicize_feature_enabled":true,"jetpack_social_post_already_shared":true,"jetpack_social_options":{"image_generator_settings":{"template":"highway","default_image_id":0,"font":"","enabled":false},"version":2}},"categories":[2600,68],"tags":[],"class_list":["post-126335","post","type-post","status-publish","format-standard","has-post-thumbnail","hentry","category-espectaculo","category-cine-y-series"],"jetpack_publicize_connections":[],"jetpack_featured_media_url":"https:\/\/laurbedigital.com.ar\/noticias\/wp-content\/uploads\/2026\/04\/20260427-GORDON.png","_links":{"self":[{"href":"https:\/\/laurbedigital.com.ar\/noticias\/wp-json\/wp\/v2\/posts\/126335","targetHints":{"allow":["GET"]}}],"collection":[{"href":"https:\/\/laurbedigital.com.ar\/noticias\/wp-json\/wp\/v2\/posts"}],"about":[{"href":"https:\/\/laurbedigital.com.ar\/noticias\/wp-json\/wp\/v2\/types\/post"}],"author":[{"embeddable":true,"href":"https:\/\/laurbedigital.com.ar\/noticias\/wp-json\/wp\/v2\/users\/1"}],"replies":[{"embeddable":true,"href":"https:\/\/laurbedigital.com.ar\/noticias\/wp-json\/wp\/v2\/comments?post=126335"}],"version-history":[{"count":1,"href":"https:\/\/laurbedigital.com.ar\/noticias\/wp-json\/wp\/v2\/posts\/126335\/revisions"}],"predecessor-version":[{"id":126336,"href":"https:\/\/laurbedigital.com.ar\/noticias\/wp-json\/wp\/v2\/posts\/126335\/revisions\/126336"}],"wp:featuredmedia":[{"embeddable":true,"href":"https:\/\/laurbedigital.com.ar\/noticias\/wp-json\/wp\/v2\/media\/126323"}],"wp:attachment":[{"href":"https:\/\/laurbedigital.com.ar\/noticias\/wp-json\/wp\/v2\/media?parent=126335"}],"wp:term":[{"taxonomy":"category","embeddable":true,"href":"https:\/\/laurbedigital.com.ar\/noticias\/wp-json\/wp\/v2\/categories?post=126335"},{"taxonomy":"post_tag","embeddable":true,"href":"https:\/\/laurbedigital.com.ar\/noticias\/wp-json\/wp\/v2\/tags?post=126335"}],"curies":[{"name":"wp","href":"https:\/\/api.w.org\/{rel}","templated":true}]}}