{"id":126331,"date":"2026-04-27T14:25:15","date_gmt":"2026-04-27T17:25:15","guid":{"rendered":"https:\/\/laurbedigital.com.ar\/noticias\/?p=126331"},"modified":"2026-04-27T14:25:15","modified_gmt":"2026-04-27T17:25:15","slug":"crisis-en-el-consumo-el-sector-comercial-lidera-el-cierre-de-empresas-en-todo-el-pais","status":"publish","type":"post","link":"https:\/\/laurbedigital.com.ar\/noticias\/2026\/04\/27\/crisis-en-el-consumo-el-sector-comercial-lidera-el-cierre-de-empresas-en-todo-el-pais\/","title":{"rendered":"Crisis en el consumo: el sector comercial lidera el cierre de empresas en todo el pa\u00eds"},"content":{"rendered":"<h3 data-path-to-node=\"3\">El term\u00f3metro de una econom\u00eda en retroceso<\/h3>\n<p data-path-to-node=\"4\">El sector comercial se ha consolidado como el s\u00edntoma m\u00e1s cr\u00edtico del freno econ\u00f3mico que atraviesa la Argentina en 2026. Seg\u00fan los \u00faltimos datos del <b data-path-to-node=\"4\" data-index-in-node=\"150\">EMAE-INDEC<\/b>, la actividad comercial registr\u00f3 una ca\u00edda del <b data-path-to-node=\"4\" data-index-in-node=\"208\">7,0% en febrero<\/b>, posicion\u00e1ndose como uno de los principales factores que lastran el Producto Bruto Interno (PBI). Sin embargo, la preocupaci\u00f3n de los analistas ya no reside \u00fanicamente en los vol\u00famenes de venta, sino en la destrucci\u00f3n del tejido empresarial: en el \u00faltimo a\u00f1o, el sector perdi\u00f3 <b data-path-to-node=\"4\" data-index-in-node=\"501\">3.109 firmas<\/b>, encabezando el ranking de cierres a nivel nacional.<\/p>\n<p data-path-to-node=\"5\">Este fen\u00f3meno es el resultado directo de una econom\u00eda donde el consumo, motor hist\u00f3rico de la actividad, se encuentra apagado. La ca\u00edda es federal y sist\u00e9mica; incluso en los supermercados \u2014indicador fundamental del consumo b\u00e1sico\u2014 las bajas se replicaron en las <b data-path-to-node=\"5\" data-index-in-node=\"263\">24 jurisdicciones del pa\u00eds<\/b> en comparaci\u00f3n con 2025, evidenciando que el ajuste ha perforado incluso los gastos de primera necesidad.<\/p>\n<h4 data-path-to-node=\"6\">Disparidad sectorial y regional<\/h4>\n<p data-path-to-node=\"7\">Mientras que sectores primarios y extractivos muestran signos de vitalidad, los rubros que generan mayor empleo formal y encadenamientos productivos est\u00e1n en picada. El reporte de actividad muestra una dualidad peligrosa:<\/p>\n<ul data-path-to-node=\"8\">\n<li>\n<p data-path-to-node=\"8,0,0\"><b data-path-to-node=\"8,0,0\" data-index-in-node=\"0\">Sectores en alza:<\/b> Pesca (+14,8%), Miner\u00eda (+9,9%) y Agro (+8,4%).<\/p>\n<\/li>\n<li>\n<p data-path-to-node=\"8,1,0\"><b data-path-to-node=\"8,1,0\" data-index-in-node=\"0\">Sectores en crisis:<\/b> Industria (-8,7%) y Comercio (-7,0%).<\/p>\n<\/li>\n<\/ul>\n<p data-path-to-node=\"9\">La brecha geogr\u00e1fica tambi\u00e9n es alarmante. Seg\u00fan el <b data-path-to-node=\"9\" data-index-in-node=\"52\">Instituto Argentina Grande (IAG)<\/b>, el impacto en el interior del pa\u00eds es devastador. En el <b data-path-to-node=\"9\" data-index-in-node=\"142\">Noreste Argentino (NEA)<\/b>, las ventas en supermercados cayeron un <b data-path-to-node=\"9\" data-index-in-node=\"206\">36%<\/b>, mientras que en el <b data-path-to-node=\"9\" data-index-in-node=\"230\">Noroeste (NOA)<\/b> la contracci\u00f3n fue del <b data-path-to-node=\"9\" data-index-in-node=\"268\">31%<\/b>. Estas cifras implican que, en t\u00e9rminos reales, la poblaci\u00f3n de estas regiones redujo sus compras en un tercio durante el \u00faltimo a\u00f1o.<\/p>\n<h4 data-path-to-node=\"10\">El desplome de los ingresos reales<\/h4>\n<p data-path-to-node=\"11\">La explicaci\u00f3n t\u00e9cnica del cierre masivo de comercios se encuentra en el bolsillo de los consumidores. Los salarios reales atraviesan un deterioro sostenido que no encuentra piso. En el sector p\u00fablico nacional, la ca\u00edda de los ingresos llega al <b data-path-to-node=\"11\" data-index-in-node=\"245\">37,9%<\/b>, mientras que en el sector privado registrado el retroceso es del <b data-path-to-node=\"11\" data-index-in-node=\"317\">5,5%<\/b>.<\/p>\n<blockquote data-path-to-node=\"12\">\n<p data-path-to-node=\"12,0\">\u00abEl salario se encuentra estancado en niveles similares a los de 2009\u00bb, advierten los especialistas, se\u00f1alando que las paritarias actuales, con ajustes en torno al <b data-path-to-node=\"12,0\" data-index-in-node=\"164\">2%<\/b>, est\u00e1n muy por debajo de la inflaci\u00f3n acumulada.<\/p>\n<\/blockquote>\n<p data-path-to-node=\"13\">Adem\u00e1s, se observa una creciente precarizaci\u00f3n de las negociaciones colectivas: el <b data-path-to-node=\"13\" data-index-in-node=\"83\">80% de los acuerdos<\/b> ahora se basa en sumas fijas, lo que genera una enorme heterogeneidad salarial y dificulta la planificaci\u00f3n financiera de los hogares. Sin una recuperaci\u00f3n de la demanda interna, el motor del cr\u00e9dito \u2014impulsado por la baja de tasas\u2014 no logra encender la actividad comercial.<\/p>\n<h4 data-path-to-node=\"14\">Vulnerabilidad social y falta de cobertura<\/h4>\n<p data-path-to-node=\"15\">La crisis golpea con mayor sa\u00f1a a los sectores m\u00e1s desprotegidos. Un reporte del <b data-path-to-node=\"15\" data-index-in-node=\"81\">Observatorio de la Deuda Social de la UCA (ODSA-UCA)<\/b> revel\u00f3 que las transferencias sociales han perdido su capacidad de contenci\u00f3n. La Asignaci\u00f3n Universal por Hijo (AUH) y la Tarjeta Alimentar hoy solo cubren el <b data-path-to-node=\"15\" data-index-in-node=\"294\">39% de la canasta alimentaria<\/b> y menos del <b data-path-to-node=\"15\" data-index-in-node=\"336\">20% del costo total de vida<\/b>.<\/p>\n<p data-path-to-node=\"16\">Esta realidad impacta directamente en los comercios de barrio, donde las ventas cayeron un <b data-path-to-node=\"16\" data-index-in-node=\"91\">3,8%<\/b> interanual. Al no cubrirse las necesidades b\u00e1sicas, el flujo de dinero hacia el peque\u00f1o comercio desaparece, forzando el cierre de negocios que durante d\u00e9cadas fueron el sustento de miles de familias.<\/p>\n<h3 data-path-to-node=\"17\">Perspectivas: un escenario de \u00abdemanda insuficiente\u00bb<\/h3>\n<p data-path-to-node=\"18\">El panorama para lo que resta de 2026 no es alentador. La encuesta de tendencias de negocios del INDEC refleja que el <b data-path-to-node=\"18\" data-index-in-node=\"118\">80% de las empresas<\/b> espera que las ventas se mantengan estancadas o sigan cayendo por la falta de demanda local. Adem\u00e1s, la confianza del consumidor retrocedi\u00f3 un <b data-path-to-node=\"18\" data-index-in-node=\"281\">15%<\/b> en el primer cuatrimestre, afectada por una inflaci\u00f3n que suma diez meses consecutivos de alza.<\/p>\n<p data-path-to-node=\"19\">En este contexto, el cierre de m\u00e1s de <b data-path-to-node=\"19\" data-index-in-node=\"38\">22.600 empresas<\/b> en t\u00e9rminos netos desde fines de 2023 marca una din\u00e1mica recesiva dif\u00edcil de revertir. Sin una recuperaci\u00f3n real de los ingresos y una estabilizaci\u00f3n de los precios, el comercio seguir\u00e1 siendo el principal damnificado de un modelo que hoy prioriza los equilibrios nominales por sobre la actividad real en las g\u00f3ndolas y mostradores.<\/p>\n","protected":false},"excerpt":{"rendered":"<p>El term\u00f3metro de una econom\u00eda en retroceso El sector comercial se ha consolidado como el s\u00edntoma m\u00e1s cr\u00edtico del freno<\/p>\n","protected":false},"author":1,"featured_media":126321,"comment_status":"closed","ping_status":"closed","sticky":false,"template":"","format":"standard","meta":{"kia_subtitle":"Un informe revela que m\u00e1s de 3.100 comercios bajaron sus persianas en el \u00faltimo a\u00f1o debido al desplome de las ventas y la p\u00e9rdida del poder adquisitivo salarial.","footnotes":"","jetpack_publicize_message":"","jetpack_publicize_feature_enabled":true,"jetpack_social_post_already_shared":true,"jetpack_social_options":{"image_generator_settings":{"template":"highway","default_image_id":0,"font":"","enabled":false},"version":2}},"categories":[3,41],"tags":[],"class_list":["post-126331","post","type-post","status-publish","format-standard","has-post-thumbnail","hentry","category-actualidad","category-nacionales"],"jetpack_publicize_connections":[],"jetpack_featured_media_url":"https:\/\/laurbedigital.com.ar\/noticias\/wp-content\/uploads\/2026\/04\/20260427-CRISIS.png","_links":{"self":[{"href":"https:\/\/laurbedigital.com.ar\/noticias\/wp-json\/wp\/v2\/posts\/126331","targetHints":{"allow":["GET"]}}],"collection":[{"href":"https:\/\/laurbedigital.com.ar\/noticias\/wp-json\/wp\/v2\/posts"}],"about":[{"href":"https:\/\/laurbedigital.com.ar\/noticias\/wp-json\/wp\/v2\/types\/post"}],"author":[{"embeddable":true,"href":"https:\/\/laurbedigital.com.ar\/noticias\/wp-json\/wp\/v2\/users\/1"}],"replies":[{"embeddable":true,"href":"https:\/\/laurbedigital.com.ar\/noticias\/wp-json\/wp\/v2\/comments?post=126331"}],"version-history":[{"count":1,"href":"https:\/\/laurbedigital.com.ar\/noticias\/wp-json\/wp\/v2\/posts\/126331\/revisions"}],"predecessor-version":[{"id":126332,"href":"https:\/\/laurbedigital.com.ar\/noticias\/wp-json\/wp\/v2\/posts\/126331\/revisions\/126332"}],"wp:featuredmedia":[{"embeddable":true,"href":"https:\/\/laurbedigital.com.ar\/noticias\/wp-json\/wp\/v2\/media\/126321"}],"wp:attachment":[{"href":"https:\/\/laurbedigital.com.ar\/noticias\/wp-json\/wp\/v2\/media?parent=126331"}],"wp:term":[{"taxonomy":"category","embeddable":true,"href":"https:\/\/laurbedigital.com.ar\/noticias\/wp-json\/wp\/v2\/categories?post=126331"},{"taxonomy":"post_tag","embeddable":true,"href":"https:\/\/laurbedigital.com.ar\/noticias\/wp-json\/wp\/v2\/tags?post=126331"}],"curies":[{"name":"wp","href":"https:\/\/api.w.org\/{rel}","templated":true}]}}