{"id":126315,"date":"2026-04-27T12:24:38","date_gmt":"2026-04-27T15:24:38","guid":{"rendered":"https:\/\/laurbedigital.com.ar\/noticias\/?p=126315"},"modified":"2026-04-27T12:24:38","modified_gmt":"2026-04-27T15:24:38","slug":"cascallares-se-reunio-con-autoridades-del-cottolengo-don-orione-ante-el-complejo-panorama-de-la-institucion","status":"publish","type":"post","link":"https:\/\/laurbedigital.com.ar\/noticias\/2026\/04\/27\/cascallares-se-reunio-con-autoridades-del-cottolengo-don-orione-ante-el-complejo-panorama-de-la-institucion\/","title":{"rendered":"Cascallares se reuni\u00f3 con autoridades del Cottolengo Don Orione ante el complejo panorama\u00a0de la instituci\u00f3n\u00a0\u00a0"},"content":{"rendered":"<p>Del encuentro participaron el presidente del Concejo Deliberante, Nicol\u00e1s Jawtuschenko y la secretaria de Desarrollo Seguridad Social y Derechos Humanos, B\u00e1rbara Mi\u00f1\u00e1n, adem\u00e1s el equipo de la conducci\u00f3n de la entidad, entre ellos, el director de la Comunidad Religiosa, hermano Jorge Silanes y el director m\u00e9dico, Dr. Jorge Palmieri, quienes pidieron el acompa\u00f1amiento e intervenci\u00f3n de Cascallares y del Municipio para hallar respuestas frente las necesidades del lugar.<\/p>\n<p>El establecimiento atraviesa en la actualidad una profunda crisis econ\u00f3mica originada en el atraso de pagos por parte del Estado Nacional (prestaciones de salud adeudadas, pagos de PAMI y pensiones no contributivas), falta de provisi\u00f3n de medicaci\u00f3n y el retraso en la actualizaci\u00f3n de los aranceles. Adem\u00e1s, no cuenta con recursos para el pago de salarios, una situaci\u00f3n que no solo pone en riesgo las fuentes de trabajo sino la atenci\u00f3n de los residentes del espacio.<\/p>\n<p>Frente a este panorama es fundamental para la instituci\u00f3n, visibilizar la problem\u00e1tica y poder articular acciones con actores institucionales y pol\u00edticos para encontrar soluciones urgentes y sostenibles, ya que la situaci\u00f3n que atraviesan todas las entidades que brindan asistencia a personas con discapacidad- en el marco de la ley 24.901 que regula el sistema de prestaciones b\u00e1sicas-, se ha vuelto cada vez m\u00e1s cr\u00edtica en los \u00faltimos meses.<\/p>\n<p><img loading=\"lazy\" decoding=\"async\" class=\"alignnone size-full wp-image-126317\" src=\"https:\/\/laurbedigital.com.ar\/noticias\/wp-content\/uploads\/2026\/04\/20260427-Cascallares-Don-Orione1.png\" alt=\"\" width=\"768\" height=\"428\" title=\"\" srcset=\"https:\/\/laurbedigital.com.ar\/noticias\/wp-content\/uploads\/2026\/04\/20260427-Cascallares-Don-Orione1.png 768w, https:\/\/laurbedigital.com.ar\/noticias\/wp-content\/uploads\/2026\/04\/20260427-Cascallares-Don-Orione1-300x167.png 300w\" sizes=\"auto, (max-width: 768px) 100vw, 768px\" \/><\/p>\n<p>En ese marco, Cascallares destac\u00f3 la importancia de un trabajo mancomunado para garantizar no solo la continuidad de los servicios que el Cottolengo presta a la comunidad, sino los derechos de sus residentes.<\/p>\n<p>Cabe se\u00f1alar que el Cottolengo brinda atenci\u00f3n y contenci\u00f3n a 400 personas con discapacidad en situaci\u00f3n de vulnerabilidad con una tarea social, sanitaria y de inclusi\u00f3n de gran relevancia. Adem\u00e1s, asisten 100 alumnos a la Escuela Especial y son 30 los concurrentes al Centro Educativo Terap\u00e9utico. Dicho espacio cuenta con un equipo interdisciplinario de profesionales, voluntarios y religiosos que acompa\u00f1an a las personas con discapacidad resguardando sus derechos y fomentando sus potencialidades en pos de mejorar su calidad de vida.<\/p>\n<p>Participaron tambi\u00e9n de la reuni\u00f3n el administrador del Cottolengo, Marcelo Bezeck, y el coordinador t\u00e9cnico, Fernando Montero.<\/p>\n","protected":false},"excerpt":{"rendered":"<p>Del encuentro participaron el presidente del Concejo Deliberante, Nicol\u00e1s Jawtuschenko y la secretaria de Desarrollo Seguridad Social y Derechos Humanos,<\/p>\n","protected":false},"author":1,"featured_media":126316,"comment_status":"closed","ping_status":"closed","sticky":false,"template":"","format":"standard","meta":{"kia_subtitle":"Durante una reuni\u00f3n llevada adelante en el Cottolengo Don Orione de Claypole, Mariano Cascallares se interioriz\u00f3 sobre la cr\u00edtica situaci\u00f3n econ\u00f3mica que atraviesa la instituci\u00f3n browniana que compromete la continuidad de los servicios que presta a la comunidad, producto del ajuste nacional en Salud y Discapacidad.","footnotes":"","jetpack_publicize_message":"","jetpack_publicize_feature_enabled":true,"jetpack_social_post_already_shared":true,"jetpack_social_options":{"image_generator_settings":{"template":"highway","default_image_id":0,"font":"","enabled":false},"version":2}},"categories":[2,33,45],"tags":[],"class_list":["post-126315","post","type-post","status-publish","format-standard","has-post-thumbnail","hentry","category-alte-brown","category-alte-brown-alte-brown","category-claypole"],"jetpack_publicize_connections":[],"jetpack_featured_media_url":"https:\/\/laurbedigital.com.ar\/noticias\/wp-content\/uploads\/2026\/04\/20260427-Cascallares-don-orione.png","_links":{"self":[{"href":"https:\/\/laurbedigital.com.ar\/noticias\/wp-json\/wp\/v2\/posts\/126315","targetHints":{"allow":["GET"]}}],"collection":[{"href":"https:\/\/laurbedigital.com.ar\/noticias\/wp-json\/wp\/v2\/posts"}],"about":[{"href":"https:\/\/laurbedigital.com.ar\/noticias\/wp-json\/wp\/v2\/types\/post"}],"author":[{"embeddable":true,"href":"https:\/\/laurbedigital.com.ar\/noticias\/wp-json\/wp\/v2\/users\/1"}],"replies":[{"embeddable":true,"href":"https:\/\/laurbedigital.com.ar\/noticias\/wp-json\/wp\/v2\/comments?post=126315"}],"version-history":[{"count":1,"href":"https:\/\/laurbedigital.com.ar\/noticias\/wp-json\/wp\/v2\/posts\/126315\/revisions"}],"predecessor-version":[{"id":126318,"href":"https:\/\/laurbedigital.com.ar\/noticias\/wp-json\/wp\/v2\/posts\/126315\/revisions\/126318"}],"wp:featuredmedia":[{"embeddable":true,"href":"https:\/\/laurbedigital.com.ar\/noticias\/wp-json\/wp\/v2\/media\/126316"}],"wp:attachment":[{"href":"https:\/\/laurbedigital.com.ar\/noticias\/wp-json\/wp\/v2\/media?parent=126315"}],"wp:term":[{"taxonomy":"category","embeddable":true,"href":"https:\/\/laurbedigital.com.ar\/noticias\/wp-json\/wp\/v2\/categories?post=126315"},{"taxonomy":"post_tag","embeddable":true,"href":"https:\/\/laurbedigital.com.ar\/noticias\/wp-json\/wp\/v2\/tags?post=126315"}],"curies":[{"name":"wp","href":"https:\/\/api.w.org\/{rel}","templated":true}]}}