{"id":126305,"date":"2026-04-26T05:38:26","date_gmt":"2026-04-26T08:38:26","guid":{"rendered":"https:\/\/laurbedigital.com.ar\/noticias\/?p=126305"},"modified":"2026-04-26T05:38:26","modified_gmt":"2026-04-26T08:38:26","slug":"fuerza-solidaria-otorgo-mas-de-640-millones-en-creditos-a-cooperativas-bonaerenses","status":"publish","type":"post","link":"https:\/\/laurbedigital.com.ar\/noticias\/2026\/04\/26\/fuerza-solidaria-otorgo-mas-de-640-millones-en-creditos-a-cooperativas-bonaerenses\/","title":{"rendered":"Fuerza Solidaria otorg\u00f3 m\u00e1s de $640 millones en cr\u00e9ditos a cooperativas bonaerenses"},"content":{"rendered":"<p data-path-to-node=\"3\">En un contexto econ\u00f3mico marcado por la restricci\u00f3n del cr\u00e9dito y la ca\u00edda de la actividad a nivel federal, el Gobierno de la Provincia de Buenos Aires reafirm\u00f3 su pol\u00edtica de apoyo al sector asociativo. A trav\u00e9s del Fideicomiso <b data-path-to-node=\"3\" data-index-in-node=\"229\">Fuerza Solidaria<\/b>, perteneciente a Provincia Fideicomisos, se destinaron <b data-path-to-node=\"3\" data-index-in-node=\"301\">$641 millones<\/b> en financiamiento exclusivamente para cooperativas y federaciones durante el primer trimestre del a\u00f1o. Esta iniciativa, impulsada bajo la gesti\u00f3n de Axel Kicillof, busca consolidar a la banca p\u00fablica como el principal motor de auxilio para los actores de la econom\u00eda social que quedan fuera del sistema financiero tradicional.<\/p>\n<h4 data-path-to-node=\"4\">Un salvavidas para la econom\u00eda social<\/h4>\n<p data-path-to-node=\"5\">Fuerza Solidaria opera como una herramienta estrat\u00e9gica articulada entre el Ministerio de Desarrollo de la Comunidad y el Banco Provincia. Su funci\u00f3n principal es brindar asistencia t\u00e9cnica y financiera a organizaciones que, por su naturaleza jur\u00eddica o escala, enfrentan barreras insalvables en los bancos comerciales.<\/p>\n<p data-path-to-node=\"6\">El ministro de Desarrollo de la Comunidad, Andr\u00e9s Larroque, subray\u00f3 que el fortalecimiento de estos sectores es vital para contrarrestar el escenario adverso impuesto por las pol\u00edticas nacionales. Seg\u00fan detall\u00f3 el funcionario, durante 2025 y lo que va de 2026, el programa ha logrado diversificar su alcance, llegando no solo a cooperativas de trabajo, sino tambi\u00e9n a clubes sociales, talleres protegidos y centros de prevenci\u00f3n de consumos, instituciones que hist\u00f3ricamente carecieron de acceso a herramientas crediticias formales.<\/p>\n<h4 data-path-to-node=\"7\">Inclusi\u00f3n financiera y tasas competitivas<\/h4>\n<p data-path-to-node=\"8\">Uno de los datos m\u00e1s relevantes del balance trimestral es que m\u00e1s del <b data-path-to-node=\"8\" data-index-in-node=\"70\">80%<\/b> de los cr\u00e9ditos otorgados correspondieron a organizaciones que accedieron a su primer financiamiento. Esto evidencia el car\u00e1cter inclusivo del fideicomiso, que logra incorporar al circuito productivo a entidades que no cumplen con los requisitos excluyentes de la banca privada.<\/p>\n<p data-path-to-node=\"9\">Los pr\u00e9stamos, que promedian entre los <b data-path-to-node=\"9\" data-index-in-node=\"39\">$30 y $40 millones<\/b> (con picos de hasta $70 millones), se estructuraron con plazos de repago que oscilan entre los 24 y 48 meses. Estas condiciones de tasa y tiempo resultan imposibles de hallar en el mercado actual, permitiendo que las cooperativas inviertan en:<\/p>\n<ul data-path-to-node=\"10\">\n<li>\n<p data-path-to-node=\"10,0,0\">Compra de insumos clave para la producci\u00f3n.<\/p>\n<\/li>\n<li>\n<p data-path-to-node=\"10,1,0\">Incorporaci\u00f3n de maquinaria y tecnolog\u00eda.<\/p>\n<\/li>\n<li>\n<p data-path-to-node=\"10,2,0\">Obras de infraestructura y mejora de servicios esenciales.<\/p>\n<\/li>\n<li>\n<p data-path-to-node=\"10,3,0\">Fortalecimiento del capital de trabajo para sostener el empleo.<\/p>\n<\/li>\n<\/ul>\n<h4 data-path-to-node=\"11\">El rol del Estado donde el mercado no llega<\/h4>\n<p data-path-to-node=\"12\">Desde la conducci\u00f3n de Banco Provincia y Provincia Fideicomisos coinciden en que la rentabilidad de estos cr\u00e9ditos no debe medirse solo en t\u00e9rminos financieros, sino en su impacto social. Juan Cuattromo, presidente de la banca p\u00fablica bonaerense, afirm\u00f3 que estos resultados demuestran que el Estado puede estar presente de manera eficiente all\u00ed donde la l\u00f3gica del mercado privado retira su apoyo.<\/p>\n<p data-path-to-node=\"13\">Por su parte, N\u00e9stor Francescangeli, vicepresidente de Provincia Fideicomisos, destac\u00f3 que el diferencial de Fuerza Solidaria radica en el conocimiento territorial. \u00abSe conoce el proyecto y se asume el riesgo porque detr\u00e1s hay familias y comunidades enteras que dependen de eso\u00bb, explic\u00f3, resaltando el uso de garant\u00edas flexibles como la cesi\u00f3n de derechos de cobro y prendas sobre bienes productivos.<\/p>\n<h4 data-path-to-node=\"14\">Beneficiarios del primer trimestre<\/h4>\n<p data-path-to-node=\"15\">Entre las entidades que recibieron financiamiento se encuentran organizaciones de diversos rubros y localidades, como la Federaci\u00f3n de Cooperativas de Trabajo Unidas de Florencio Varela (FECOOTRAUN), la Cooperativa de Luz y Fuerza de Rojas, el Taller Protegido Arcoiris y entidades deportivas como el Club Los Tilos y el Club Sportivo Villa Ballester. Esta variedad de beneficiarios confirma que la pol\u00edtica crediticia provincial apunta a sostener no solo el trabajo industrial, sino tambi\u00e9n el tejido social y deportivo de los municipios bonaerenses.<\/p>\n","protected":false},"excerpt":{"rendered":"<p>En un contexto econ\u00f3mico marcado por la restricci\u00f3n del cr\u00e9dito y la ca\u00edda de la actividad a nivel federal, el<\/p>\n","protected":false},"author":1,"featured_media":126295,"comment_status":"closed","ping_status":"closed","sticky":false,"template":"","format":"standard","meta":{"kia_subtitle":"Durante el primer trimestre de 2026, el fideicomiso provincial financi\u00f3 16 proyectos asociativos con el objetivo de sostener el empleo y la producci\u00f3n frente a la crisis nacional.","footnotes":"","jetpack_publicize_message":"","jetpack_publicize_feature_enabled":true,"jetpack_social_post_already_shared":true,"jetpack_social_options":{"image_generator_settings":{"template":"highway","default_image_id":0,"font":"","enabled":false},"version":2}},"categories":[3,56],"tags":[],"class_list":["post-126305","post","type-post","status-publish","format-standard","has-post-thumbnail","hentry","category-actualidad","category-buenos-aires"],"jetpack_publicize_connections":[],"jetpack_featured_media_url":"https:\/\/laurbedigital.com.ar\/noticias\/wp-content\/uploads\/2026\/04\/20260426-PBA.png","_links":{"self":[{"href":"https:\/\/laurbedigital.com.ar\/noticias\/wp-json\/wp\/v2\/posts\/126305","targetHints":{"allow":["GET"]}}],"collection":[{"href":"https:\/\/laurbedigital.com.ar\/noticias\/wp-json\/wp\/v2\/posts"}],"about":[{"href":"https:\/\/laurbedigital.com.ar\/noticias\/wp-json\/wp\/v2\/types\/post"}],"author":[{"embeddable":true,"href":"https:\/\/laurbedigital.com.ar\/noticias\/wp-json\/wp\/v2\/users\/1"}],"replies":[{"embeddable":true,"href":"https:\/\/laurbedigital.com.ar\/noticias\/wp-json\/wp\/v2\/comments?post=126305"}],"version-history":[{"count":1,"href":"https:\/\/laurbedigital.com.ar\/noticias\/wp-json\/wp\/v2\/posts\/126305\/revisions"}],"predecessor-version":[{"id":126306,"href":"https:\/\/laurbedigital.com.ar\/noticias\/wp-json\/wp\/v2\/posts\/126305\/revisions\/126306"}],"wp:featuredmedia":[{"embeddable":true,"href":"https:\/\/laurbedigital.com.ar\/noticias\/wp-json\/wp\/v2\/media\/126295"}],"wp:attachment":[{"href":"https:\/\/laurbedigital.com.ar\/noticias\/wp-json\/wp\/v2\/media?parent=126305"}],"wp:term":[{"taxonomy":"category","embeddable":true,"href":"https:\/\/laurbedigital.com.ar\/noticias\/wp-json\/wp\/v2\/categories?post=126305"},{"taxonomy":"post_tag","embeddable":true,"href":"https:\/\/laurbedigital.com.ar\/noticias\/wp-json\/wp\/v2\/tags?post=126305"}],"curies":[{"name":"wp","href":"https:\/\/api.w.org\/{rel}","templated":true}]}}